{"id":59426,"date":"2015-06-26T09:25:27","date_gmt":"2015-06-26T12:25:27","guid":{"rendered":"http:\/\/www.eltrabajo.cl\/portal\/?p=59426"},"modified":"2015-06-26T09:25:27","modified_gmt":"2015-06-26T12:25:27","slug":"con-gran-pesar-despiden-a-joven-ingeniera-fallecida-en-accidente-carretero","status":"publish","type":"post","link":"https:\/\/eltrabajo.cl\/portal\/con-gran-pesar-despiden-a-joven-ingeniera-fallecida-en-accidente-carretero\/","title":{"rendered":"Con gran pesar despiden a joven ingeniera fallecida en accidente carretero"},"content":{"rendered":"<figure id=\"attachment_59427\" aria-describedby=\"caption-attachment-59427\" style=\"width: 300px\" class=\"wp-caption alignleft\"><a href=\"https:\/\/i0.wp.com\/www.eltrabajo.cl\/portal\/wp-content\/uploads\/2015\/06\/yasmin4.jpg\"><img data-recalc-dims=\"1\" loading=\"lazy\" decoding=\"async\" class=\"wp-image-59427 size-medium\" src=\"https:\/\/i0.wp.com\/www.eltrabajo.cl\/portal\/wp-content\/uploads\/2015\/06\/yasmin4-300x197.jpg?resize=300%2C197\" alt=\"Yazm\u00edn Villalobos de 32 a\u00f1os falleci\u00f3 la ma\u00f1ana del lunes en un accidente carretero en el camino a la Minera Escondida en la Segunda Regi\u00f3n del pa\u00eds.\" width=\"300\" height=\"197\" srcset=\"https:\/\/i0.wp.com\/eltrabajo.cl\/portal\/wp-content\/uploads\/2015\/06\/yasmin4.jpg?resize=300%2C197&amp;ssl=1 300w, https:\/\/i0.wp.com\/eltrabajo.cl\/portal\/wp-content\/uploads\/2015\/06\/yasmin4.jpg?resize=200%2C131&amp;ssl=1 200w, https:\/\/i0.wp.com\/eltrabajo.cl\/portal\/wp-content\/uploads\/2015\/06\/yasmin4.jpg?resize=228%2C150&amp;ssl=1 228w, https:\/\/i0.wp.com\/eltrabajo.cl\/portal\/wp-content\/uploads\/2015\/06\/yasmin4.jpg?resize=400%2C263&amp;ssl=1 400w, https:\/\/i0.wp.com\/eltrabajo.cl\/portal\/wp-content\/uploads\/2015\/06\/yasmin4.jpg?w=530&amp;ssl=1 530w\" sizes=\"auto, (max-width: 300px) 100vw, 300px\" \/><\/a><figcaption id=\"caption-attachment-59427\" class=\"wp-caption-text\">Yazm\u00edn Villalobos de 32 a\u00f1os falleci\u00f3 la ma\u00f1ana del lunes en un accidente carretero en el camino a la Minera Escondida en la Segunda Regi\u00f3n del pa\u00eds.<\/figcaption><\/figure>\n<ul>\n<li><strong>Joven profesional llevaba ocho meses trabajando para la empresa contratista RYQ<\/strong><\/li>\n<\/ul>\n<p><strong>LOS ANDES.<\/strong>&#8211; Bajo profundas muestras de dolor y pesar se realizaron la tarde del mi\u00e9rcoles los funerales de la joven ingeniera en prevenci\u00f3n de riesgos Yazm\u00edn Carola Villalobos Casta\u00f1era, 32 a\u00f1os, fallecida tr\u00e1gicamente la ma\u00f1ana del lunes en un accidente carretero en el camino a la Minera Escondida en la Segunda Regi\u00f3n del pa\u00eds.<br \/>\nLa ingeniera era soltera y no ten\u00eda hijos. Estudio en la Escuela Gabriela Mistral, el Liceo Comercial de Los Andes y luego se titul\u00f3 en Ingenier\u00eda en<\/p>\n<figure id=\"attachment_59428\" aria-describedby=\"caption-attachment-59428\" style=\"width: 300px\" class=\"wp-caption alignright\"><a href=\"https:\/\/i0.wp.com\/www.eltrabajo.cl\/portal\/wp-content\/uploads\/2015\/06\/yasmin1.jpg\"><img data-recalc-dims=\"1\" loading=\"lazy\" decoding=\"async\" class=\"wp-image-59428 size-medium\" src=\"https:\/\/i0.wp.com\/www.eltrabajo.cl\/portal\/wp-content\/uploads\/2015\/06\/yasmin1-300x197.jpg?resize=300%2C197\" alt=\"Durante el mi\u00e9rcoles, junto a familiares y un centenar de personas, se realizaron las exequias de la joven ingeniera que falleci\u00f3 durante el lunes en un accidente carretero.\" width=\"300\" height=\"197\" srcset=\"https:\/\/i0.wp.com\/eltrabajo.cl\/portal\/wp-content\/uploads\/2015\/06\/yasmin1.jpg?resize=300%2C197&amp;ssl=1 300w, https:\/\/i0.wp.com\/eltrabajo.cl\/portal\/wp-content\/uploads\/2015\/06\/yasmin1.jpg?resize=200%2C131&amp;ssl=1 200w, https:\/\/i0.wp.com\/eltrabajo.cl\/portal\/wp-content\/uploads\/2015\/06\/yasmin1.jpg?resize=228%2C150&amp;ssl=1 228w, https:\/\/i0.wp.com\/eltrabajo.cl\/portal\/wp-content\/uploads\/2015\/06\/yasmin1.jpg?resize=400%2C263&amp;ssl=1 400w, https:\/\/i0.wp.com\/eltrabajo.cl\/portal\/wp-content\/uploads\/2015\/06\/yasmin1.jpg?w=530&amp;ssl=1 530w\" sizes=\"auto, (max-width: 300px) 100vw, 300px\" \/><\/a><figcaption id=\"caption-attachment-59428\" class=\"wp-caption-text\">Durante el mi\u00e9rcoles, junto a familiares y un centenar de personas, se realizaron las exequias de la joven ingeniera que falleci\u00f3 durante el lunes en un accidente carretero.<\/figcaption><\/figure>\n<p>Prevenci\u00f3n de Riesgos en la Universidad Aconcagua, obteniendo el segundo lugar de su promoci\u00f3n.<br \/>\nAl lograr su t\u00edtulo profesional trabaj\u00f3 en algunas empresas de la zona y realiz\u00f3 su pr\u00e1ctica profesional en el Departamento de Medio Ambiente de la Municipalidad de Los Andes.<br \/>\nLa joven llevaba trabajando desde ocho meses en la empresa contratista \u2018RYQ\u2019 que presta servicios en la minera privada.<br \/>\nSu padre, Guillermo Villalobos Gonz\u00e1lez la record\u00f3 emocionado. \u201cUna hija que uno ama, muy buena profesional, noble, honrada, trabajadora, costar\u00e1 mucho sobrellevar su partida, fue un golpe demoledor\u201d, indic\u00f3.<br \/>\nRecord\u00f3 que el pr\u00f3ximo 6 de julio deb\u00eda ingresar a su nuevo trabajo en la Divisi\u00f3n Andina de Codelco, \u201cpor un contrato que le sali\u00f3 a la empresa R&amp;Q, le quedaban solo dos subidas\u201d.<br \/>\nLa misa por el eterno descanso de su alma se realiz\u00f3 en la parroquia de nuestra Se\u00f1ora de la Asunci\u00f3n y sus restos fueron sepultados en el Cementerio Parque La Oraci\u00f3n.<\/p>\n","protected":false},"excerpt":{"rendered":"<p>Joven profesional llevaba ocho meses trabajando para la empresa contratista RYQ LOS ANDES.&#8211; Bajo profundas muestras de dolor y pesar se realizaron la tarde del mi\u00e9rcoles los funerales de la joven ingeniera&#8230;<\/p>\n","protected":false},"author":482,"featured_media":59427,"comment_status":"open","ping_status":"open","sticky":false,"template":"","format":"standard","meta":{"advanced_seo_description":"","jetpack_seo_html_title":"","jetpack_seo_noindex":false,"_jetpack_memberships_contains_paid_content":false,"footnotes":""},"categories":[15],"tags":[],"class_list":["post-59426","post","type-post","status-publish","format-standard","has-post-thumbnail","hentry","category-comunidad"],"jetpack_featured_media_url":"https:\/\/i0.wp.com\/eltrabajo.cl\/portal\/wp-content\/uploads\/2015\/06\/yasmin4.jpg?fit=530%2C348&ssl=1","jetpack_sharing_enabled":true,"jetpack_likes_enabled":true,"jetpack-related-posts":[],"_links":{"self":[{"href":"https:\/\/eltrabajo.cl\/portal\/wp-json\/wp\/v2\/posts\/59426","targetHints":{"allow":["GET"]}}],"collection":[{"href":"https:\/\/eltrabajo.cl\/portal\/wp-json\/wp\/v2\/posts"}],"about":[{"href":"https:\/\/eltrabajo.cl\/portal\/wp-json\/wp\/v2\/types\/post"}],"author":[{"embeddable":true,"href":"https:\/\/eltrabajo.cl\/portal\/wp-json\/wp\/v2\/users\/482"}],"replies":[{"embeddable":true,"href":"https:\/\/eltrabajo.cl\/portal\/wp-json\/wp\/v2\/comments?post=59426"}],"version-history":[{"count":0,"href":"https:\/\/eltrabajo.cl\/portal\/wp-json\/wp\/v2\/posts\/59426\/revisions"}],"wp:featuredmedia":[{"embeddable":true,"href":"https:\/\/eltrabajo.cl\/portal\/wp-json\/wp\/v2\/media\/59427"}],"wp:attachment":[{"href":"https:\/\/eltrabajo.cl\/portal\/wp-json\/wp\/v2\/media?parent=59426"}],"wp:term":[{"taxonomy":"category","embeddable":true,"href":"https:\/\/eltrabajo.cl\/portal\/wp-json\/wp\/v2\/categories?post=59426"},{"taxonomy":"post_tag","embeddable":true,"href":"https:\/\/eltrabajo.cl\/portal\/wp-json\/wp\/v2\/tags?post=59426"}],"curies":[{"name":"wp","href":"https:\/\/api.w.org\/{rel}","templated":true}]}}