{"id":5943,"date":"2011-11-10T08:46:15","date_gmt":"2011-11-10T12:46:15","guid":{"rendered":"http:\/\/www.eltrabajo.cl\/portal\/?p=5943"},"modified":"2011-11-10T08:46:16","modified_gmt":"2011-11-10T12:46:16","slug":"denuncian-hostigamiento-del-alcalde-de-san-esteban-en-contra-de-profesores","status":"publish","type":"post","link":"https:\/\/eltrabajo.cl\/portal\/denuncian-hostigamiento-del-alcalde-de-san-esteban-en-contra-de-profesores\/","title":{"rendered":"Denuncian hostigamiento del alcalde de San Esteban en contra de profesores"},"content":{"rendered":"<figure id=\"attachment_5944\" aria-describedby=\"caption-attachment-5944\" style=\"width: 600px\" class=\"wp-caption alignnone\"><a href=\"http:\/\/www.eltrabajo.cl\/portal\/archives\/5943\/profes-seremieducacion\" rel=\"attachment wp-att-5944\"><img data-recalc-dims=\"1\" loading=\"lazy\" decoding=\"async\" class=\"size-full wp-image-5944\" title=\"profes-seremieducacion\" src=\"https:\/\/i0.wp.com\/www.eltrabajo.cl\/portal\/wp-content\/uploads\/2011\/11\/profes-seremieducacion.jpg?resize=600%2C450\" alt=\"\" width=\"600\" height=\"450\" srcset=\"https:\/\/i0.wp.com\/eltrabajo.cl\/portal\/wp-content\/uploads\/2011\/11\/profes-seremieducacion.jpg?w=600&amp;ssl=1 600w, https:\/\/i0.wp.com\/eltrabajo.cl\/portal\/wp-content\/uploads\/2011\/11\/profes-seremieducacion.jpg?resize=200%2C150&amp;ssl=1 200w, https:\/\/i0.wp.com\/eltrabajo.cl\/portal\/wp-content\/uploads\/2011\/11\/profes-seremieducacion.jpg?resize=300%2C225&amp;ssl=1 300w, https:\/\/i0.wp.com\/eltrabajo.cl\/portal\/wp-content\/uploads\/2011\/11\/profes-seremieducacion.jpg?resize=150%2C112&amp;ssl=1 150w, https:\/\/i0.wp.com\/eltrabajo.cl\/portal\/wp-content\/uploads\/2011\/11\/profes-seremieducacion.jpg?resize=400%2C300&amp;ssl=1 400w\" sizes=\"auto, (max-width: 600px) 100vw, 600px\" \/><\/a><figcaption id=\"caption-attachment-5944\" class=\"wp-caption-text\">Dirigentes del Colegio de Profesores de Los Andes se reunieron con autoridades de la educaci\u00f3n para denunciar la situaci\u00f3n.<\/figcaption><\/figure>\n<p><strong>SAN ESTEBAN.-<\/strong> Una denuncia por hostigamiento laboral y malos tratos efectuaron dirigentes del Colegio de Profesores de Los Andes en contra del alcalde de San Esteban, Ren\u00e9 Mardones, a ra\u00edz de la exigencia de los docentes para la cancelaci\u00f3n del bono SAE.<\/p>\n<p>Al respecto, el Presidente Provincial del Colegio de Profesores, Alexis Cuevas, dijo que se reunieron con la Seremi de Educaci\u00f3n, Patricia Colarte, y el Director Provincial de Educaci\u00f3n, Rosalindo Gonz\u00e1lez, a fin de denunciar estos hechos que atentan contra la dignidad de los profesores.<\/p>\n<p>Cuevas indic\u00f3 que el problema se origin\u00f3 luego que el gremio presentara una demanda en contra de los municipios de Los Andes, Calle Larga y San Esteban para el pago de este bono.<\/p>\n<p>\u00abLos tres alcaldes entendieron que esta demanda no era un ataque personal en contra de ellos, sino se buscaba el pago que en derecho corresponde a los profesores y los ediles lo entendieron as\u00ed\u00bb, afirm\u00f3.<\/p>\n<p>Sin embargo, aclar\u00f3 Cuevas, el alcalde de San Esteban tom\u00f3 esta situaci\u00f3n como un ataque personal hacia su gesti\u00f3n y comenz\u00f3 un proceso de hostigamiento en contra de los profesores de la comuna que firmaron esta demanda.<\/p>\n<p>\u00abNosotros estamos ejerciendo nuestro derecho como trabajadores y en ning\u00fan caso es un ataque de tipo personal ni mucho menos\u00bb, expres\u00f3 el dirigente de los profesores.<\/p>\n<p>Agreg\u00f3 que ello llev\u00f3 al edil de San Esteban a realizar presiones y malos tratos verbales en contra de los profesores, adem\u00e1s de amenazar con despidos y crear listas negras para que los docentes no puedan ascender en grados ni acceder a cr\u00e9ditos.<\/p>\n<p>\u00ab\u00c9l ha tenido un ataque artero hacia nosotros y con amenazas de despidos a los dirigentes. Nosotros hicimos la denuncia pertinente porque es absolutamente ilegal lo que est\u00e1 ocurriendo y por ello pusimos al tanto de los antecedentes a la Seremi de Educaci\u00f3n\u00bb, detall\u00f3.<\/p>\n<p>Al mismo tiempo, manifest\u00f3 que har\u00e1n una presentaci\u00f3n a la Inspecci\u00f3n del Trabajo por hostigamiento laboral a fin de que tome cartas en el asunto.<\/p>\n<p>El dirigente asegur\u00f3 que cuentan con el respaldo de la Seremi Patricia Colarte, quien consider\u00f3 inaceptable la postura del edil, \u00aby como Ministerio de Educaci\u00f3n nos asegur\u00f3 que no entregar\u00e1n dinero al municipio para pagar indemnizaciones por eventuales despidos a causa de esta situaci\u00f3n\u00bb.<\/p>\n<p>Alexis Cuevas plante\u00f3 que en reiteradas ocasiones han llamado a la cordura al alcalde Mardones, \u00abpero lamentablemente \u00e9l no quiere escuchar y ah\u00ed no tenemos nada m\u00e1s que hacer\u00bb.<\/p>\n","protected":false},"excerpt":{"rendered":"<p>SAN ESTEBAN.- Una denuncia por hostigamiento laboral y malos tratos efectuaron dirigentes del Colegio de Profesores de Los Andes en contra del alcalde de San Esteban, Ren\u00e9 Mardones, a ra\u00edz de la&#8230;<\/p>\n","protected":false},"author":482,"featured_media":5944,"comment_status":"open","ping_status":"open","sticky":false,"template":"","format":"standard","meta":{"advanced_seo_description":"","jetpack_seo_html_title":"","jetpack_seo_noindex":false,"_jetpack_memberships_contains_paid_content":false,"footnotes":""},"categories":[15],"tags":[],"class_list":["post-5943","post","type-post","status-publish","format-standard","has-post-thumbnail","hentry","category-comunidad"],"jetpack_featured_media_url":"https:\/\/i0.wp.com\/eltrabajo.cl\/portal\/wp-content\/uploads\/2011\/11\/profes-seremieducacion.jpg?fit=600%2C450&ssl=1","jetpack_sharing_enabled":true,"jetpack_likes_enabled":true,"jetpack-related-posts":[],"_links":{"self":[{"href":"https:\/\/eltrabajo.cl\/portal\/wp-json\/wp\/v2\/posts\/5943","targetHints":{"allow":["GET"]}}],"collection":[{"href":"https:\/\/eltrabajo.cl\/portal\/wp-json\/wp\/v2\/posts"}],"about":[{"href":"https:\/\/eltrabajo.cl\/portal\/wp-json\/wp\/v2\/types\/post"}],"author":[{"embeddable":true,"href":"https:\/\/eltrabajo.cl\/portal\/wp-json\/wp\/v2\/users\/482"}],"replies":[{"embeddable":true,"href":"https:\/\/eltrabajo.cl\/portal\/wp-json\/wp\/v2\/comments?post=5943"}],"version-history":[{"count":0,"href":"https:\/\/eltrabajo.cl\/portal\/wp-json\/wp\/v2\/posts\/5943\/revisions"}],"wp:featuredmedia":[{"embeddable":true,"href":"https:\/\/eltrabajo.cl\/portal\/wp-json\/wp\/v2\/media\/5944"}],"wp:attachment":[{"href":"https:\/\/eltrabajo.cl\/portal\/wp-json\/wp\/v2\/media?parent=5943"}],"wp:term":[{"taxonomy":"category","embeddable":true,"href":"https:\/\/eltrabajo.cl\/portal\/wp-json\/wp\/v2\/categories?post=5943"},{"taxonomy":"post_tag","embeddable":true,"href":"https:\/\/eltrabajo.cl\/portal\/wp-json\/wp\/v2\/tags?post=5943"}],"curies":[{"name":"wp","href":"https:\/\/api.w.org\/{rel}","templated":true}]}}