{"id":59430,"date":"2015-06-26T09:26:34","date_gmt":"2015-06-26T12:26:34","guid":{"rendered":"http:\/\/www.eltrabajo.cl\/portal\/?p=59430"},"modified":"2015-06-26T09:26:34","modified_gmt":"2015-06-26T12:26:34","slug":"agrupacion-huillimapu-akunkawa-celebra-dia-de-pueblos-indigenas-y-ano-nuevo-mapuche","status":"publish","type":"post","link":"https:\/\/eltrabajo.cl\/portal\/agrupacion-huillimapu-akunkawa-celebra-dia-de-pueblos-indigenas-y-ano-nuevo-mapuche\/","title":{"rendered":"Agrupaci\u00f3n Huillimapu Akunkawa celebra d\u00eda de Pueblos Ind\u00edgenas y a\u00f1o nuevo Mapuche"},"content":{"rendered":"<figure id=\"attachment_59431\" aria-describedby=\"caption-attachment-59431\" style=\"width: 300px\" class=\"wp-caption alignleft\"><a href=\"https:\/\/i0.wp.com\/www.eltrabajo.cl\/portal\/wp-content\/uploads\/2015\/06\/Ano-nuevo-mapuche.jpg\"><img data-recalc-dims=\"1\" loading=\"lazy\" decoding=\"async\" class=\"wp-image-59431 size-medium\" src=\"https:\/\/i0.wp.com\/www.eltrabajo.cl\/portal\/wp-content\/uploads\/2015\/06\/Ano-nuevo-mapuche-300x198.jpg?resize=300%2C198\" alt=\"La Agrupaci\u00f3n Huillimapu Akunkawa junto al Jard\u00edn Infantil \u00c1baco de San Esteban, conmemoraron festividades del D\u00eda Nacional de Pueblos Ind\u00edgenas y a\u00f1o nuevo Mapuche. (Foto B\u00e1rbara Rojas Miranda).\" width=\"300\" height=\"198\" srcset=\"https:\/\/i0.wp.com\/eltrabajo.cl\/portal\/wp-content\/uploads\/2015\/06\/Ano-nuevo-mapuche.jpg?resize=300%2C198&amp;ssl=1 300w, https:\/\/i0.wp.com\/eltrabajo.cl\/portal\/wp-content\/uploads\/2015\/06\/Ano-nuevo-mapuche.jpg?resize=200%2C132&amp;ssl=1 200w, https:\/\/i0.wp.com\/eltrabajo.cl\/portal\/wp-content\/uploads\/2015\/06\/Ano-nuevo-mapuche.jpg?resize=228%2C150&amp;ssl=1 228w, https:\/\/i0.wp.com\/eltrabajo.cl\/portal\/wp-content\/uploads\/2015\/06\/Ano-nuevo-mapuche.jpg?resize=400%2C263&amp;ssl=1 400w, https:\/\/i0.wp.com\/eltrabajo.cl\/portal\/wp-content\/uploads\/2015\/06\/Ano-nuevo-mapuche.jpg?w=530&amp;ssl=1 530w\" sizes=\"auto, (max-width: 300px) 100vw, 300px\" \/><\/a><figcaption id=\"caption-attachment-59431\" class=\"wp-caption-text\">La Agrupaci\u00f3n Huillimapu Akunkawa junto al Jard\u00edn Infantil \u00c1baco de San Esteban, conmemoraron festividades del D\u00eda Nacional de Pueblos Ind\u00edgenas y a\u00f1o nuevo Mapuche. (Foto B\u00e1rbara Rojas Miranda).<\/figcaption><\/figure>\n<p><strong>SAN ESTEBAN<\/strong>.- Con motivo del D\u00eda Nacional de los Pueblos Originarios y El A\u00f1o Nuevo Mapuche (W\u00eb\u00f1oy Tripant\u00fc \u00f3 Wi\u00f1ol Tripant\u00fc), la Agrupaci\u00f3n Huillimapu Akunkawa, en conjunto con el Jard\u00edn Infantil \u00c1baco de la comuna de San Esteban, se reunieron junto a sus apoderados, para conmemorar estas festividades y ense\u00f1ar a los ni\u00f1os su importancia, ocasi\u00f3n en compartieron comidas y bebidas tradicionales mapuche.<br \/>\nAl respecto, Juan \u2018Epumaki\u2019 Alfaro, Futa Kimche (Sabio anciano) de la Agrupaci\u00f3n Huillimapu nos dijo que \u201cDe generaci\u00f3n en generaci\u00f3n se ha ense\u00f1ado en todas nuestras comunidades ind\u00edgenas que el 21 de junio (solsticio de invierno) Cha Chao (Padre Dios) renueva todas las fuerzas de la naturaleza y derrama toda su protecci\u00f3n sobre sus hijas e hijos, por lo tanto, para los mapuches dichas manifestaciones y signos tel\u00faricos concretos est\u00e1n presente en el universo y en la Tierra y la cultura mapuche (y tambi\u00e9n los otros pueblos originarios de Latinoam\u00e9rica), recuerdan ese acontecimiento cosmol\u00f3gico y marca un hito de t\u00e9rmino e inicio de un a\u00f1o, por lo tanto, todos se congregan para dar gracias por la vida y realizar plegarias y rogativas para el nuevo ciclo que se inicia en la noche del 21 de junio. Hoy estamos aqu\u00ed junto a los ni\u00f1os y apoderados del Jard\u00edn Infantil \u00c1baco demostrando la importancia que tiene la interculturalidad y el compartir sin discriminaci\u00f3n, pues estos son valores que se deben ense\u00f1ar desde la m\u00e1s tierna edad\u201d.<br \/>\nPor su parte Alejandra Riquelme Tamaya, descendiente de Diaguitas, Secretaria de la Agrupaci\u00f3n Ind\u00edgena Diaguita \u2018Lucila Godoy Alcayaga\u2019 y T\u00eda educadora de dicho jard\u00edn, manifest\u00f3 que \u201cla educaci\u00f3n intercultural debe ser una obligaci\u00f3n del estado chileno y ello permite que nuestros ni\u00f1os aprendan a ser tolerantes y a aceptar las culturas diferentes, pues un pa\u00eds se desarrolla y crece con el aporte de todos sus miembros y sobre todo de nuestros Pueblos originarios que tienen un c\u00famulo de cultura e informaci\u00f3n de la cual debemos aprender, no olvidemos que el primer Premio Nobel de Literatura que tuvo Chile vino de mano de una mestiza ind\u00edgena, Gabriela Mistral, que era descendiente del clan diaguita Huanchicay del Valle del Elqui, condici\u00f3n que ella nunca neg\u00f3\u201d.<br \/>\nEduardo Torres Guti\u00e9rrez, Psic\u00f3logo y asesor en temas ind\u00edgenas de la Agrupaci\u00f3n Huillimapu, indic\u00f3 que: \u201cEl estado chileno tiene una gran deuda pendiente con todos los Pubelos Originarios en Chile, por eso seguimos reivindicando y exigiendo el cumplimiento de los Derechos de Los Pueblos Originarios as\u00ed como exigir justicia, autonom\u00eda y libertad para todos los Pueblos Originarios existentes en Chile, por eso ninguno de nosotros, descendientes de ind\u00edgenas descans\u00e1remos en esta tarea que de tolerancia y respeto frente a la Pluriculturalidad. De nada sirven los homenajes y las buenas palabras de las autoridades si los Pueblos Ind\u00edgenas siguen siendo los m\u00e1s pobres entre los pobres de este pa\u00eds, de nada sirven los izamientos de banderas mapuche en los edificios p\u00fablicos si seguimos siendo marginados y excluidos, por lo tanto, hay una deuda pendiente\u201d.<br \/>\nDe esta forma las comunidades ind\u00edgenas del Valle de Aconcagua dieron inicio as\u00ed a un nuevo tiempo y por eso la Agrupaci\u00f3n Huillimapu Akunkawa y sus familias ind\u00edgenas celebraron durante el 24 de junio el d\u00eda nacional de Los Pueblos Ind\u00edgenas junto al Jard\u00edn Infantil \u00c1baco de San Esteban, Las festividades concluir\u00e1n con un Gran Encuentro de todas las comunidades del Valle de Aconcagua en la Ruka Mapuche de Santa Mar\u00eda de la Comunidad Mapuche Pewenche de dicha comuna.<\/p>\n","protected":false},"excerpt":{"rendered":"<p>SAN ESTEBAN.- Con motivo del D\u00eda Nacional de los Pueblos Originarios y El A\u00f1o Nuevo Mapuche (W\u00eb\u00f1oy Tripant\u00fc \u00f3 Wi\u00f1ol Tripant\u00fc), la Agrupaci\u00f3n Huillimapu Akunkawa, en conjunto con el Jard\u00edn Infantil \u00c1baco&#8230;<\/p>\n","protected":false},"author":482,"featured_media":59431,"comment_status":"open","ping_status":"open","sticky":false,"template":"","format":"standard","meta":{"advanced_seo_description":"","jetpack_seo_html_title":"","jetpack_seo_noindex":false,"_jetpack_memberships_contains_paid_content":false,"footnotes":""},"categories":[15],"tags":[],"class_list":["post-59430","post","type-post","status-publish","format-standard","has-post-thumbnail","hentry","category-comunidad"],"jetpack_featured_media_url":"https:\/\/i0.wp.com\/eltrabajo.cl\/portal\/wp-content\/uploads\/2015\/06\/Ano-nuevo-mapuche.jpg?fit=530%2C349&ssl=1","jetpack_sharing_enabled":true,"jetpack_likes_enabled":true,"jetpack-related-posts":[],"_links":{"self":[{"href":"https:\/\/eltrabajo.cl\/portal\/wp-json\/wp\/v2\/posts\/59430","targetHints":{"allow":["GET"]}}],"collection":[{"href":"https:\/\/eltrabajo.cl\/portal\/wp-json\/wp\/v2\/posts"}],"about":[{"href":"https:\/\/eltrabajo.cl\/portal\/wp-json\/wp\/v2\/types\/post"}],"author":[{"embeddable":true,"href":"https:\/\/eltrabajo.cl\/portal\/wp-json\/wp\/v2\/users\/482"}],"replies":[{"embeddable":true,"href":"https:\/\/eltrabajo.cl\/portal\/wp-json\/wp\/v2\/comments?post=59430"}],"version-history":[{"count":0,"href":"https:\/\/eltrabajo.cl\/portal\/wp-json\/wp\/v2\/posts\/59430\/revisions"}],"wp:featuredmedia":[{"embeddable":true,"href":"https:\/\/eltrabajo.cl\/portal\/wp-json\/wp\/v2\/media\/59431"}],"wp:attachment":[{"href":"https:\/\/eltrabajo.cl\/portal\/wp-json\/wp\/v2\/media?parent=59430"}],"wp:term":[{"taxonomy":"category","embeddable":true,"href":"https:\/\/eltrabajo.cl\/portal\/wp-json\/wp\/v2\/categories?post=59430"},{"taxonomy":"post_tag","embeddable":true,"href":"https:\/\/eltrabajo.cl\/portal\/wp-json\/wp\/v2\/tags?post=59430"}],"curies":[{"name":"wp","href":"https:\/\/api.w.org\/{rel}","templated":true}]}}