{"id":59433,"date":"2015-06-26T09:28:02","date_gmt":"2015-06-26T12:28:02","guid":{"rendered":"http:\/\/www.eltrabajo.cl\/portal\/?p=59433"},"modified":"2015-06-26T09:28:02","modified_gmt":"2015-06-26T12:28:02","slug":"realizan-fiesta-del-running-este-domingo-en-san-felipe","status":"publish","type":"post","link":"https:\/\/eltrabajo.cl\/portal\/realizan-fiesta-del-running-este-domingo-en-san-felipe\/","title":{"rendered":"Realizan Fiesta del Running este domingo en San Felipe"},"content":{"rendered":"<figure id=\"attachment_59434\" aria-describedby=\"caption-attachment-59434\" style=\"width: 300px\" class=\"wp-caption alignleft\"><a href=\"https:\/\/i0.wp.com\/www.eltrabajo.cl\/portal\/wp-content\/uploads\/2015\/06\/corrida1.jpg\"><img data-recalc-dims=\"1\" loading=\"lazy\" decoding=\"async\" class=\"wp-image-59434 size-medium\" src=\"https:\/\/i0.wp.com\/www.eltrabajo.cl\/portal\/wp-content\/uploads\/2015\/06\/corrida1-300x198.jpg?resize=300%2C198\" alt=\"La corrida familiar que se realizar\u00e1 este domingo en la comuna de San Felipe a partir de las 10 horas, la que considera tres distancias seg\u00fan el nivel del corredor: 2k, 5k y 10k.\" width=\"300\" height=\"198\" srcset=\"https:\/\/i0.wp.com\/eltrabajo.cl\/portal\/wp-content\/uploads\/2015\/06\/corrida1.jpg?resize=300%2C198&amp;ssl=1 300w, https:\/\/i0.wp.com\/eltrabajo.cl\/portal\/wp-content\/uploads\/2015\/06\/corrida1.jpg?resize=200%2C132&amp;ssl=1 200w, https:\/\/i0.wp.com\/eltrabajo.cl\/portal\/wp-content\/uploads\/2015\/06\/corrida1.jpg?resize=228%2C150&amp;ssl=1 228w, https:\/\/i0.wp.com\/eltrabajo.cl\/portal\/wp-content\/uploads\/2015\/06\/corrida1.jpg?resize=400%2C263&amp;ssl=1 400w, https:\/\/i0.wp.com\/eltrabajo.cl\/portal\/wp-content\/uploads\/2015\/06\/corrida1.jpg?w=530&amp;ssl=1 530w\" sizes=\"auto, (max-width: 300px) 100vw, 300px\" \/><\/a><figcaption id=\"caption-attachment-59434\" class=\"wp-caption-text\">La corrida familiar que se realizar\u00e1 este domingo en la comuna de San Felipe a partir de las 10 horas, la que considera tres distancias seg\u00fan el nivel del corredor: 2k, 5k y 10k.<\/figcaption><\/figure>\n<p>Corrida familiar \u2018San Felipe con todas y todas\u2019 se realizar\u00e1 a partir de las 10.00 horas; mientras que hoy viernes se realizar\u00e1 Feria de la Prevenci\u00f3n y una clase abierta de zumba, a cargo del instructor Pablo Osorio.<br \/>\nUna fiesta del running en San Felipe ser\u00e1 la corrida familiar que se realizar\u00e1 este domingo en la comuna de San Felipe, una actividad que se enmarca dentro de la pol\u00edtica del alcalde Patricio Freire para favorecer el deporte y la vida saludable y que cuenta con el apoyo del Gobierno Regional, que asign\u00f3 recursos para financiar un total de cuatro actividades de este tipo para los pr\u00f3ximos meses.<br \/>\nSeg\u00fan la informaci\u00f3n entregada por Danilo Pe\u00f1a, encargado del departamento de Deportes del municipio, hasta el momento ya registran m\u00e1s de 230 inscritos y en esta oportunidad est\u00e1 contemplado que las inscripciones se realicen hasta el domingo, previo a la actividad.<br \/>\nA partir de las 10 horas, se dar\u00e1 la largada a esta corrida que considera tres distancias seg\u00fan el nivel del corredor: 2k, 5k y 10k, en donde cada una tendr\u00e1 est\u00edmulos y premios dependiendo de las edades de los participantes. De la misma manera, est\u00e1 considerada una categor\u00eda para personas con capacidades diferentes, favoreciendo de esta forma la inclusi\u00f3n.<br \/>\nComo es habitual, la actividad cuenta con el respaldo de Carabineros, que apoyar\u00e1 en la seguridad y en los cortes de tr\u00e1nsito dispuestos con motivo de la realizaci\u00f3n de la corrida; as\u00ed como de 32 j\u00f3venes que participar\u00e1n como bandereros, as\u00ed como de personal de salud y de los distintos equipos municipales, a objeto de favorecer el buen desarrollo de la iniciativa.<br \/>\n<strong>ZUMBA EN LA TERRAZA<\/strong><br \/>\nSiempre en la idea de generar instancias de participaci\u00f3n y de sensibilizaci\u00f3n en torno a estilos de vida saludable, este viernes se realizar\u00e1 a partir de las 10 horas una entretenida actividad en la Terraza de la Plaza de Armas.<br \/>\nSe trata de una clase de zumba, a cargo del conocido instructor sanfelipe\u00f1o Pablo Osorio, que tiene contemplada una entretenida instancia para todo el p\u00fablico.<br \/>\nEn torno a la plaza, se realizar\u00e1 este viernes tambi\u00e9n una feria saludable, donde se tiene considerado conmemorar el D\u00eda de la Prevenci\u00f3n del Consumo de Drogas.<\/p>\n","protected":false},"excerpt":{"rendered":"<p>Corrida familiar \u2018San Felipe con todas y todas\u2019 se realizar\u00e1 a partir de las 10.00 horas; mientras que hoy viernes se realizar\u00e1 Feria de la Prevenci\u00f3n y una clase abierta de zumba,&#8230;<\/p>\n","protected":false},"author":482,"featured_media":59434,"comment_status":"open","ping_status":"open","sticky":false,"template":"","format":"standard","meta":{"advanced_seo_description":"","jetpack_seo_html_title":"","jetpack_seo_noindex":false,"_jetpack_memberships_contains_paid_content":false,"footnotes":""},"categories":[15],"tags":[],"class_list":["post-59433","post","type-post","status-publish","format-standard","has-post-thumbnail","hentry","category-comunidad"],"jetpack_featured_media_url":"https:\/\/i0.wp.com\/eltrabajo.cl\/portal\/wp-content\/uploads\/2015\/06\/corrida1.jpg?fit=530%2C349&ssl=1","jetpack_sharing_enabled":true,"jetpack_likes_enabled":true,"jetpack-related-posts":[],"_links":{"self":[{"href":"https:\/\/eltrabajo.cl\/portal\/wp-json\/wp\/v2\/posts\/59433","targetHints":{"allow":["GET"]}}],"collection":[{"href":"https:\/\/eltrabajo.cl\/portal\/wp-json\/wp\/v2\/posts"}],"about":[{"href":"https:\/\/eltrabajo.cl\/portal\/wp-json\/wp\/v2\/types\/post"}],"author":[{"embeddable":true,"href":"https:\/\/eltrabajo.cl\/portal\/wp-json\/wp\/v2\/users\/482"}],"replies":[{"embeddable":true,"href":"https:\/\/eltrabajo.cl\/portal\/wp-json\/wp\/v2\/comments?post=59433"}],"version-history":[{"count":0,"href":"https:\/\/eltrabajo.cl\/portal\/wp-json\/wp\/v2\/posts\/59433\/revisions"}],"wp:featuredmedia":[{"embeddable":true,"href":"https:\/\/eltrabajo.cl\/portal\/wp-json\/wp\/v2\/media\/59434"}],"wp:attachment":[{"href":"https:\/\/eltrabajo.cl\/portal\/wp-json\/wp\/v2\/media?parent=59433"}],"wp:term":[{"taxonomy":"category","embeddable":true,"href":"https:\/\/eltrabajo.cl\/portal\/wp-json\/wp\/v2\/categories?post=59433"},{"taxonomy":"post_tag","embeddable":true,"href":"https:\/\/eltrabajo.cl\/portal\/wp-json\/wp\/v2\/tags?post=59433"}],"curies":[{"name":"wp","href":"https:\/\/api.w.org\/{rel}","templated":true}]}}