{"id":59448,"date":"2015-06-26T09:36:14","date_gmt":"2015-06-26T12:36:14","guid":{"rendered":"http:\/\/www.eltrabajo.cl\/portal\/?p=59448"},"modified":"2015-06-26T09:36:14","modified_gmt":"2015-06-26T12:36:14","slug":"con-graves-fracturas-resulto-carabinero-al-ser-atropellado-por-camion","status":"publish","type":"post","link":"https:\/\/eltrabajo.cl\/portal\/con-graves-fracturas-resulto-carabinero-al-ser-atropellado-por-camion\/","title":{"rendered":"Con graves fracturas result\u00f3 carabinero al ser atropellado por cami\u00f3n"},"content":{"rendered":"<figure id=\"attachment_59449\" aria-describedby=\"caption-attachment-59449\" style=\"width: 300px\" class=\"wp-caption alignleft\"><a href=\"https:\/\/i0.wp.com\/www.eltrabajo.cl\/portal\/wp-content\/uploads\/2015\/06\/Carabinero-Atropellado.jpg\"><img data-recalc-dims=\"1\" loading=\"lazy\" decoding=\"async\" class=\"wp-image-59449 size-medium\" src=\"https:\/\/i0.wp.com\/www.eltrabajo.cl\/portal\/wp-content\/uploads\/2015\/06\/Carabinero-Atropellado-300x199.jpg?resize=300%2C199\" alt=\"El Cabo de Carabineros result\u00f3 con graves lesiones en su cuerpo tras ser impactado con el espejo de un cami\u00f3n que circulaba por la Ruta 60 CH en direcci\u00f3n a San Felipe la tarde de ayer jueves.\" width=\"300\" height=\"199\" srcset=\"https:\/\/i0.wp.com\/eltrabajo.cl\/portal\/wp-content\/uploads\/2015\/06\/Carabinero-Atropellado.jpg?resize=300%2C199&amp;ssl=1 300w, https:\/\/i0.wp.com\/eltrabajo.cl\/portal\/wp-content\/uploads\/2015\/06\/Carabinero-Atropellado.jpg?resize=200%2C133&amp;ssl=1 200w, https:\/\/i0.wp.com\/eltrabajo.cl\/portal\/wp-content\/uploads\/2015\/06\/Carabinero-Atropellado.jpg?resize=226%2C150&amp;ssl=1 226w, https:\/\/i0.wp.com\/eltrabajo.cl\/portal\/wp-content\/uploads\/2015\/06\/Carabinero-Atropellado.jpg?resize=400%2C265&amp;ssl=1 400w, https:\/\/i0.wp.com\/eltrabajo.cl\/portal\/wp-content\/uploads\/2015\/06\/Carabinero-Atropellado.jpg?w=528&amp;ssl=1 528w\" sizes=\"auto, (max-width: 300px) 100vw, 300px\" \/><\/a><figcaption id=\"caption-attachment-59449\" class=\"wp-caption-text\">El Cabo de Carabineros result\u00f3 con graves lesiones en su cuerpo tras ser impactado con el espejo de un cami\u00f3n que circulaba por la Ruta 60 CH en direcci\u00f3n a San Felipe la tarde de ayer jueves.<\/figcaption><\/figure>\n<ul>\n<li><strong>Cabo 1\u00ba de Carabineros Julio Fuentes Becerra, debi\u00f3 ser trasladado de urgencias hasta el hospital institucional en Santiago para ser intervenido quir\u00fargicamente en su mu\u00f1eca que result\u00f3 fracturada, al igual que su nariz, adem\u00e1s de contusiones graves. El conductor del cami\u00f3n qued\u00f3 en libertad a la espera de citaci\u00f3n de la Fiscal\u00eda.<\/strong><\/li>\n<\/ul>\n<p>Con fractura nasal y de mu\u00f1eca, adem\u00e1s de diversas contusiones en su cuerpo, result\u00f3 el Cabo 1\u00ba de Carabineros Julio C\u00e9sar Fuentes Becerra luego de ser golpeado con el espejo retrovisor de un cami\u00f3n que se desplazaba por la Ruta 60 CH en la comuna de Panquehue. El veh\u00edculo atropell\u00f3 al funcionario de Carabineros, debiendo ser trasladado de urgencias hasta el Hospital institucional en Santiago.<br \/>\nLos hechos ocurrieron a eso de las 14:30 horas de ayer jueves, cuando el funcionario de Carabineros se encontraba practicando controles vehiculares especiales ante el aumento del flujo de turistas por la Copa Am\u00e9rica, que se desplazaban por la ruta 60Ch con calle Antofagasta de la comuna de Panquehue. En esas circunstancias, fue impactado por el conductor de un cami\u00f3n que no habr\u00eda advertido la presencia del funcionario, el que se encontraba al costado de la calzada aconsejando a la conductora de otro veh\u00edculo.<br \/>\nA ra\u00edz del impacto con el espejo retrovisor del cami\u00f3n, el Cabo de Carabineros cay\u00f3 violentamente al suelo, resultando con fracturas en la nariz y en su mu\u00f1eca derecha, adem\u00e1s de otras contusiones de car\u00e1cter grave. Al accidente debieron concurrir personal de Bomberos y la Unidad de Urgencias del Samu para trasladar al herido hasta la Unidad de Traumatolog\u00eda del Hospital San Juan de Dios de Los Andes para recibir los primeros auxilios.<br \/>\nEl conductor del cami\u00f3n fue controlado por otros funcionarios de Carabineros descubriendo que lo hac\u00eda en estado normal de intemperancia, relatando a los efectivos policiales que no advirti\u00f3 la presencia del funcionario que result\u00f3 gravemente lesionado.<br \/>\nPor disposici\u00f3n del Fiscal de turno, el chofer del m\u00f3vil qued\u00f3 a la espera de citaci\u00f3n del Ministerio P\u00fablico.<br \/>\nLa Comisario de Carabineros, Mayor Maureen Espinoza, inform\u00f3 a Diario El Trabajo que el funcionario policial debi\u00f3 ser trasladado de urgencia hasta la Unidad de Traumatolog\u00eda de Los Andes y fue posteriormente derivado hasta el Hospital de Carabineros en Santiago para intervenir quir\u00fargicamente sus lesiones.<br \/>\n<strong>Pablo Salinas Sald\u00edas<\/strong><\/p>\n","protected":false},"excerpt":{"rendered":"<p>Cabo 1\u00ba de Carabineros Julio Fuentes Becerra, debi\u00f3 ser trasladado de urgencias hasta el hospital institucional en Santiago para ser intervenido quir\u00fargicamente en su mu\u00f1eca que result\u00f3 fracturada, al igual que su&#8230;<\/p>\n","protected":false},"author":482,"featured_media":59449,"comment_status":"open","ping_status":"open","sticky":false,"template":"","format":"standard","meta":{"advanced_seo_description":"","jetpack_seo_html_title":"","jetpack_seo_noindex":false,"_jetpack_memberships_contains_paid_content":false,"footnotes":""},"categories":[21],"tags":[],"class_list":["post-59448","post","type-post","status-publish","format-standard","has-post-thumbnail","hentry","category-policial"],"jetpack_featured_media_url":"https:\/\/i0.wp.com\/eltrabajo.cl\/portal\/wp-content\/uploads\/2015\/06\/Carabinero-Atropellado.jpg?fit=528%2C350&ssl=1","jetpack_sharing_enabled":true,"jetpack_likes_enabled":true,"jetpack-related-posts":[],"_links":{"self":[{"href":"https:\/\/eltrabajo.cl\/portal\/wp-json\/wp\/v2\/posts\/59448","targetHints":{"allow":["GET"]}}],"collection":[{"href":"https:\/\/eltrabajo.cl\/portal\/wp-json\/wp\/v2\/posts"}],"about":[{"href":"https:\/\/eltrabajo.cl\/portal\/wp-json\/wp\/v2\/types\/post"}],"author":[{"embeddable":true,"href":"https:\/\/eltrabajo.cl\/portal\/wp-json\/wp\/v2\/users\/482"}],"replies":[{"embeddable":true,"href":"https:\/\/eltrabajo.cl\/portal\/wp-json\/wp\/v2\/comments?post=59448"}],"version-history":[{"count":0,"href":"https:\/\/eltrabajo.cl\/portal\/wp-json\/wp\/v2\/posts\/59448\/revisions"}],"wp:featuredmedia":[{"embeddable":true,"href":"https:\/\/eltrabajo.cl\/portal\/wp-json\/wp\/v2\/media\/59449"}],"wp:attachment":[{"href":"https:\/\/eltrabajo.cl\/portal\/wp-json\/wp\/v2\/media?parent=59448"}],"wp:term":[{"taxonomy":"category","embeddable":true,"href":"https:\/\/eltrabajo.cl\/portal\/wp-json\/wp\/v2\/categories?post=59448"},{"taxonomy":"post_tag","embeddable":true,"href":"https:\/\/eltrabajo.cl\/portal\/wp-json\/wp\/v2\/tags?post=59448"}],"curies":[{"name":"wp","href":"https:\/\/api.w.org\/{rel}","templated":true}]}}