{"id":59451,"date":"2015-06-26T09:37:40","date_gmt":"2015-06-26T12:37:40","guid":{"rendered":"http:\/\/www.eltrabajo.cl\/portal\/?p=59451"},"modified":"2015-06-26T09:37:40","modified_gmt":"2015-06-26T12:37:40","slug":"desarticulan-red-de-traficantes-integrada-por-capitan-de-carabineros","status":"publish","type":"post","link":"https:\/\/eltrabajo.cl\/portal\/desarticulan-red-de-traficantes-integrada-por-capitan-de-carabineros\/","title":{"rendered":"Desarticulan red de traficantes integrada por capit\u00e1n de Carabineros"},"content":{"rendered":"<figure id=\"attachment_59452\" aria-describedby=\"caption-attachment-59452\" style=\"width: 300px\" class=\"wp-caption alignleft\"><a href=\"https:\/\/i0.wp.com\/www.eltrabajo.cl\/portal\/wp-content\/uploads\/2015\/06\/banda-carabinero1.jpg\"><img data-recalc-dims=\"1\" loading=\"lazy\" decoding=\"async\" class=\"wp-image-59452 size-medium\" src=\"https:\/\/i0.wp.com\/www.eltrabajo.cl\/portal\/wp-content\/uploads\/2015\/06\/banda-carabinero1-300x198.jpg?resize=300%2C198\" alt=\"La ma\u00f1ana de ayer se formaliz\u00f3 a los miembros de la red de traficantes de droga que operaban desde una c\u00e1rcel y donde figuraban un capit\u00e1n y un suboficial de Carabineros dados de baja el d\u00eda de su detenci\u00f3n.\" width=\"300\" height=\"198\" srcset=\"https:\/\/i0.wp.com\/eltrabajo.cl\/portal\/wp-content\/uploads\/2015\/06\/banda-carabinero1.jpg?resize=300%2C198&amp;ssl=1 300w, https:\/\/i0.wp.com\/eltrabajo.cl\/portal\/wp-content\/uploads\/2015\/06\/banda-carabinero1.jpg?resize=200%2C132&amp;ssl=1 200w, https:\/\/i0.wp.com\/eltrabajo.cl\/portal\/wp-content\/uploads\/2015\/06\/banda-carabinero1.jpg?resize=227%2C150&amp;ssl=1 227w, https:\/\/i0.wp.com\/eltrabajo.cl\/portal\/wp-content\/uploads\/2015\/06\/banda-carabinero1.jpg?resize=400%2C264&amp;ssl=1 400w, https:\/\/i0.wp.com\/eltrabajo.cl\/portal\/wp-content\/uploads\/2015\/06\/banda-carabinero1.jpg?w=530&amp;ssl=1 530w\" sizes=\"auto, (max-width: 300px) 100vw, 300px\" \/><\/a><figcaption id=\"caption-attachment-59452\" class=\"wp-caption-text\">La ma\u00f1ana de ayer se formaliz\u00f3 a los miembros de la red de traficantes de droga que operaban desde una c\u00e1rcel y donde figuraban un capit\u00e1n y un suboficial de Carabineros dados de baja el d\u00eda de su detenci\u00f3n.<\/figcaption><\/figure>\n<ul>\n<li><strong>Peligrosa banda internacional de traficantes de drogas operaba desde una c\u00e1rcel y contaba entre sus filas con dos funcionarios de Carabineros a quienes se les acusa del delito de robo y secuestro.<\/strong><\/li>\n<\/ul>\n<p><strong>LOS ANDES<\/strong>.- La Unidad Regional Antinarc\u00f3ticos a trav\u00e9s de la Fiscal\u00eda de Los Andes y la Polic\u00eda de Investigaciones, lograron desarticular una red internacional de traficantes de droga cuyos cabecillas, dos argentinos y un boliviano, se encuentran privados de libertad y que contaban tambi\u00e9n entre sus filas con un Capit\u00e1n y un Cabo de Carabineros, los cuales fueron dados de baja el mismo d\u00eda de su detenci\u00f3n.<br \/>\nEsta investigaci\u00f3n se inici\u00f3 el a\u00f1o 2013 a ra\u00edz de la desarticulaci\u00f3n de otra banda que internaba droga a nuestro pa\u00eds por diversos pasos fronterizos, particularmente por el sistema integrado Cristo Redentor.<br \/>\nLa banda continu\u00f3 operando mientras sus cabecillas identificados como E. O. A. y O. A. L. (ambos argentinos) y C.G.C. (Boliviano) se encuentran cumpliendo condena en un penal de la regi\u00f3n metropolitana.<br \/>\nLas diligencias de la PDI permitieron establecer el modus operandi del ingreso de droga, as\u00ed como tambi\u00e9n la participaci\u00f3n de cada uno de los 18 imputados en esta causa, entre las que se encuentran los ex funcionarios de Carabineros.<br \/>\nTras la audiencia de formalizaci\u00f3n efectuada en el Tribunal de Garant\u00eda de Los Andes, la cual se prolong\u00f3 por casi cinco horas, el fiscal Regional Pablo G\u00f3mez Niada manifest\u00f3 que a 16 de los 18 detenidos se les imputaron cargos de asociaci\u00f3n il\u00edcita para el narcotr\u00e1fico, quedando 13 de ellos en prisi\u00f3n preventiva, ya que los extranjeros est\u00e1n cumpliendo condena.<br \/>\nEn cuanto al ex Capit\u00e1n Pablo Olivares, quien hasta hace dos d\u00edas se desempe\u00f1aba como Subcomisario Administrativo en la Cuarta Comisar\u00eda de Quillota, y el ex Cabo 1\u00ba L.E.A.S., quien prestaba funciones en la Primera Comisar\u00eda Central de Santiago, se les imputaron cargos de secuestro y hurto agravado.<br \/>\nSeg\u00fan explic\u00f3 el fiscal G\u00f3mez, ambos habr\u00edan participado en el secuestro de integrantes de la misma banda de narcotraficantes y el hurto de un cargamento de nueces avaluado en la suma de 70 millones de pesos, para lo cual no solo se valieron de su condici\u00f3n de Carabineros, sino que adem\u00e1s actuaron con su uniforme de reglamento.<br \/>\nEl fiscal regional dijo que se decret\u00f3 la reserva de la investigaci\u00f3n por 120 d\u00edas, raz\u00f3n por la cual no se pueden entregar mayores detalles del caso, toda vez que contin\u00faan las diligencias investigativas.<br \/>\nLa magistrado Valeria Crosa decret\u00f3 la prisi\u00f3n preventiva para los 15 detenidos de nacionalidad chilena, incluidos los dos ex Carabineros, ya que los extranjeros se encuentran como reos rematados en un penal de la capital.<\/p>\n","protected":false},"excerpt":{"rendered":"<p>Peligrosa banda internacional de traficantes de drogas operaba desde una c\u00e1rcel y contaba entre sus filas con dos funcionarios de Carabineros a quienes se les acusa del delito de robo y secuestro&#8230;.<\/p>\n","protected":false},"author":482,"featured_media":59452,"comment_status":"open","ping_status":"open","sticky":false,"template":"","format":"standard","meta":{"advanced_seo_description":"","jetpack_seo_html_title":"","jetpack_seo_noindex":false,"_jetpack_memberships_contains_paid_content":false,"footnotes":""},"categories":[21],"tags":[],"class_list":["post-59451","post","type-post","status-publish","format-standard","has-post-thumbnail","hentry","category-policial"],"jetpack_featured_media_url":"https:\/\/i0.wp.com\/eltrabajo.cl\/portal\/wp-content\/uploads\/2015\/06\/banda-carabinero1.jpg?fit=530%2C350&ssl=1","jetpack_sharing_enabled":true,"jetpack_likes_enabled":true,"jetpack-related-posts":[],"_links":{"self":[{"href":"https:\/\/eltrabajo.cl\/portal\/wp-json\/wp\/v2\/posts\/59451","targetHints":{"allow":["GET"]}}],"collection":[{"href":"https:\/\/eltrabajo.cl\/portal\/wp-json\/wp\/v2\/posts"}],"about":[{"href":"https:\/\/eltrabajo.cl\/portal\/wp-json\/wp\/v2\/types\/post"}],"author":[{"embeddable":true,"href":"https:\/\/eltrabajo.cl\/portal\/wp-json\/wp\/v2\/users\/482"}],"replies":[{"embeddable":true,"href":"https:\/\/eltrabajo.cl\/portal\/wp-json\/wp\/v2\/comments?post=59451"}],"version-history":[{"count":0,"href":"https:\/\/eltrabajo.cl\/portal\/wp-json\/wp\/v2\/posts\/59451\/revisions"}],"wp:featuredmedia":[{"embeddable":true,"href":"https:\/\/eltrabajo.cl\/portal\/wp-json\/wp\/v2\/media\/59452"}],"wp:attachment":[{"href":"https:\/\/eltrabajo.cl\/portal\/wp-json\/wp\/v2\/media?parent=59451"}],"wp:term":[{"taxonomy":"category","embeddable":true,"href":"https:\/\/eltrabajo.cl\/portal\/wp-json\/wp\/v2\/categories?post=59451"},{"taxonomy":"post_tag","embeddable":true,"href":"https:\/\/eltrabajo.cl\/portal\/wp-json\/wp\/v2\/tags?post=59451"}],"curies":[{"name":"wp","href":"https:\/\/api.w.org\/{rel}","templated":true}]}}