{"id":59473,"date":"2015-06-30T09:18:59","date_gmt":"2015-06-30T12:18:59","guid":{"rendered":"http:\/\/www.eltrabajo.cl\/portal\/?p=59473"},"modified":"2015-06-30T09:26:42","modified_gmt":"2015-06-30T12:26:42","slug":"59473","status":"publish","type":"post","link":"https:\/\/eltrabajo.cl\/portal\/59473\/","title":{"rendered":"Con m\u00e1s de 1000 libros donados inauguran biblioteca comunitaria de Poblaci\u00f3n Santa Rita"},"content":{"rendered":"<figure id=\"attachment_59474\" aria-describedby=\"caption-attachment-59474\" style=\"width: 300px\" class=\"wp-caption alignleft\"><a href=\"https:\/\/i0.wp.com\/www.eltrabajo.cl\/portal\/wp-content\/uploads\/2015\/06\/Foto-Senda-Previene.jpg\"><img data-recalc-dims=\"1\" loading=\"lazy\" decoding=\"async\" class=\"wp-image-59474 size-medium\" src=\"https:\/\/i0.wp.com\/www.eltrabajo.cl\/portal\/wp-content\/uploads\/2015\/06\/Foto-Senda-Previene-300x202.jpg?resize=300%2C202\" alt=\"En la ceremonia de inauguraci\u00f3n de la biblioteca particip\u00f3 el alcalde Guillero Reyes, Claudia Berr\u00edos, directora regional de Senda y Abel Gallardo, Seremi de Desarrollo Social.\" width=\"300\" height=\"202\" srcset=\"https:\/\/i0.wp.com\/eltrabajo.cl\/portal\/wp-content\/uploads\/2015\/06\/Foto-Senda-Previene.jpg?resize=300%2C202&amp;ssl=1 300w, https:\/\/i0.wp.com\/eltrabajo.cl\/portal\/wp-content\/uploads\/2015\/06\/Foto-Senda-Previene.jpg?resize=200%2C135&amp;ssl=1 200w, https:\/\/i0.wp.com\/eltrabajo.cl\/portal\/wp-content\/uploads\/2015\/06\/Foto-Senda-Previene.jpg?resize=223%2C150&amp;ssl=1 223w, https:\/\/i0.wp.com\/eltrabajo.cl\/portal\/wp-content\/uploads\/2015\/06\/Foto-Senda-Previene.jpg?resize=400%2C269&amp;ssl=1 400w, https:\/\/i0.wp.com\/eltrabajo.cl\/portal\/wp-content\/uploads\/2015\/06\/Foto-Senda-Previene.jpg?w=520&amp;ssl=1 520w\" sizes=\"auto, (max-width: 300px) 100vw, 300px\" \/><\/a><figcaption id=\"caption-attachment-59474\" class=\"wp-caption-text\">En la ceremonia de inauguraci\u00f3n de la biblioteca particip\u00f3 el alcalde Guillero Reyes, Claudia Berr\u00edos, directora regional de Senda y Abel Gallardo, Seremi de Desarrollo Social.<\/figcaption><\/figure>\n<ul>\n<li><strong>Iniciativa del Senda Previene Putaendo lider\u00f3 la campa\u00f1a \u2018Tu Libro Mi Oportunidad\u2019 a nivel regional.<\/strong><\/li>\n<\/ul>\n<p><strong>PUTAENDO.<\/strong>&#8211; Fue en el mes de abril cuando la campa\u00f1a de donaci\u00f3n \u2018Tu Libro Mi Oportunidad\u2019 que organiz\u00f3 el Servicio Nacional para la Prevenci\u00f3n y Rehabilitaci\u00f3n del Consumo de Drogas y Alcohol (Senda) a nivel regional, adquiri\u00f3 especial significado en Putaendo.<br \/>\nLa oficina del Previene comunal, liderada por Fernando Ovando, expres\u00f3 su intenci\u00f3n de hacer una biblioteca comunitaria en la Poblaci\u00f3n Santa Rita con los libros donados por vecinos de todo Putaendo. As\u00ed se pod\u00eda plasmar el trabajo territorial que se viene realizando durante el a\u00f1o en dicho barrio.<br \/>\nEl pasado mi\u00e9rcoles 24 de junio fue materializado el anhelo de vecinos y autoridades. Se inaugur\u00f3 la biblioteca con gran entusiasmo de todos los presentes entre los que destacaron Claudia Berr\u00edos, directora regional de Senda; Abel Gallardo, Seremi de Desarrollo Social y el alcalde Guillermo Reyes. La m\u00e1xima autoridad comunal destac\u00f3 el alto nivel de participaci\u00f3n que existe para llevar adelante tan linda iniciativa.<br \/>\n\u201cSe debe integrar a los j\u00f3venes, a los ni\u00f1os y sobre esa acci\u00f3n, hacer un trabajo preventivo con este tema. Mientras m\u00e1s grupos se logren formar, mientras m\u00e1s se fomente la lectura, obviamente tenemos m\u00e1s posibilidades de mantener a los chicos fuera de las drogas. Creo que con esta biblioteca comunitaria, vamos por el camino correcto y no queda m\u00e1s que agradecer el compromiso del equipo municipal del Senda y sus voluntarios\u201d, expres\u00f3 Guillermo Reyes.<br \/>\nPor su parte, la directora regional de Senda destac\u00f3 el liderazgo comunal en la campa\u00f1a \u2018Tu Libro Mi Oportunidad\u2019, puesto que fueron m\u00e1s de 1000 textos los entregados a la nueva biblioteca. \u201cLa mayor cantidad de libros que se recibieron en la comunas de toda la regi\u00f3n fue ac\u00e1 en Putaendo. Eso demuestra el compromiso no s\u00f3lo de los vecinos de la Poblaci\u00f3n Santa Rita, sino que de toda la comunidad de Putaendo y se debe destacar, porque esto es un esfuerzo que hace el municipio, la comunidad y nosotros como Senda\u201d, enfatiz\u00f3 Claudia Berr\u00edos.<br \/>\nLa inauguraci\u00f3n cont\u00f3 con el educativo trabajo de la Escuela de Cuentacuentos de la Fundaci\u00f3n Mustakis y el Taller de Teatro Carnavalesco que realiza el Senda con ni\u00f1os de la Poblaci\u00f3n Santa Rita. Al finalizar la ceremonia, todos los asistentes plantaron una araucaria en homenaje al \u2018WeTripantu\u2019 o A\u00f1o Nuevo Mapuche.<\/p>\n<p><strong>TREKKING PREVENTIVO<\/strong><br \/>\nEn el contexto del d\u00eda de la prevenci\u00f3n a celebrarse este 26 de junio, la oficina comunal de Senda ha planificado una caminata preventiva hacia los Ba\u00f1os del Parr\u00f3n, partiendo desde la plaza de Putaendo a las 08:30 horas.<br \/>\n\u201cHacemos un llamado a la comunidad de la poblaci\u00f3n Santa Rita y en general a la comuna de Putaendo a que participe de dicha acci\u00f3n. S\u00f3lo deben llevar las ganas de participar, tendremos agua, voluntarios del cuerpo de bomberos y culminaremos con una choripanada colectiva\u201d, invit\u00f3 Fernando Ovando, coordinador del Senda Putaendo.<\/p>\n","protected":false},"excerpt":{"rendered":"<p>Iniciativa del Senda Previene Putaendo lider\u00f3 la campa\u00f1a \u2018Tu Libro Mi Oportunidad\u2019 a nivel regional. PUTAENDO.&#8211; Fue en el mes de abril cuando la campa\u00f1a de donaci\u00f3n \u2018Tu Libro Mi Oportunidad\u2019 que&#8230;<\/p>\n","protected":false},"author":482,"featured_media":59474,"comment_status":"open","ping_status":"open","sticky":false,"template":"","format":"standard","meta":{"advanced_seo_description":"","jetpack_seo_html_title":"","jetpack_seo_noindex":false,"_jetpack_memberships_contains_paid_content":false,"footnotes":""},"categories":[15],"tags":[],"class_list":["post-59473","post","type-post","status-publish","format-standard","has-post-thumbnail","hentry","category-comunidad"],"jetpack_featured_media_url":"https:\/\/i0.wp.com\/eltrabajo.cl\/portal\/wp-content\/uploads\/2015\/06\/Foto-Senda-Previene.jpg?fit=520%2C350&ssl=1","jetpack_sharing_enabled":true,"jetpack_likes_enabled":true,"jetpack-related-posts":[],"_links":{"self":[{"href":"https:\/\/eltrabajo.cl\/portal\/wp-json\/wp\/v2\/posts\/59473","targetHints":{"allow":["GET"]}}],"collection":[{"href":"https:\/\/eltrabajo.cl\/portal\/wp-json\/wp\/v2\/posts"}],"about":[{"href":"https:\/\/eltrabajo.cl\/portal\/wp-json\/wp\/v2\/types\/post"}],"author":[{"embeddable":true,"href":"https:\/\/eltrabajo.cl\/portal\/wp-json\/wp\/v2\/users\/482"}],"replies":[{"embeddable":true,"href":"https:\/\/eltrabajo.cl\/portal\/wp-json\/wp\/v2\/comments?post=59473"}],"version-history":[{"count":0,"href":"https:\/\/eltrabajo.cl\/portal\/wp-json\/wp\/v2\/posts\/59473\/revisions"}],"wp:featuredmedia":[{"embeddable":true,"href":"https:\/\/eltrabajo.cl\/portal\/wp-json\/wp\/v2\/media\/59474"}],"wp:attachment":[{"href":"https:\/\/eltrabajo.cl\/portal\/wp-json\/wp\/v2\/media?parent=59473"}],"wp:term":[{"taxonomy":"category","embeddable":true,"href":"https:\/\/eltrabajo.cl\/portal\/wp-json\/wp\/v2\/categories?post=59473"},{"taxonomy":"post_tag","embeddable":true,"href":"https:\/\/eltrabajo.cl\/portal\/wp-json\/wp\/v2\/tags?post=59473"}],"curies":[{"name":"wp","href":"https:\/\/api.w.org\/{rel}","templated":true}]}}