{"id":59483,"date":"2015-06-30T09:25:11","date_gmt":"2015-06-30T12:25:11","guid":{"rendered":"http:\/\/www.eltrabajo.cl\/portal\/?p=59483"},"modified":"2015-06-30T09:25:11","modified_gmt":"2015-06-30T12:25:11","slug":"a-sus-78-anos-muere-exdirector-de-3a-compania-de-bomberos","status":"publish","type":"post","link":"https:\/\/eltrabajo.cl\/portal\/a-sus-78-anos-muere-exdirector-de-3a-compania-de-bomberos\/","title":{"rendered":"A sus 78 a\u00f1os muere exdirector de 3\u00aa Compa\u00f1\u00eda de Bomberos"},"content":{"rendered":"<figure id=\"attachment_59484\" aria-describedby=\"caption-attachment-59484\" style=\"width: 300px\" class=\"wp-caption alignleft\"><a href=\"https:\/\/i0.wp.com\/www.eltrabajo.cl\/portal\/wp-content\/uploads\/2015\/06\/Hugo-Lillo-Farias.jpg\"><img data-recalc-dims=\"1\" loading=\"lazy\" decoding=\"async\" class=\"wp-image-59484 size-medium\" src=\"https:\/\/i0.wp.com\/www.eltrabajo.cl\/portal\/wp-content\/uploads\/2015\/06\/Hugo-Lillo-Farias-300x202.jpg?resize=300%2C202\" alt=\"Hugo Lillo Far\u00edas naci\u00f3 el jueves 29 de abril de 1937, muri\u00f3 a sus 78 a\u00f1os.\" width=\"300\" height=\"202\" srcset=\"https:\/\/i0.wp.com\/eltrabajo.cl\/portal\/wp-content\/uploads\/2015\/06\/Hugo-Lillo-Farias.jpg?resize=300%2C202&amp;ssl=1 300w, https:\/\/i0.wp.com\/eltrabajo.cl\/portal\/wp-content\/uploads\/2015\/06\/Hugo-Lillo-Farias.jpg?resize=200%2C134&amp;ssl=1 200w, https:\/\/i0.wp.com\/eltrabajo.cl\/portal\/wp-content\/uploads\/2015\/06\/Hugo-Lillo-Farias.jpg?resize=223%2C150&amp;ssl=1 223w, https:\/\/i0.wp.com\/eltrabajo.cl\/portal\/wp-content\/uploads\/2015\/06\/Hugo-Lillo-Farias.jpg?resize=400%2C269&amp;ssl=1 400w, https:\/\/i0.wp.com\/eltrabajo.cl\/portal\/wp-content\/uploads\/2015\/06\/Hugo-Lillo-Farias.jpg?w=521&amp;ssl=1 521w\" sizes=\"auto, (max-width: 300px) 100vw, 300px\" \/><\/a><figcaption id=\"caption-attachment-59484\" class=\"wp-caption-text\">Hugo Lillo Far\u00edas naci\u00f3 el jueves 29 de abril de 1937, muri\u00f3 a sus 78 a\u00f1os.<\/figcaption><\/figure>\n<p>Hoy martes Bomberos de San Felipe estar\u00e1 entregando importantes menciones de honor a sus insignes bomberos que cumplen varias d\u00e9cadas de servicio, pero aunque muchos de los presentes acudir\u00e1n a la cita convocada en el Teatro Municipal de San Felipe a las 20:00 horas, felices y orgullosos con sus logros, lo cierto del caso es que el exdirector de la Tercera Compa\u00f1\u00eda de Bomberos de San Felipe, Hugo Lillo Far\u00edas, no estar\u00e1 presente, pues falleci\u00f3 hace pocos d\u00edas tras sufrir un infarto al coraz\u00f3n.<br \/>\nSe trata de uno de los bomberos m\u00e1s conocidos y comprometidos con el servicio social de nuestra provincia, pues a sus 18 a\u00f1os se incorpor\u00f3 a Bomberos, logrando no s\u00f3lo destacar en terreno como valiente Caballero del Fuego, sino tambi\u00e9n como responsable directivo de la instituci\u00f3n, ya que desde 1978 hasta 1985, don Hugo Lillo fue el director de la 3\u00aa Compa\u00f1\u00eda de Bomberos.<\/p>\n<p><strong>TENIDA DE HONOR<\/strong><br \/>\nFue esta misma unidad bomberil la que le despidi\u00f3 con tenida de honor en horas de la tarde del s\u00e1bado, en la que se le rindieron los honores correspondientes a su valioso trabajo de tantos a\u00f1os.<br \/>\n\u00ab\u00c9l supo entregarlo todo, fue toda su vida la que don Hugo comprometi\u00f3 con ayudar al pr\u00f3jimo a trav\u00e9s del servicio en Bomberos, tambi\u00e9n fue el principal gestor para la construcci\u00f3n del actual edificio de la compa\u00f1\u00eda, cuando no cont\u00e1bamos con uno propio, el martes (hoy) de todas maneras las medallas que le correspondan, ser\u00e1n entregadas a su familia, en este caso a sus hijos\u00bb, coment\u00f3 a Diario El Trabajo el actual director de la 3\u00aa Compa\u00f1\u00eda, Claudio Salgado.<\/p>\n<p><strong>\u00abSER BOMBERO\u00a0ERA SU VIDA\u00bb<\/strong><br \/>\nLillo Far\u00edas naci\u00f3 el jueves 29 de abril de 1937, muri\u00f3 a sus 78 a\u00f1os y tuvo dos hijos, Sergio y Carlos., Era viudo de su esposa Isabel y ten\u00eda seis nietos. Nuestro medio habl\u00f3 con su hijo Carlos Lillo, \u00abser bombero era toda su vida, pap\u00e1 s\u00f3lo viv\u00eda y s\u00f3lo era feliz cuando estaba involucrado en proyectos y actividades de sus bomberos. La semana pasada nos pidi\u00f3 muy alegre, que por favor le acompa\u00f1\u00e1ramos al acto de premiaci\u00f3n por sus 60 a\u00f1os de servicio, lamentablemente nos dej\u00f3 y de seguro que con mucho orgullo ah\u00ed estaremos para recibir en su nombre ese premio. Creo que pap\u00e1 s\u00ed logr\u00f3 cumplir todos sus sue\u00f1os personales, vivi\u00f3 feliz\u00bb, dijo su hijo a Diario El Trabajo.<br \/>\nPosteriormente a este acto en la Tercera Compa\u00f1\u00eda, el cuerpo de don Hugo recibi\u00f3 m\u00e1s honores en el cuartel central de calle Merced frente a la Plaza de Armas. Sus restos descansan en la b\u00f3veda familiar del Cementerio Municipal en Almendral.<br \/>\n<strong>Roberto Gonz\u00e1lez Short<\/strong><br \/>\n<strong>rgonzalez@eltrabajo.cl<\/strong><\/p>\n<div class=\"tiled-gallery type-rectangular tiled-gallery-unresized\" data-original-width=\"640\" data-carousel-extra='null' itemscope itemtype=\"http:\/\/schema.org\/ImageGallery\" > <div class=\"gallery-row\" style=\"width: 640px; height: 289px;\" data-original-width=\"640\" data-original-height=\"289\" > <div class=\"gallery-group images-1\" style=\"width: 427px; height: 289px;\" data-original-width=\"427\" data-original-height=\"289\" > <div class=\"tiled-gallery-item tiled-gallery-item-large\" itemprop=\"associatedMedia\" itemscope itemtype=\"http:\/\/schema.org\/ImageObject\"> <a href=\"https:\/\/eltrabajo.cl\/portal\/a-sus-78-anos-muere-exdirector-de-3a-compania-de-bomberos\/honores1-3\/\" border=\"0\" itemprop=\"url\"> <meta itemprop=\"width\" content=\"423\"> <meta itemprop=\"height\" content=\"285\"> <img decoding=\"async\" class=\"\" data-attachment-id=\"59487\" data-orig-file=\"https:\/\/eltrabajo.cl\/portal\/wp-content\/uploads\/2015\/06\/Honores1.jpg\" data-orig-size=\"520,350\" data-comments-opened=\"1\" data-image-meta=\"{&quot;aperture&quot;:&quot;0&quot;,&quot;credit&quot;:&quot;&quot;,&quot;camera&quot;:&quot;&quot;,&quot;caption&quot;:&quot;&quot;,&quot;created_timestamp&quot;:&quot;0&quot;,&quot;copyright&quot;:&quot;&quot;,&quot;focal_length&quot;:&quot;0&quot;,&quot;iso&quot;:&quot;0&quot;,&quot;shutter_speed&quot;:&quot;0&quot;,&quot;title&quot;:&quot;&quot;,&quot;orientation&quot;:&quot;0&quot;}\" data-image-title=\"Honores1\" data-image-description=\"&lt;p&gt;EN SU HONOR.- Con marcha oficial en su honor, los bomberos de la 3\u00aa Compa\u00f1\u00eda de San Felipe presentaron sus respetos a los restos mortales de don Hugo Lillo y a su familia.&lt;\/p&gt; \" data-medium-file=\"https:\/\/i0.wp.com\/eltrabajo.cl\/portal\/wp-content\/uploads\/2015\/06\/Honores1.jpg?fit=300%2C202&#038;ssl=1\" data-large-file=\"https:\/\/i0.wp.com\/eltrabajo.cl\/portal\/wp-content\/uploads\/2015\/06\/Honores1.jpg?fit=520%2C350&#038;ssl=1\" src=\"https:\/\/i0.wp.com\/eltrabajo.cl\/portal\/wp-content\/uploads\/2015\/06\/Honores1.jpg?w=423&#038;h=285&#038;ssl=1\" srcset=\"https:\/\/i0.wp.com\/eltrabajo.cl\/portal\/wp-content\/uploads\/2015\/06\/Honores1.jpg?w=520&amp;ssl=1 520w, https:\/\/i0.wp.com\/eltrabajo.cl\/portal\/wp-content\/uploads\/2015\/06\/Honores1.jpg?resize=200%2C135&amp;ssl=1 200w, https:\/\/i0.wp.com\/eltrabajo.cl\/portal\/wp-content\/uploads\/2015\/06\/Honores1.jpg?resize=300%2C202&amp;ssl=1 300w, https:\/\/i0.wp.com\/eltrabajo.cl\/portal\/wp-content\/uploads\/2015\/06\/Honores1.jpg?resize=223%2C150&amp;ssl=1 223w, https:\/\/i0.wp.com\/eltrabajo.cl\/portal\/wp-content\/uploads\/2015\/06\/Honores1.jpg?resize=400%2C269&amp;ssl=1 400w\" width=\"423\" height=\"285\" loading=\"lazy\" data-original-width=\"423\" data-original-height=\"285\" itemprop=\"http:\/\/schema.org\/image\" title=\"Honores1\" alt=\"EN SU HONOR.- Con marcha oficial en su honor, los bomberos de la 3\u00aa Compa\u00f1\u00eda de San Felipe presentaron sus respetos a los restos mortales de don Hugo Lillo y a su familia.\" style=\"width: 423px; height: 285px;\" \/> <\/a> <div class=\"tiled-gallery-caption\" itemprop=\"caption description\"> EN SU HONOR.- Con marcha oficial en su honor, los bomberos de la 3\u00aa Compa\u00f1\u00eda de San Felipe presentaron sus respetos a los restos mortales de don Hugo Lillo y a su familia. <\/div> <\/div> <\/div> <!-- close group --> <div class=\"gallery-group images-2\" style=\"width: 213px; height: 289px;\" data-original-width=\"213\" data-original-height=\"289\" > <div class=\"tiled-gallery-item tiled-gallery-item-small\" itemprop=\"associatedMedia\" itemscope itemtype=\"http:\/\/schema.org\/ImageObject\"> <a href=\"https:\/\/eltrabajo.cl\/portal\/a-sus-78-anos-muere-exdirector-de-3a-compania-de-bomberos\/honores2\/\" border=\"0\" itemprop=\"url\"> <meta itemprop=\"width\" content=\"209\"> <meta itemprop=\"height\" content=\"141\"> <img decoding=\"async\" class=\"\" data-attachment-id=\"59488\" data-orig-file=\"https:\/\/eltrabajo.cl\/portal\/wp-content\/uploads\/2015\/06\/Honores2.jpg\" data-orig-size=\"520,350\" data-comments-opened=\"1\" data-image-meta=\"{&quot;aperture&quot;:&quot;0&quot;,&quot;credit&quot;:&quot;&quot;,&quot;camera&quot;:&quot;&quot;,&quot;caption&quot;:&quot;&quot;,&quot;created_timestamp&quot;:&quot;0&quot;,&quot;copyright&quot;:&quot;&quot;,&quot;focal_length&quot;:&quot;0&quot;,&quot;iso&quot;:&quot;0&quot;,&quot;shutter_speed&quot;:&quot;0&quot;,&quot;title&quot;:&quot;&quot;,&quot;orientation&quot;:&quot;0&quot;}\" data-image-title=\"Honores2\" data-image-description=\"&lt;p&gt;MUCHO RESPETO.- Durante toda la ceremonia, una guardia bomberil resguard\u00f3 el f\u00e9retro de quien dirigiera esa compa\u00f1\u00eda por varios a\u00f1os.&lt;\/p&gt; \" data-medium-file=\"https:\/\/i0.wp.com\/eltrabajo.cl\/portal\/wp-content\/uploads\/2015\/06\/Honores2.jpg?fit=300%2C202&#038;ssl=1\" data-large-file=\"https:\/\/i0.wp.com\/eltrabajo.cl\/portal\/wp-content\/uploads\/2015\/06\/Honores2.jpg?fit=520%2C350&#038;ssl=1\" src=\"https:\/\/i0.wp.com\/eltrabajo.cl\/portal\/wp-content\/uploads\/2015\/06\/Honores2.jpg?w=209&#038;h=141&#038;ssl=1\" srcset=\"https:\/\/i0.wp.com\/eltrabajo.cl\/portal\/wp-content\/uploads\/2015\/06\/Honores2.jpg?w=520&amp;ssl=1 520w, https:\/\/i0.wp.com\/eltrabajo.cl\/portal\/wp-content\/uploads\/2015\/06\/Honores2.jpg?resize=200%2C135&amp;ssl=1 200w, https:\/\/i0.wp.com\/eltrabajo.cl\/portal\/wp-content\/uploads\/2015\/06\/Honores2.jpg?resize=300%2C202&amp;ssl=1 300w, https:\/\/i0.wp.com\/eltrabajo.cl\/portal\/wp-content\/uploads\/2015\/06\/Honores2.jpg?resize=223%2C150&amp;ssl=1 223w, https:\/\/i0.wp.com\/eltrabajo.cl\/portal\/wp-content\/uploads\/2015\/06\/Honores2.jpg?resize=400%2C269&amp;ssl=1 400w\" width=\"209\" height=\"141\" loading=\"lazy\" data-original-width=\"209\" data-original-height=\"141\" itemprop=\"http:\/\/schema.org\/image\" title=\"Honores2\" alt=\"MUCHO RESPETO.- Durante toda la ceremonia, una guardia bomberil resguard\u00f3 el f\u00e9retro de quien dirigiera esa compa\u00f1\u00eda por varios a\u00f1os.\" style=\"width: 209px; height: 141px;\" \/> <\/a> <div class=\"tiled-gallery-caption\" itemprop=\"caption description\"> MUCHO RESPETO.- Durante toda la ceremonia, una guardia bomberil resguard\u00f3 el f\u00e9retro de quien dirigiera esa compa\u00f1\u00eda por varios a\u00f1os. <\/div> <\/div> <div class=\"tiled-gallery-item tiled-gallery-item-small\" itemprop=\"associatedMedia\" itemscope itemtype=\"http:\/\/schema.org\/ImageObject\"> <a href=\"https:\/\/eltrabajo.cl\/portal\/a-sus-78-anos-muere-exdirector-de-3a-compania-de-bomberos\/hermanos1\/\" border=\"0\" itemprop=\"url\"> <meta itemprop=\"width\" content=\"209\"> <meta itemprop=\"height\" content=\"140\"> <img decoding=\"async\" class=\"\" data-attachment-id=\"59486\" data-orig-file=\"https:\/\/eltrabajo.cl\/portal\/wp-content\/uploads\/2015\/06\/Hermanos1.jpg\" data-orig-size=\"521,350\" data-comments-opened=\"1\" data-image-meta=\"{&quot;aperture&quot;:&quot;0&quot;,&quot;credit&quot;:&quot;&quot;,&quot;camera&quot;:&quot;&quot;,&quot;caption&quot;:&quot;&quot;,&quot;created_timestamp&quot;:&quot;0&quot;,&quot;copyright&quot;:&quot;&quot;,&quot;focal_length&quot;:&quot;0&quot;,&quot;iso&quot;:&quot;0&quot;,&quot;shutter_speed&quot;:&quot;0&quot;,&quot;title&quot;:&quot;&quot;,&quot;orientation&quot;:&quot;0&quot;}\" data-image-title=\"Hermanos1\" data-image-description=\"&lt;p&gt;\u00daNICOS HIJOS.- Ellos son Carlos y Sergio Lillo, \u00fanicos hijos de don Hugo, quienes hoy martes recibir\u00e1n los honores correspondientes a su padre por parte de Bomberos de Chile.&lt;\/p&gt; \" data-medium-file=\"https:\/\/i0.wp.com\/eltrabajo.cl\/portal\/wp-content\/uploads\/2015\/06\/Hermanos1.jpg?fit=300%2C202&#038;ssl=1\" data-large-file=\"https:\/\/i0.wp.com\/eltrabajo.cl\/portal\/wp-content\/uploads\/2015\/06\/Hermanos1.jpg?fit=521%2C350&#038;ssl=1\" src=\"https:\/\/i0.wp.com\/eltrabajo.cl\/portal\/wp-content\/uploads\/2015\/06\/Hermanos1.jpg?w=209&#038;h=140&#038;ssl=1\" srcset=\"https:\/\/i0.wp.com\/eltrabajo.cl\/portal\/wp-content\/uploads\/2015\/06\/Hermanos1.jpg?w=521&amp;ssl=1 521w, https:\/\/i0.wp.com\/eltrabajo.cl\/portal\/wp-content\/uploads\/2015\/06\/Hermanos1.jpg?resize=200%2C134&amp;ssl=1 200w, https:\/\/i0.wp.com\/eltrabajo.cl\/portal\/wp-content\/uploads\/2015\/06\/Hermanos1.jpg?resize=300%2C202&amp;ssl=1 300w, https:\/\/i0.wp.com\/eltrabajo.cl\/portal\/wp-content\/uploads\/2015\/06\/Hermanos1.jpg?resize=223%2C150&amp;ssl=1 223w, https:\/\/i0.wp.com\/eltrabajo.cl\/portal\/wp-content\/uploads\/2015\/06\/Hermanos1.jpg?resize=400%2C269&amp;ssl=1 400w\" width=\"209\" height=\"140\" loading=\"lazy\" data-original-width=\"209\" data-original-height=\"140\" itemprop=\"http:\/\/schema.org\/image\" title=\"Hermanos1\" alt=\"\u00daNICOS HIJOS.- Ellos son Carlos y Sergio Lillo, \u00fanicos hijos de don Hugo, quienes hoy martes recibir\u00e1n los honores correspondientes a su padre por parte de Bomberos de Chile.\" style=\"width: 209px; height: 140px;\" \/> <\/a> <div class=\"tiled-gallery-caption\" itemprop=\"caption description\"> \u00daNICOS HIJOS.- Ellos son Carlos y Sergio Lillo, \u00fanicos hijos de don Hugo, quienes hoy martes recibir\u00e1n los honores correspondientes a su padre por parte de Bomberos de Chile. <\/div> <\/div> <\/div> <!-- close group --> <\/div> <!-- close row --> <div class=\"gallery-row\" style=\"width: 640px; height: 431px;\" data-original-width=\"640\" data-original-height=\"431\" > <div class=\"gallery-group images-1\" style=\"width: 640px; height: 431px;\" data-original-width=\"640\" data-original-height=\"431\" > <div class=\"tiled-gallery-item tiled-gallery-item-large\" itemprop=\"associatedMedia\" itemscope itemtype=\"http:\/\/schema.org\/ImageObject\"> <a href=\"https:\/\/eltrabajo.cl\/portal\/a-sus-78-anos-muere-exdirector-de-3a-compania-de-bomberos\/claudio-salgado-carvajal\/\" border=\"0\" itemprop=\"url\"> <meta itemprop=\"width\" content=\"636\"> <meta itemprop=\"height\" content=\"427\"> <img decoding=\"async\" class=\"\" data-attachment-id=\"59485\" data-orig-file=\"https:\/\/eltrabajo.cl\/portal\/wp-content\/uploads\/2015\/06\/Claudio-Salgado-Carvajal.jpg\" data-orig-size=\"521,350\" data-comments-opened=\"1\" data-image-meta=\"{&quot;aperture&quot;:&quot;0&quot;,&quot;credit&quot;:&quot;&quot;,&quot;camera&quot;:&quot;&quot;,&quot;caption&quot;:&quot;&quot;,&quot;created_timestamp&quot;:&quot;0&quot;,&quot;copyright&quot;:&quot;&quot;,&quot;focal_length&quot;:&quot;0&quot;,&quot;iso&quot;:&quot;0&quot;,&quot;shutter_speed&quot;:&quot;0&quot;,&quot;title&quot;:&quot;&quot;,&quot;orientation&quot;:&quot;0&quot;}\" data-image-title=\"Claudio Salgado Carvajal\" data-image-description=\"&lt;p&gt;Actual director de la 3\u00aa Compa\u00f1\u00eda, Claudio Salgado.&lt;\/p&gt; \" data-medium-file=\"https:\/\/i0.wp.com\/eltrabajo.cl\/portal\/wp-content\/uploads\/2015\/06\/Claudio-Salgado-Carvajal.jpg?fit=300%2C202&#038;ssl=1\" data-large-file=\"https:\/\/i0.wp.com\/eltrabajo.cl\/portal\/wp-content\/uploads\/2015\/06\/Claudio-Salgado-Carvajal.jpg?fit=521%2C350&#038;ssl=1\" src=\"https:\/\/i0.wp.com\/eltrabajo.cl\/portal\/wp-content\/uploads\/2015\/06\/Claudio-Salgado-Carvajal.jpg?w=636&#038;h=427&#038;ssl=1\" srcset=\"https:\/\/i0.wp.com\/eltrabajo.cl\/portal\/wp-content\/uploads\/2015\/06\/Claudio-Salgado-Carvajal.jpg?w=521&amp;ssl=1 521w, https:\/\/i0.wp.com\/eltrabajo.cl\/portal\/wp-content\/uploads\/2015\/06\/Claudio-Salgado-Carvajal.jpg?resize=200%2C134&amp;ssl=1 200w, https:\/\/i0.wp.com\/eltrabajo.cl\/portal\/wp-content\/uploads\/2015\/06\/Claudio-Salgado-Carvajal.jpg?resize=300%2C202&amp;ssl=1 300w, https:\/\/i0.wp.com\/eltrabajo.cl\/portal\/wp-content\/uploads\/2015\/06\/Claudio-Salgado-Carvajal.jpg?resize=223%2C150&amp;ssl=1 223w, https:\/\/i0.wp.com\/eltrabajo.cl\/portal\/wp-content\/uploads\/2015\/06\/Claudio-Salgado-Carvajal.jpg?resize=400%2C269&amp;ssl=1 400w\" width=\"636\" height=\"427\" loading=\"lazy\" data-original-width=\"636\" data-original-height=\"427\" itemprop=\"http:\/\/schema.org\/image\" title=\"Claudio Salgado Carvajal\" alt=\"Actual director de la 3\u00aa Compa\u00f1\u00eda, Claudio Salgado.\" style=\"width: 636px; height: 427px;\" \/> <\/a> <div class=\"tiled-gallery-caption\" itemprop=\"caption description\"> Actual director de la 3\u00aa Compa\u00f1\u00eda, Claudio Salgado. <\/div> <\/div> <\/div> <!-- close group --> <\/div> <!-- close row --> <\/div>\n","protected":false},"excerpt":{"rendered":"<p>Hoy martes Bomberos de San Felipe estar\u00e1 entregando importantes menciones de honor a sus insignes bomberos que cumplen varias d\u00e9cadas de servicio, pero aunque muchos de los presentes acudir\u00e1n a la cita&#8230;<\/p>\n","protected":false},"author":482,"featured_media":59484,"comment_status":"open","ping_status":"open","sticky":false,"template":"","format":"standard","meta":{"advanced_seo_description":"","jetpack_seo_html_title":"","jetpack_seo_noindex":false,"_jetpack_memberships_contains_paid_content":false,"footnotes":""},"categories":[15],"tags":[],"class_list":["post-59483","post","type-post","status-publish","format-standard","has-post-thumbnail","hentry","category-comunidad"],"jetpack_featured_media_url":"https:\/\/i0.wp.com\/eltrabajo.cl\/portal\/wp-content\/uploads\/2015\/06\/Hugo-Lillo-Farias.jpg?fit=521%2C350&ssl=1","jetpack_sharing_enabled":true,"jetpack_likes_enabled":true,"jetpack-related-posts":[],"_links":{"self":[{"href":"https:\/\/eltrabajo.cl\/portal\/wp-json\/wp\/v2\/posts\/59483","targetHints":{"allow":["GET"]}}],"collection":[{"href":"https:\/\/eltrabajo.cl\/portal\/wp-json\/wp\/v2\/posts"}],"about":[{"href":"https:\/\/eltrabajo.cl\/portal\/wp-json\/wp\/v2\/types\/post"}],"author":[{"embeddable":true,"href":"https:\/\/eltrabajo.cl\/portal\/wp-json\/wp\/v2\/users\/482"}],"replies":[{"embeddable":true,"href":"https:\/\/eltrabajo.cl\/portal\/wp-json\/wp\/v2\/comments?post=59483"}],"version-history":[{"count":0,"href":"https:\/\/eltrabajo.cl\/portal\/wp-json\/wp\/v2\/posts\/59483\/revisions"}],"wp:featuredmedia":[{"embeddable":true,"href":"https:\/\/eltrabajo.cl\/portal\/wp-json\/wp\/v2\/media\/59484"}],"wp:attachment":[{"href":"https:\/\/eltrabajo.cl\/portal\/wp-json\/wp\/v2\/media?parent=59483"}],"wp:term":[{"taxonomy":"category","embeddable":true,"href":"https:\/\/eltrabajo.cl\/portal\/wp-json\/wp\/v2\/categories?post=59483"},{"taxonomy":"post_tag","embeddable":true,"href":"https:\/\/eltrabajo.cl\/portal\/wp-json\/wp\/v2\/tags?post=59483"}],"curies":[{"name":"wp","href":"https:\/\/api.w.org\/{rel}","templated":true}]}}