{"id":59497,"date":"2015-06-30T09:35:19","date_gmt":"2015-06-30T12:35:19","guid":{"rendered":"http:\/\/www.eltrabajo.cl\/portal\/?p=59497"},"modified":"2015-06-30T09:35:19","modified_gmt":"2015-06-30T12:35:19","slug":"sanfelipena-fue-encontrada-por-sus-ocho-hermanos-que-la-buscaban","status":"publish","type":"post","link":"https:\/\/eltrabajo.cl\/portal\/sanfelipena-fue-encontrada-por-sus-ocho-hermanos-que-la-buscaban\/","title":{"rendered":"Sanfelipe\u00f1a fue encontrada por sus ocho hermanos que la buscaban"},"content":{"rendered":"<figure id=\"attachment_59498\" aria-describedby=\"caption-attachment-59498\" style=\"width: 300px\" class=\"wp-caption alignleft\"><a href=\"https:\/\/i0.wp.com\/www.eltrabajo.cl\/portal\/wp-content\/uploads\/2015\/06\/Grupal1.jpg\"><img data-recalc-dims=\"1\" loading=\"lazy\" decoding=\"async\" class=\"wp-image-59498 size-medium\" src=\"https:\/\/i0.wp.com\/www.eltrabajo.cl\/portal\/wp-content\/uploads\/2015\/06\/Grupal1-300x201.jpg?resize=300%2C201\" alt=\"MISI\u00d3N CUMPLIDA.- Las autoridades posaron para las c\u00e1maras de Diario El Trabajo tras el emotivo encuentro familiar, horas despu\u00e9s todos los hermanos abrazaron a Perla.\" width=\"300\" height=\"201\" srcset=\"https:\/\/i0.wp.com\/eltrabajo.cl\/portal\/wp-content\/uploads\/2015\/06\/Grupal1.jpg?resize=300%2C201&amp;ssl=1 300w, https:\/\/i0.wp.com\/eltrabajo.cl\/portal\/wp-content\/uploads\/2015\/06\/Grupal1.jpg?resize=200%2C134&amp;ssl=1 200w, https:\/\/i0.wp.com\/eltrabajo.cl\/portal\/wp-content\/uploads\/2015\/06\/Grupal1.jpg?resize=224%2C150&amp;ssl=1 224w, https:\/\/i0.wp.com\/eltrabajo.cl\/portal\/wp-content\/uploads\/2015\/06\/Grupal1.jpg?resize=400%2C268&amp;ssl=1 400w, https:\/\/i0.wp.com\/eltrabajo.cl\/portal\/wp-content\/uploads\/2015\/06\/Grupal1.jpg?w=522&amp;ssl=1 522w\" sizes=\"auto, (max-width: 300px) 100vw, 300px\" \/><\/a><figcaption id=\"caption-attachment-59498\" class=\"wp-caption-text\">MISI\u00d3N CUMPLIDA.- Las autoridades posaron para las c\u00e1maras de Diario El Trabajo tras el emotivo encuentro familiar, horas despu\u00e9s todos los hermanos abrazaron a Perla.<\/figcaption><\/figure>\n<p>Tal como ocurri\u00f3 en la historia b\u00edblica de Jos\u00e9, quien se revelaba a sus hermanos tras una \u00e9pica aventura de angustias y anhelos cumplidos, as\u00ed este s\u00e1bado y al filo del mediod\u00eda, dos hermanos se fundieron en un amoroso abrazo en la Segunda Comandancia de Carabineros en San Felipe, luego que ambos permanecieran sin conocerse durante toda su vida. Se trata de la culminaci\u00f3n de los esfuerzos de varios carabineros por unirlos.<br \/>\nSe trata de una sanfelipe\u00f1a, Perla del Rosario Cataldo Cuevas, ahora con 34 a\u00f1os, que cuando naci\u00f3, su madre debi\u00f3 alejarse de ella, dej\u00e1ndola viviendo con padres adoptivos. Ya como adulta, cuando ten\u00eda 23 a\u00f1os, logr\u00f3 enterarse del paradero de su padre en Santiago, como pudo lleg\u00f3 a su casa, en donde s\u00f3lo pudo hablar pocas palabras con su pap\u00e1, pero no fue atendida de manera positiva, pues nadie sab\u00eda de ella.<\/p>\n<p><strong>HERMANO VALIENTE<\/strong><br \/>\nLos a\u00f1os pasaron y luego que uno de sus ocho hermanos, Ricardo Godoy Cuevas, quien era un adolescente en esa ocasi\u00f3n, se interes\u00f3 hace pocas semanas por descubrir si aquella joven que apareciera en su casa hace tantos a\u00f1os reclamando ser hija de su pap\u00e1, era en realidad hermana de ellos.<br \/>\nComo pudo encontr\u00f3 los datos que aquella dama dej\u00f3 a su pap\u00e1 aquella vez, de ah\u00ed se dispuso a solicitar a Carabineros que se investigara su caso, logrando as\u00ed descubrir que esta joven vive en San Felipe, y que s\u00ed corresponde al grupo familiar de su padre, por lo que este s\u00e1bado Carabineros organizaron el primer encuentro entre ambos de manera oficial.<\/p>\n<p><strong>FUERZA DE \u00a0LA SANGRE<\/strong><br \/>\nDiario El Trabajo habl\u00f3 con la Capit\u00e1n Carolina Fern\u00e1ndez, quien explic\u00f3 que \u00abCarabineros de Chile aparte de la gesti\u00f3n en preventiva y de control de orden p\u00fablico, tambi\u00e9n realiza labores de ayuda a la comunidad, como en este caso, en donde se logra el encuentro de dos hermanos, quienes hace once a\u00f1os pudieron verse la cara durante unos minutos, pero sin saber que eran hermanos\u00bb.<br \/>\nSeg\u00fan la uniformada, fue el joven Ricardo quien hizo la solicitud, pues desde aquella vez \u00e9l qued\u00f3 con la espina de la duda en su coraz\u00f3n, sobre si ten\u00edan entonces o no, otra hermana.<br \/>\n\u00abRicardo Godoy tiene 28 a\u00f1os y solicit\u00f3 a Carabineros que le ayud\u00e1ramos a localizar a Perla del Rosario Cataldo Cuevas, en una semana y como ten\u00edamos los datos exactos, logramos determinar que esta hermana vive en San Felipe, y gracias a ello hoy se han podido encontrar\u00bb, dijo la Capit\u00e1n Fern\u00e1ndez.<br \/>\nEl encuentro fue m\u00e1s que emotivo, ocurri\u00f3 el casino de la 2\u00aa Comandancia, lugar al que llegaron cada uno de los hermanos, en compa\u00f1\u00eda de sus hijos y esposos.<\/p>\n<p><strong>HERMANOS MUY\u00a0EMOCIONADOS<\/strong><br \/>\nRicardo Eugenio Godoy Cuevas, emocionado y hasta nervioso, dijo a Diario El Trabajo que \u00abyo ten\u00eda como 16 a\u00f1os cuando ella lleg\u00f3 a nuestra casa. De primera no le tom\u00e9 importancia a lo que ella dec\u00eda, pues siempre llega gente a pedir dinero, y cre\u00ed que se trataba de alg\u00fan enga\u00f1o. Con los a\u00f1os mi madre coment\u00f3 vagamente de la existencia de Perla, pero nunca de manera directa, por eso decid\u00ed hace unas semanas el buscarla\u00bb.<br \/>\nFue a los a\u00f1os de ese encuentro, junio 2015, que Ricardo decidi\u00f3 salir de la duda, los resultados fueron positivos para toda la familia. \u00abMe decid\u00ed a buscar a mi hermana, luego que nuestra madre muriera hace seis a\u00f1os, en parte me decid\u00ed para conocerla; para saber si tengo sobrinos y porque mis hijos tambi\u00e9n conozcan a su t\u00eda y a los sobrinos, mis hermanos est\u00e1n tambi\u00e9n ansiosos por conocerla en Santiago\u00bb.<br \/>\nDe pocas palabras, pero no por ello menos emocionada, Perla Cataldo coment\u00f3 segundos antes del encuentro, que \u00abestoy muy emocionada, desde hace a\u00f1os que estoy esperando este momento, me cuesta hablar, nunca ni por tel\u00e9fono he hablado con alguno de mis hermanos, agradezco a Carabineros por las gestiones realizadas para que yo pueda al fin conocer a mis hermanos\u00bb.<br \/>\nMinutos despu\u00e9s del encuentro, ambas familias viajaron a Santiago, en donde pudieron conocerse todos los hermanos\u2026como en la historia de Jos\u00e9 en Egipto.<br \/>\n<strong>Roberto Gonz\u00e1lez Short<\/strong><br \/>\n<strong>rgonzalez@eltrabajo.cl<\/strong><\/p>\n<div class=\"tiled-gallery type-rectangular tiled-gallery-unresized\" data-original-width=\"640\" data-carousel-extra='null' itemscope itemtype=\"http:\/\/schema.org\/ImageGallery\" > <div class=\"gallery-row\" style=\"width: 640px; height: 289px;\" data-original-width=\"640\" data-original-height=\"289\" > <div class=\"gallery-group images-1\" style=\"width: 427px; height: 289px;\" data-original-width=\"427\" data-original-height=\"289\" > <div class=\"tiled-gallery-item tiled-gallery-item-large\" itemprop=\"associatedMedia\" itemscope itemtype=\"http:\/\/schema.org\/ImageObject\"> <a href=\"https:\/\/eltrabajo.cl\/portal\/sanfelipena-fue-encontrada-por-sus-ocho-hermanos-que-la-buscaban\/familiar1-7\/\" border=\"0\" itemprop=\"url\"> <meta itemprop=\"width\" content=\"423\"> <meta itemprop=\"height\" content=\"285\"> <img decoding=\"async\" class=\"\" data-attachment-id=\"59501\" data-orig-file=\"https:\/\/eltrabajo.cl\/portal\/wp-content\/uploads\/2015\/06\/Familiar11.jpg\" data-orig-size=\"519,350\" data-comments-opened=\"1\" data-image-meta=\"{&quot;aperture&quot;:&quot;0&quot;,&quot;credit&quot;:&quot;&quot;,&quot;camera&quot;:&quot;&quot;,&quot;caption&quot;:&quot;&quot;,&quot;created_timestamp&quot;:&quot;0&quot;,&quot;copyright&quot;:&quot;&quot;,&quot;focal_length&quot;:&quot;0&quot;,&quot;iso&quot;:&quot;0&quot;,&quot;shutter_speed&quot;:&quot;0&quot;,&quot;title&quot;:&quot;&quot;,&quot;orientation&quot;:&quot;0&quot;}\" data-image-title=\"Familiar1\" data-image-description=\"&lt;p&gt;CRECIMIENTO FAMILIAR.- Ellos conforman la las familias de Perla y Ricardo, los ni\u00f1os tambi\u00e9n estaban sorprendidos.&lt;\/p&gt; \" data-medium-file=\"https:\/\/i0.wp.com\/eltrabajo.cl\/portal\/wp-content\/uploads\/2015\/06\/Familiar11.jpg?fit=300%2C202&#038;ssl=1\" data-large-file=\"https:\/\/i0.wp.com\/eltrabajo.cl\/portal\/wp-content\/uploads\/2015\/06\/Familiar11.jpg?fit=519%2C350&#038;ssl=1\" src=\"https:\/\/i0.wp.com\/eltrabajo.cl\/portal\/wp-content\/uploads\/2015\/06\/Familiar11.jpg?w=423&#038;h=285&#038;ssl=1\" srcset=\"https:\/\/i0.wp.com\/eltrabajo.cl\/portal\/wp-content\/uploads\/2015\/06\/Familiar11.jpg?w=519&amp;ssl=1 519w, https:\/\/i0.wp.com\/eltrabajo.cl\/portal\/wp-content\/uploads\/2015\/06\/Familiar11.jpg?resize=200%2C135&amp;ssl=1 200w, https:\/\/i0.wp.com\/eltrabajo.cl\/portal\/wp-content\/uploads\/2015\/06\/Familiar11.jpg?resize=300%2C202&amp;ssl=1 300w, https:\/\/i0.wp.com\/eltrabajo.cl\/portal\/wp-content\/uploads\/2015\/06\/Familiar11.jpg?resize=222%2C150&amp;ssl=1 222w, https:\/\/i0.wp.com\/eltrabajo.cl\/portal\/wp-content\/uploads\/2015\/06\/Familiar11.jpg?resize=400%2C270&amp;ssl=1 400w\" width=\"423\" height=\"285\" loading=\"lazy\" data-original-width=\"423\" data-original-height=\"285\" itemprop=\"http:\/\/schema.org\/image\" title=\"Familiar1\" alt=\"CRECIMIENTO FAMILIAR.- Ellos conforman la las familias de Perla y Ricardo, los ni\u00f1os tambi\u00e9n estaban sorprendidos.\" style=\"width: 423px; height: 285px;\" \/> <\/a> <div class=\"tiled-gallery-caption\" itemprop=\"caption description\"> CRECIMIENTO FAMILIAR.- Ellos conforman la las familias de Perla y Ricardo, los ni\u00f1os tambi\u00e9n estaban sorprendidos. <\/div> <\/div> <\/div> <!-- close group --> <div class=\"gallery-group images-2\" style=\"width: 213px; height: 289px;\" data-original-width=\"213\" data-original-height=\"289\" > <div class=\"tiled-gallery-item tiled-gallery-item-small\" itemprop=\"associatedMedia\" itemscope itemtype=\"http:\/\/schema.org\/ImageObject\"> <a href=\"https:\/\/eltrabajo.cl\/portal\/sanfelipena-fue-encontrada-por-sus-ocho-hermanos-que-la-buscaban\/abrazo1-3\/\" border=\"0\" itemprop=\"url\"> <meta itemprop=\"width\" content=\"209\"> <meta itemprop=\"height\" content=\"141\"> <img decoding=\"async\" class=\"\" data-attachment-id=\"59499\" data-orig-file=\"https:\/\/eltrabajo.cl\/portal\/wp-content\/uploads\/2015\/06\/Abrazo1.jpg\" data-orig-size=\"520,350\" data-comments-opened=\"1\" data-image-meta=\"{&quot;aperture&quot;:&quot;0&quot;,&quot;credit&quot;:&quot;&quot;,&quot;camera&quot;:&quot;&quot;,&quot;caption&quot;:&quot;&quot;,&quot;created_timestamp&quot;:&quot;0&quot;,&quot;copyright&quot;:&quot;&quot;,&quot;focal_length&quot;:&quot;0&quot;,&quot;iso&quot;:&quot;0&quot;,&quot;shutter_speed&quot;:&quot;0&quot;,&quot;title&quot;:&quot;&quot;,&quot;orientation&quot;:&quot;0&quot;}\" data-image-title=\"Abrazo1\" data-image-description=\"&lt;p&gt;ABRAZO ESPERADO.- Nuestras c\u00e1maras registraron el momento exacto en que ambos hermanos se conocieron y se abrazaron por vez primera.&lt;\/p&gt; \" data-medium-file=\"https:\/\/i0.wp.com\/eltrabajo.cl\/portal\/wp-content\/uploads\/2015\/06\/Abrazo1.jpg?fit=300%2C202&#038;ssl=1\" data-large-file=\"https:\/\/i0.wp.com\/eltrabajo.cl\/portal\/wp-content\/uploads\/2015\/06\/Abrazo1.jpg?fit=520%2C350&#038;ssl=1\" src=\"https:\/\/i0.wp.com\/eltrabajo.cl\/portal\/wp-content\/uploads\/2015\/06\/Abrazo1.jpg?w=209&#038;h=141&#038;ssl=1\" srcset=\"https:\/\/i0.wp.com\/eltrabajo.cl\/portal\/wp-content\/uploads\/2015\/06\/Abrazo1.jpg?w=520&amp;ssl=1 520w, https:\/\/i0.wp.com\/eltrabajo.cl\/portal\/wp-content\/uploads\/2015\/06\/Abrazo1.jpg?resize=200%2C135&amp;ssl=1 200w, https:\/\/i0.wp.com\/eltrabajo.cl\/portal\/wp-content\/uploads\/2015\/06\/Abrazo1.jpg?resize=300%2C202&amp;ssl=1 300w, https:\/\/i0.wp.com\/eltrabajo.cl\/portal\/wp-content\/uploads\/2015\/06\/Abrazo1.jpg?resize=223%2C150&amp;ssl=1 223w, https:\/\/i0.wp.com\/eltrabajo.cl\/portal\/wp-content\/uploads\/2015\/06\/Abrazo1.jpg?resize=400%2C269&amp;ssl=1 400w\" width=\"209\" height=\"141\" loading=\"lazy\" data-original-width=\"209\" data-original-height=\"141\" itemprop=\"http:\/\/schema.org\/image\" title=\"Abrazo1\" alt=\"ABRAZO ESPERADO.- Nuestras c\u00e1maras registraron el momento exacto en que ambos hermanos se conocieron y se abrazaron por vez primera.\" style=\"width: 209px; height: 141px;\" \/> <\/a> <div class=\"tiled-gallery-caption\" itemprop=\"caption description\"> ABRAZO ESPERADO.- Nuestras c\u00e1maras registraron el momento exacto en que ambos hermanos se conocieron y se abrazaron por vez primera. <\/div> <\/div> <div class=\"tiled-gallery-item tiled-gallery-item-small\" itemprop=\"associatedMedia\" itemscope itemtype=\"http:\/\/schema.org\/ImageObject\"> <a href=\"https:\/\/eltrabajo.cl\/portal\/sanfelipena-fue-encontrada-por-sus-ocho-hermanos-que-la-buscaban\/perla1\/\" border=\"0\" itemprop=\"url\"> <meta itemprop=\"width\" content=\"209\"> <meta itemprop=\"height\" content=\"140\"> <img decoding=\"async\" class=\"\" data-attachment-id=\"59502\" data-orig-file=\"https:\/\/eltrabajo.cl\/portal\/wp-content\/uploads\/2015\/06\/Perla1.jpg\" data-orig-size=\"521,350\" data-comments-opened=\"1\" data-image-meta=\"{&quot;aperture&quot;:&quot;0&quot;,&quot;credit&quot;:&quot;&quot;,&quot;camera&quot;:&quot;&quot;,&quot;caption&quot;:&quot;&quot;,&quot;created_timestamp&quot;:&quot;0&quot;,&quot;copyright&quot;:&quot;&quot;,&quot;focal_length&quot;:&quot;0&quot;,&quot;iso&quot;:&quot;0&quot;,&quot;shutter_speed&quot;:&quot;0&quot;,&quot;title&quot;:&quot;&quot;,&quot;orientation&quot;:&quot;0&quot;}\" data-image-title=\"Perla1\" data-image-description=\"&lt;p&gt;Perla del Rosario Cataldo Cuevas, fue encontrada por sus hermanos, tras 34 a\u00f1os de vivir en San Felipe sin saber que ellos exist\u00edan.&lt;\/p&gt; \" data-medium-file=\"https:\/\/i0.wp.com\/eltrabajo.cl\/portal\/wp-content\/uploads\/2015\/06\/Perla1.jpg?fit=300%2C202&#038;ssl=1\" data-large-file=\"https:\/\/i0.wp.com\/eltrabajo.cl\/portal\/wp-content\/uploads\/2015\/06\/Perla1.jpg?fit=521%2C350&#038;ssl=1\" src=\"https:\/\/i0.wp.com\/eltrabajo.cl\/portal\/wp-content\/uploads\/2015\/06\/Perla1.jpg?w=209&#038;h=140&#038;ssl=1\" srcset=\"https:\/\/i0.wp.com\/eltrabajo.cl\/portal\/wp-content\/uploads\/2015\/06\/Perla1.jpg?w=521&amp;ssl=1 521w, https:\/\/i0.wp.com\/eltrabajo.cl\/portal\/wp-content\/uploads\/2015\/06\/Perla1.jpg?resize=200%2C134&amp;ssl=1 200w, https:\/\/i0.wp.com\/eltrabajo.cl\/portal\/wp-content\/uploads\/2015\/06\/Perla1.jpg?resize=300%2C202&amp;ssl=1 300w, https:\/\/i0.wp.com\/eltrabajo.cl\/portal\/wp-content\/uploads\/2015\/06\/Perla1.jpg?resize=223%2C150&amp;ssl=1 223w, https:\/\/i0.wp.com\/eltrabajo.cl\/portal\/wp-content\/uploads\/2015\/06\/Perla1.jpg?resize=400%2C269&amp;ssl=1 400w\" width=\"209\" height=\"140\" loading=\"lazy\" data-original-width=\"209\" data-original-height=\"140\" itemprop=\"http:\/\/schema.org\/image\" title=\"Perla1\" alt=\"Perla del Rosario Cataldo Cuevas, fue encontrada por sus hermanos, tras 34 a\u00f1os de vivir en San Felipe sin saber que ellos exist\u00edan.\" style=\"width: 209px; height: 140px;\" \/> <\/a> <div class=\"tiled-gallery-caption\" itemprop=\"caption description\"> Perla del Rosario Cataldo Cuevas, fue encontrada por sus hermanos, tras 34 a\u00f1os de vivir en San Felipe sin saber que ellos exist\u00edan. <\/div> <\/div> <\/div> <!-- close group --> <\/div> <!-- close row --> <div class=\"gallery-row\" style=\"width: 640px; height: 216px;\" data-original-width=\"640\" data-original-height=\"216\" > <div class=\"gallery-group images-1\" style=\"width: 320px; height: 216px;\" data-original-width=\"320\" data-original-height=\"216\" > <div class=\"tiled-gallery-item tiled-gallery-item-large\" itemprop=\"associatedMedia\" itemscope itemtype=\"http:\/\/schema.org\/ImageObject\"> <a href=\"https:\/\/eltrabajo.cl\/portal\/sanfelipena-fue-encontrada-por-sus-ocho-hermanos-que-la-buscaban\/ricardo1-3\/\" border=\"0\" itemprop=\"url\"> <meta itemprop=\"width\" content=\"316\"> <meta itemprop=\"height\" content=\"212\"> <img decoding=\"async\" class=\"\" data-attachment-id=\"59503\" data-orig-file=\"https:\/\/eltrabajo.cl\/portal\/wp-content\/uploads\/2015\/06\/Ricardo1.jpg\" data-orig-size=\"521,350\" data-comments-opened=\"1\" data-image-meta=\"{&quot;aperture&quot;:&quot;0&quot;,&quot;credit&quot;:&quot;&quot;,&quot;camera&quot;:&quot;&quot;,&quot;caption&quot;:&quot;&quot;,&quot;created_timestamp&quot;:&quot;0&quot;,&quot;copyright&quot;:&quot;&quot;,&quot;focal_length&quot;:&quot;0&quot;,&quot;iso&quot;:&quot;0&quot;,&quot;shutter_speed&quot;:&quot;0&quot;,&quot;title&quot;:&quot;&quot;,&quot;orientation&quot;:&quot;0&quot;}\" data-image-title=\"Ricardo1\" data-image-description=\"&lt;p&gt;Ricardo Eugenio Godoy Cuevas, de 28 a\u00f1os, viaj\u00f3 desde Santiago para conocer a su hermana, el resto la esperaron en la capital.&lt;\/p&gt; \" data-medium-file=\"https:\/\/i0.wp.com\/eltrabajo.cl\/portal\/wp-content\/uploads\/2015\/06\/Ricardo1.jpg?fit=300%2C202&#038;ssl=1\" data-large-file=\"https:\/\/i0.wp.com\/eltrabajo.cl\/portal\/wp-content\/uploads\/2015\/06\/Ricardo1.jpg?fit=521%2C350&#038;ssl=1\" src=\"https:\/\/i0.wp.com\/eltrabajo.cl\/portal\/wp-content\/uploads\/2015\/06\/Ricardo1.jpg?w=316&#038;h=212&#038;ssl=1\" srcset=\"https:\/\/i0.wp.com\/eltrabajo.cl\/portal\/wp-content\/uploads\/2015\/06\/Ricardo1.jpg?w=521&amp;ssl=1 521w, https:\/\/i0.wp.com\/eltrabajo.cl\/portal\/wp-content\/uploads\/2015\/06\/Ricardo1.jpg?resize=200%2C134&amp;ssl=1 200w, https:\/\/i0.wp.com\/eltrabajo.cl\/portal\/wp-content\/uploads\/2015\/06\/Ricardo1.jpg?resize=300%2C202&amp;ssl=1 300w, https:\/\/i0.wp.com\/eltrabajo.cl\/portal\/wp-content\/uploads\/2015\/06\/Ricardo1.jpg?resize=223%2C150&amp;ssl=1 223w, https:\/\/i0.wp.com\/eltrabajo.cl\/portal\/wp-content\/uploads\/2015\/06\/Ricardo1.jpg?resize=400%2C269&amp;ssl=1 400w\" width=\"316\" height=\"212\" loading=\"lazy\" data-original-width=\"316\" data-original-height=\"212\" itemprop=\"http:\/\/schema.org\/image\" title=\"Ricardo1\" alt=\"Ricardo Eugenio Godoy Cuevas, de 28 a\u00f1os, viaj\u00f3 desde Santiago para conocer a su hermana, el resto la esperaron en la capital.\" style=\"width: 316px; height: 212px;\" \/> <\/a> <div class=\"tiled-gallery-caption\" itemprop=\"caption description\"> Ricardo Eugenio Godoy Cuevas, de 28 a\u00f1os, viaj\u00f3 desde Santiago para conocer a su hermana, el resto la esperaron en la capital. <\/div> <\/div> <\/div> <!-- close group --> <div class=\"gallery-group images-1\" style=\"width: 320px; height: 216px;\" data-original-width=\"320\" data-original-height=\"216\" > <div class=\"tiled-gallery-item tiled-gallery-item-large\" itemprop=\"associatedMedia\" itemscope itemtype=\"http:\/\/schema.org\/ImageObject\"> <a href=\"https:\/\/eltrabajo.cl\/portal\/sanfelipena-fue-encontrada-por-sus-ocho-hermanos-que-la-buscaban\/carolina-fernandez\/\" border=\"0\" itemprop=\"url\"> <meta itemprop=\"width\" content=\"316\"> <meta itemprop=\"height\" content=\"212\"> <img decoding=\"async\" class=\"\" data-attachment-id=\"59500\" data-orig-file=\"https:\/\/eltrabajo.cl\/portal\/wp-content\/uploads\/2015\/06\/Carolina-Fernandez.jpg\" data-orig-size=\"521,350\" data-comments-opened=\"1\" data-image-meta=\"{&quot;aperture&quot;:&quot;0&quot;,&quot;credit&quot;:&quot;&quot;,&quot;camera&quot;:&quot;&quot;,&quot;caption&quot;:&quot;&quot;,&quot;created_timestamp&quot;:&quot;0&quot;,&quot;copyright&quot;:&quot;&quot;,&quot;focal_length&quot;:&quot;0&quot;,&quot;iso&quot;:&quot;0&quot;,&quot;shutter_speed&quot;:&quot;0&quot;,&quot;title&quot;:&quot;&quot;,&quot;orientation&quot;:&quot;0&quot;}\" data-image-title=\"Carolina Fernandez\" data-image-description=\"&lt;p&gt;Capit\u00e1n de Carabineros Carolina Fern\u00e1ndez.&lt;\/p&gt; \" data-medium-file=\"https:\/\/i0.wp.com\/eltrabajo.cl\/portal\/wp-content\/uploads\/2015\/06\/Carolina-Fernandez.jpg?fit=300%2C202&#038;ssl=1\" data-large-file=\"https:\/\/i0.wp.com\/eltrabajo.cl\/portal\/wp-content\/uploads\/2015\/06\/Carolina-Fernandez.jpg?fit=521%2C350&#038;ssl=1\" src=\"https:\/\/i0.wp.com\/eltrabajo.cl\/portal\/wp-content\/uploads\/2015\/06\/Carolina-Fernandez.jpg?w=316&#038;h=212&#038;ssl=1\" srcset=\"https:\/\/i0.wp.com\/eltrabajo.cl\/portal\/wp-content\/uploads\/2015\/06\/Carolina-Fernandez.jpg?w=521&amp;ssl=1 521w, https:\/\/i0.wp.com\/eltrabajo.cl\/portal\/wp-content\/uploads\/2015\/06\/Carolina-Fernandez.jpg?resize=200%2C134&amp;ssl=1 200w, https:\/\/i0.wp.com\/eltrabajo.cl\/portal\/wp-content\/uploads\/2015\/06\/Carolina-Fernandez.jpg?resize=300%2C202&amp;ssl=1 300w, https:\/\/i0.wp.com\/eltrabajo.cl\/portal\/wp-content\/uploads\/2015\/06\/Carolina-Fernandez.jpg?resize=223%2C150&amp;ssl=1 223w, https:\/\/i0.wp.com\/eltrabajo.cl\/portal\/wp-content\/uploads\/2015\/06\/Carolina-Fernandez.jpg?resize=400%2C269&amp;ssl=1 400w\" width=\"316\" height=\"212\" loading=\"lazy\" data-original-width=\"316\" data-original-height=\"212\" itemprop=\"http:\/\/schema.org\/image\" title=\"Carolina Fernandez\" alt=\"Capit\u00e1n de Carabineros Carolina Fern\u00e1ndez.\" style=\"width: 316px; height: 212px;\" \/> <\/a> <div class=\"tiled-gallery-caption\" itemprop=\"caption description\"> Capit\u00e1n de Carabineros Carolina Fern\u00e1ndez. <\/div> <\/div> <\/div> <!-- close group --> <\/div> <!-- close row --> <\/div>\n","protected":false},"excerpt":{"rendered":"<p>Tal como ocurri\u00f3 en la historia b\u00edblica de Jos\u00e9, quien se revelaba a sus hermanos tras una \u00e9pica aventura de angustias y anhelos cumplidos, as\u00ed este s\u00e1bado y al filo del mediod\u00eda,&#8230;<\/p>\n","protected":false},"author":482,"featured_media":59498,"comment_status":"open","ping_status":"open","sticky":false,"template":"","format":"standard","meta":{"advanced_seo_description":"","jetpack_seo_html_title":"","jetpack_seo_noindex":false,"_jetpack_memberships_contains_paid_content":false,"footnotes":""},"categories":[15],"tags":[],"class_list":["post-59497","post","type-post","status-publish","format-standard","has-post-thumbnail","hentry","category-comunidad"],"jetpack_featured_media_url":"https:\/\/i0.wp.com\/eltrabajo.cl\/portal\/wp-content\/uploads\/2015\/06\/Grupal1.jpg?fit=522%2C350&ssl=1","jetpack_sharing_enabled":true,"jetpack_likes_enabled":true,"jetpack-related-posts":[],"_links":{"self":[{"href":"https:\/\/eltrabajo.cl\/portal\/wp-json\/wp\/v2\/posts\/59497","targetHints":{"allow":["GET"]}}],"collection":[{"href":"https:\/\/eltrabajo.cl\/portal\/wp-json\/wp\/v2\/posts"}],"about":[{"href":"https:\/\/eltrabajo.cl\/portal\/wp-json\/wp\/v2\/types\/post"}],"author":[{"embeddable":true,"href":"https:\/\/eltrabajo.cl\/portal\/wp-json\/wp\/v2\/users\/482"}],"replies":[{"embeddable":true,"href":"https:\/\/eltrabajo.cl\/portal\/wp-json\/wp\/v2\/comments?post=59497"}],"version-history":[{"count":0,"href":"https:\/\/eltrabajo.cl\/portal\/wp-json\/wp\/v2\/posts\/59497\/revisions"}],"wp:featuredmedia":[{"embeddable":true,"href":"https:\/\/eltrabajo.cl\/portal\/wp-json\/wp\/v2\/media\/59498"}],"wp:attachment":[{"href":"https:\/\/eltrabajo.cl\/portal\/wp-json\/wp\/v2\/media?parent=59497"}],"wp:term":[{"taxonomy":"category","embeddable":true,"href":"https:\/\/eltrabajo.cl\/portal\/wp-json\/wp\/v2\/categories?post=59497"},{"taxonomy":"post_tag","embeddable":true,"href":"https:\/\/eltrabajo.cl\/portal\/wp-json\/wp\/v2\/tags?post=59497"}],"curies":[{"name":"wp","href":"https:\/\/api.w.org\/{rel}","templated":true}]}}