{"id":59512,"date":"2015-06-30T09:40:54","date_gmt":"2015-06-30T12:40:54","guid":{"rendered":"http:\/\/www.eltrabajo.cl\/portal\/?p=59512"},"modified":"2015-06-30T09:43:31","modified_gmt":"2015-06-30T12:43:31","slug":"carabineros-capturo-a-dos-peligrosos-delincuentes-que-asaltaban-a-transeuntes","status":"publish","type":"post","link":"https:\/\/eltrabajo.cl\/portal\/carabineros-capturo-a-dos-peligrosos-delincuentes-que-asaltaban-a-transeuntes\/","title":{"rendered":"Carabineros captur\u00f3 a dos peligrosos\u00a0delincuentes que asaltaban a transe\u00fantes"},"content":{"rendered":"<figure id=\"attachment_59513\" aria-describedby=\"caption-attachment-59513\" style=\"width: 300px\" class=\"wp-caption alignleft\"><a href=\"https:\/\/i0.wp.com\/www.eltrabajo.cl\/portal\/wp-content\/uploads\/2015\/06\/Juan-Frco-Cadiz-Figueroa.jpg\"><img data-recalc-dims=\"1\" loading=\"lazy\" decoding=\"async\" class=\"wp-image-59513 size-medium\" src=\"https:\/\/i0.wp.com\/www.eltrabajo.cl\/portal\/wp-content\/uploads\/2015\/06\/Juan-Frco-Cadiz-Figueroa-300x201.jpg?resize=300%2C201\" alt=\"El peligroso antisocial identificado como Juan Francisco Cadiz Figueroa qued\u00f3 a disposici\u00f3n de la Fiscal\u00eda luego de cometer dos robos con intimidaci\u00f3n utilizando, aparentemente seg\u00fan las v\u00edctimas, un arma de fuego.\" width=\"300\" height=\"201\" srcset=\"https:\/\/i0.wp.com\/eltrabajo.cl\/portal\/wp-content\/uploads\/2015\/06\/Juan-Frco-Cadiz-Figueroa.jpg?resize=300%2C201&amp;ssl=1 300w, https:\/\/i0.wp.com\/eltrabajo.cl\/portal\/wp-content\/uploads\/2015\/06\/Juan-Frco-Cadiz-Figueroa.jpg?resize=200%2C134&amp;ssl=1 200w, https:\/\/i0.wp.com\/eltrabajo.cl\/portal\/wp-content\/uploads\/2015\/06\/Juan-Frco-Cadiz-Figueroa.jpg?resize=224%2C150&amp;ssl=1 224w, https:\/\/i0.wp.com\/eltrabajo.cl\/portal\/wp-content\/uploads\/2015\/06\/Juan-Frco-Cadiz-Figueroa.jpg?resize=400%2C268&amp;ssl=1 400w, https:\/\/i0.wp.com\/eltrabajo.cl\/portal\/wp-content\/uploads\/2015\/06\/Juan-Frco-Cadiz-Figueroa.jpg?w=523&amp;ssl=1 523w\" sizes=\"auto, (max-width: 300px) 100vw, 300px\" \/><\/a><figcaption id=\"caption-attachment-59513\" class=\"wp-caption-text\">El peligroso antisocial identificado como Juan Francisco Cadiz Figueroa qued\u00f3 a disposici\u00f3n de la Fiscal\u00eda luego de cometer dos robos con intimidaci\u00f3n utilizando, aparentemente seg\u00fan las v\u00edctimas, un arma de fuego.<\/figcaption><\/figure>\n<p>En dos procedimientos Carabineros captur\u00f3 a dos antisociales luego de ser sindicados por las v\u00edctimas como autores de robo con intimidaci\u00f3n cuando se desplazaban por la v\u00eda p\u00fablica en San Felipe, siendo intimidados a golpes y con la utilizaci\u00f3n de un arma de fuego.<br \/>\nEl primer caso se produjo en horas de la noche del pasado viernes, cuando dos mujeres fueron intimidadas con una pistola por un desconocido que se movilizaba en una bicicleta, oblig\u00e1ndolas a hacer entrega de sus carteras donde portaban dinero en efectivo.<br \/>\nEl antisocial emprendi\u00f3 la huida con las pertenencias de las v\u00edctimas, las que denunciaran estos hechos a Carabineros quienes en tiempo r\u00e9cord lograron aprehender al delincuente que portaba las especies, siendo identificado como Juan Francisco C\u00e1diz Figueroa, quien cuenta con un amplio prontuario de delitos, quedando a disposici\u00f3n de la Fiscal\u00eda para la investigaci\u00f3n del delito.<br \/>\nEl segundo procedimiento ocurri\u00f3 en calle Cajales, cuando la v\u00edctima se dirig\u00eda hasta su lugar de trabajo a eso de las 07:20 horas del s\u00e1bado, siendo sorpresivamente abordada por un adolescente que, por medio de la fuerza, le arrebat\u00f3 un bolso con sus pertenencias, escapando en direcci\u00f3n desconocida.<br \/>\nEn un amplio operativo Carabineros logr\u00f3 encontrar al precoz antisocial, siendo aprehendido y puesto a disposici\u00f3n de la Fiscal\u00eda para la investigaci\u00f3n del caso.<br \/>\nCabe se\u00f1alar que este imputado manten\u00eda vigente una orden de detenci\u00f3n por otro delito que investiga el Ministerio P\u00fablico.<br \/>\n<strong>Pablo Salinas Sald\u00edas<\/strong><\/p>\n","protected":false},"excerpt":{"rendered":"<p>En dos procedimientos Carabineros captur\u00f3 a dos antisociales luego de ser sindicados por las v\u00edctimas como autores de robo con intimidaci\u00f3n cuando se desplazaban por la v\u00eda p\u00fablica en San Felipe, siendo&#8230;<\/p>\n","protected":false},"author":482,"featured_media":59513,"comment_status":"open","ping_status":"open","sticky":false,"template":"","format":"standard","meta":{"advanced_seo_description":"","jetpack_seo_html_title":"","jetpack_seo_noindex":false,"_jetpack_memberships_contains_paid_content":false,"footnotes":""},"categories":[21],"tags":[],"class_list":["post-59512","post","type-post","status-publish","format-standard","has-post-thumbnail","hentry","category-policial"],"jetpack_featured_media_url":"https:\/\/i0.wp.com\/eltrabajo.cl\/portal\/wp-content\/uploads\/2015\/06\/Juan-Frco-Cadiz-Figueroa.jpg?fit=523%2C350&ssl=1","jetpack_sharing_enabled":true,"jetpack_likes_enabled":true,"jetpack-related-posts":[],"_links":{"self":[{"href":"https:\/\/eltrabajo.cl\/portal\/wp-json\/wp\/v2\/posts\/59512","targetHints":{"allow":["GET"]}}],"collection":[{"href":"https:\/\/eltrabajo.cl\/portal\/wp-json\/wp\/v2\/posts"}],"about":[{"href":"https:\/\/eltrabajo.cl\/portal\/wp-json\/wp\/v2\/types\/post"}],"author":[{"embeddable":true,"href":"https:\/\/eltrabajo.cl\/portal\/wp-json\/wp\/v2\/users\/482"}],"replies":[{"embeddable":true,"href":"https:\/\/eltrabajo.cl\/portal\/wp-json\/wp\/v2\/comments?post=59512"}],"version-history":[{"count":0,"href":"https:\/\/eltrabajo.cl\/portal\/wp-json\/wp\/v2\/posts\/59512\/revisions"}],"wp:featuredmedia":[{"embeddable":true,"href":"https:\/\/eltrabajo.cl\/portal\/wp-json\/wp\/v2\/media\/59513"}],"wp:attachment":[{"href":"https:\/\/eltrabajo.cl\/portal\/wp-json\/wp\/v2\/media?parent=59512"}],"wp:term":[{"taxonomy":"category","embeddable":true,"href":"https:\/\/eltrabajo.cl\/portal\/wp-json\/wp\/v2\/categories?post=59512"},{"taxonomy":"post_tag","embeddable":true,"href":"https:\/\/eltrabajo.cl\/portal\/wp-json\/wp\/v2\/tags?post=59512"}],"curies":[{"name":"wp","href":"https:\/\/api.w.org\/{rel}","templated":true}]}}