{"id":59524,"date":"2015-07-01T09:13:43","date_gmt":"2015-07-01T12:13:43","guid":{"rendered":"http:\/\/www.eltrabajo.cl\/portal\/?p=59524"},"modified":"2015-07-01T09:13:43","modified_gmt":"2015-07-01T12:13:43","slug":"mas-de-cien-familias-reciben-escrituras-de-viviendas-en-san-esteban","status":"publish","type":"post","link":"https:\/\/eltrabajo.cl\/portal\/mas-de-cien-familias-reciben-escrituras-de-viviendas-en-san-esteban\/","title":{"rendered":"M\u00e1s de cien familias reciben escrituras de viviendas en San Esteban"},"content":{"rendered":"<figure id=\"attachment_59525\" aria-describedby=\"caption-attachment-59525\" style=\"width: 300px\" class=\"wp-caption alignleft\"><a href=\"https:\/\/i0.wp.com\/www.eltrabajo.cl\/portal\/wp-content\/uploads\/2015\/07\/Entrega-escrituras-1.jpg\"><img data-recalc-dims=\"1\" loading=\"lazy\" decoding=\"async\" class=\"wp-image-59525 size-medium\" src=\"https:\/\/i0.wp.com\/www.eltrabajo.cl\/portal\/wp-content\/uploads\/2015\/07\/Entrega-escrituras-1-300x198.jpg?resize=300%2C198\" alt=\"Son 125 familias las que fueron beneficiadas con la entrega de las escrituras de sus viviendas que los convirtieron en due\u00f1os definitivos de sus hogares.\" width=\"300\" height=\"198\" srcset=\"https:\/\/i0.wp.com\/eltrabajo.cl\/portal\/wp-content\/uploads\/2015\/07\/Entrega-escrituras-1.jpg?resize=300%2C198&amp;ssl=1 300w, https:\/\/i0.wp.com\/eltrabajo.cl\/portal\/wp-content\/uploads\/2015\/07\/Entrega-escrituras-1.jpg?resize=200%2C132&amp;ssl=1 200w, https:\/\/i0.wp.com\/eltrabajo.cl\/portal\/wp-content\/uploads\/2015\/07\/Entrega-escrituras-1.jpg?resize=227%2C150&amp;ssl=1 227w, https:\/\/i0.wp.com\/eltrabajo.cl\/portal\/wp-content\/uploads\/2015\/07\/Entrega-escrituras-1.jpg?resize=400%2C264&amp;ssl=1 400w, https:\/\/i0.wp.com\/eltrabajo.cl\/portal\/wp-content\/uploads\/2015\/07\/Entrega-escrituras-1.jpg?w=530&amp;ssl=1 530w\" sizes=\"auto, (max-width: 300px) 100vw, 300px\" \/><\/a><figcaption id=\"caption-attachment-59525\" class=\"wp-caption-text\">Son 125 familias las que fueron beneficiadas con la entrega de las escrituras de sus viviendas que los convirtieron en due\u00f1os definitivos de sus hogares.<\/figcaption><\/figure>\n<ul>\n<li><strong>Entre los beneficiados se hallan 20 vecinos de origen Mapuche que recibieron el documento que los convierte en propietarios de sus viviendas.<\/strong><\/li>\n<\/ul>\n<p><strong>SAN ESTEBAN<\/strong>.- \u201cSomos due\u00f1os de nuestras casas\u201d manifestaron los vecinos de la poblaci\u00f3n San Luis La Florida II de la comuna de San Esteban, tras recibir las escrituras de sus viviendas de manos del Ministerio de Vivienda y Urbanismo. En total, 125 familias fueron las beneficiadas con el traspaso del documento que los transform\u00f3 en due\u00f1os definitivos de sus hogares.<br \/>\nLas escrituras corresponden a 125 casas de 41 metros cuadrados con ampliaci\u00f3n proyectada, equipadas en su interior con ba\u00f1o, cocina, dos dormitorios y estar-comedor. Todas entregadas a fines del a\u00f1o 2014 a cargo de la empresa constructora San Esteban Ltda.<br \/>\nAdem\u00e1s, donde se levant\u00f3 este conjunto se contempl\u00f3 la construcci\u00f3n de \u00e1reas verdes, una multicancha, m\u00e1s una sede social para el espacio comunitario entre los vecinos. El proyecto fue financiado por el Minvu con m\u00e1s de $1.200 millones de pesos.<br \/>\nSilvia Rojas, presidenta del comit\u00e9 San Luis, sostuvo que \u201clogramos los objetivos. Estamos felices, las casas est\u00e1n todas preciosas y la gente ya est\u00e1 habit\u00e1ndolas. Agradezco a todos, tanto como las gestiones que hizo el Serviu por nosotros\u201d.<br \/>\nPor su parte, Omar Levic\u00e1n, presidente del comit\u00e9 NewenMapu que representa a 20 mapuches que tambi\u00e9n fueron beneficiados, destac\u00f3 la obtenci\u00f3n de las escrituras dado que \u201ces muy importante porque vimos la necesidad de nuestros pe\u00f1is, de nuestros hermanos, de ver la necesidad imperiosa de tener una vivienda, por eso nosotros formamos este comit\u00e9 con ascendencia ind\u00edgena, no s\u00f3lo mapuche\u201d.<br \/>\nFinalmente, el Director Regional del Serviu, Nelson Basaes, enfatiz\u00f3 que \u201cse cierra el proceso para que las familias sean definitivamente propietarias de estas viviendas. Este proyecto es muy bonito porque nos da la posibilidad de generar soluciones habitacionales y generar un proceso de integraci\u00f3n, donde conviven dos comit\u00e9s, San Luis y NewenMapu\u201d.<\/p>\n","protected":false},"excerpt":{"rendered":"<p>Entre los beneficiados se hallan 20 vecinos de origen Mapuche que recibieron el documento que los convierte en propietarios de sus viviendas. SAN ESTEBAN.- \u201cSomos due\u00f1os de nuestras casas\u201d manifestaron los vecinos&#8230;<\/p>\n","protected":false},"author":482,"featured_media":59525,"comment_status":"open","ping_status":"open","sticky":false,"template":"","format":"standard","meta":{"advanced_seo_description":"","jetpack_seo_html_title":"","jetpack_seo_noindex":false,"_jetpack_memberships_contains_paid_content":false,"footnotes":""},"categories":[15],"tags":[],"class_list":["post-59524","post","type-post","status-publish","format-standard","has-post-thumbnail","hentry","category-comunidad"],"jetpack_featured_media_url":"https:\/\/i0.wp.com\/eltrabajo.cl\/portal\/wp-content\/uploads\/2015\/07\/Entrega-escrituras-1.jpg?fit=530%2C350&ssl=1","jetpack_sharing_enabled":true,"jetpack_likes_enabled":true,"jetpack-related-posts":[],"_links":{"self":[{"href":"https:\/\/eltrabajo.cl\/portal\/wp-json\/wp\/v2\/posts\/59524","targetHints":{"allow":["GET"]}}],"collection":[{"href":"https:\/\/eltrabajo.cl\/portal\/wp-json\/wp\/v2\/posts"}],"about":[{"href":"https:\/\/eltrabajo.cl\/portal\/wp-json\/wp\/v2\/types\/post"}],"author":[{"embeddable":true,"href":"https:\/\/eltrabajo.cl\/portal\/wp-json\/wp\/v2\/users\/482"}],"replies":[{"embeddable":true,"href":"https:\/\/eltrabajo.cl\/portal\/wp-json\/wp\/v2\/comments?post=59524"}],"version-history":[{"count":0,"href":"https:\/\/eltrabajo.cl\/portal\/wp-json\/wp\/v2\/posts\/59524\/revisions"}],"wp:featuredmedia":[{"embeddable":true,"href":"https:\/\/eltrabajo.cl\/portal\/wp-json\/wp\/v2\/media\/59525"}],"wp:attachment":[{"href":"https:\/\/eltrabajo.cl\/portal\/wp-json\/wp\/v2\/media?parent=59524"}],"wp:term":[{"taxonomy":"category","embeddable":true,"href":"https:\/\/eltrabajo.cl\/portal\/wp-json\/wp\/v2\/categories?post=59524"},{"taxonomy":"post_tag","embeddable":true,"href":"https:\/\/eltrabajo.cl\/portal\/wp-json\/wp\/v2\/tags?post=59524"}],"curies":[{"name":"wp","href":"https:\/\/api.w.org\/{rel}","templated":true}]}}