{"id":59527,"date":"2015-07-01T09:14:44","date_gmt":"2015-07-01T12:14:44","guid":{"rendered":"http:\/\/www.eltrabajo.cl\/portal\/?p=59527"},"modified":"2015-07-01T09:15:23","modified_gmt":"2015-07-01T12:15:23","slug":"capacitan-a-personal-de-gendarmeria-en-prevencion-de-incendios","status":"publish","type":"post","link":"https:\/\/eltrabajo.cl\/portal\/capacitan-a-personal-de-gendarmeria-en-prevencion-de-incendios\/","title":{"rendered":"Capacitan a personal de Gendarmer\u00eda en prevenci\u00f3n de incendios"},"content":{"rendered":"<figure id=\"attachment_59528\" aria-describedby=\"caption-attachment-59528\" style=\"width: 300px\" class=\"wp-caption alignleft\"><a href=\"https:\/\/i0.wp.com\/www.eltrabajo.cl\/portal\/wp-content\/uploads\/2015\/07\/CAPACITACI%C3%93N-7.jpg\"><img data-recalc-dims=\"1\" loading=\"lazy\" decoding=\"async\" class=\"wp-image-59528 size-medium\" src=\"https:\/\/i0.wp.com\/www.eltrabajo.cl\/portal\/wp-content\/uploads\/2015\/07\/CAPACITACI%C3%93N-7-300x198.jpg?resize=300%2C198\" alt=\"Durante dos semanas, once funcionarios de gendarmer\u00eda recibieron cursos de formaci\u00f3n de instructores de brigadas contra incendios y manejo del trauma, y atenci\u00f3n pre-hospitalaria.\" width=\"300\" height=\"198\" srcset=\"https:\/\/i0.wp.com\/eltrabajo.cl\/portal\/wp-content\/uploads\/2015\/07\/CAPACITACI%C3%93N-7.jpg?resize=300%2C198&amp;ssl=1 300w, https:\/\/i0.wp.com\/eltrabajo.cl\/portal\/wp-content\/uploads\/2015\/07\/CAPACITACI%C3%93N-7.jpg?resize=200%2C132&amp;ssl=1 200w, https:\/\/i0.wp.com\/eltrabajo.cl\/portal\/wp-content\/uploads\/2015\/07\/CAPACITACI%C3%93N-7.jpg?resize=227%2C150&amp;ssl=1 227w, https:\/\/i0.wp.com\/eltrabajo.cl\/portal\/wp-content\/uploads\/2015\/07\/CAPACITACI%C3%93N-7.jpg?resize=400%2C264&amp;ssl=1 400w, https:\/\/i0.wp.com\/eltrabajo.cl\/portal\/wp-content\/uploads\/2015\/07\/CAPACITACI%C3%93N-7.jpg?w=530&amp;ssl=1 530w\" sizes=\"auto, (max-width: 300px) 100vw, 300px\" \/><\/a><figcaption id=\"caption-attachment-59528\" class=\"wp-caption-text\">Durante dos semanas, once funcionarios de gendarmer\u00eda recibieron cursos de formaci\u00f3n de instructores de brigadas contra incendios y manejo del trauma, y atenci\u00f3n pre-hospitalaria.<\/figcaption><\/figure>\n<p>Durante una semana, funcionarios realizaron cursos en el Centro de Entrenamiento para Emergencias.<br \/>\nEl \u00faltimo incendio en la regi\u00f3n ocurri\u00f3 el siete de marzo pasado en el Centro de Cumplimiento Penitenciario de Los Andes. En aquella oportunidad el correcto actuar de los funcionarios de Gendarmer\u00eda para evacuar a la poblaci\u00f3n penal y la r\u00e1pida llamada a bomberos permiti\u00f3 que no se registraran v\u00edctimas fatales ni lesionados y que el siniestro solo afectase a un pabell\u00f3n de la unidad.<br \/>\nPor lo anterior, durante una semana once funcionarios dejaron de lado su trabajo en los recintos de Gendarmer\u00eda para adquirir nuevos conocimientos para combatir posibles siniestros. Con este objetivo es que participaron en los cursos de formaci\u00f3n de instructores de brigadas contra incendios y manejo del trauma y atenci\u00f3n pre-hospitalaria.<br \/>\nEl encargado regional de prevenci\u00f3n de riesgos de Gendarmer\u00eda, Teniente 1\u00b0 Christopher Ib\u00e1\u00f1ez, sostuvo que: \u201cEmpezamos este trabajo el a\u00f1o 2012 y al 2015 f\u00e1cilmente llevamos 150 funcionarios capacitados y certificados por la Academia Nacional de Bomberos.\u201d<br \/>\nCabe destacar que cada unidad cuenta con estas brigadas, las que muchas veces est\u00e1n compuestas tanto por gendarmes como por internos, quienes colaboran en caso de una emergencia.<br \/>\nCabe destacar que actualmente se est\u00e1n construyendo redes contra incendio en los centros penales de: San Antonio, San Felipe y Los Andes. Estos vienen a sumarse a los ya existentes en Valpara\u00edso y Limache.<\/p>\n","protected":false},"excerpt":{"rendered":"<p>Durante una semana, funcionarios realizaron cursos en el Centro de Entrenamiento para Emergencias. El \u00faltimo incendio en la regi\u00f3n ocurri\u00f3 el siete de marzo pasado en el Centro de Cumplimiento Penitenciario de&#8230;<\/p>\n","protected":false},"author":482,"featured_media":59528,"comment_status":"open","ping_status":"open","sticky":false,"template":"","format":"standard","meta":{"advanced_seo_description":"","jetpack_seo_html_title":"","jetpack_seo_noindex":false,"_jetpack_memberships_contains_paid_content":false,"footnotes":""},"categories":[15],"tags":[],"class_list":["post-59527","post","type-post","status-publish","format-standard","has-post-thumbnail","hentry","category-comunidad"],"jetpack_featured_media_url":"https:\/\/i0.wp.com\/eltrabajo.cl\/portal\/wp-content\/uploads\/2015\/07\/CAPACITACI%C3%93N-7.jpg?fit=530%2C350&ssl=1","jetpack_sharing_enabled":true,"jetpack_likes_enabled":true,"jetpack-related-posts":[],"_links":{"self":[{"href":"https:\/\/eltrabajo.cl\/portal\/wp-json\/wp\/v2\/posts\/59527","targetHints":{"allow":["GET"]}}],"collection":[{"href":"https:\/\/eltrabajo.cl\/portal\/wp-json\/wp\/v2\/posts"}],"about":[{"href":"https:\/\/eltrabajo.cl\/portal\/wp-json\/wp\/v2\/types\/post"}],"author":[{"embeddable":true,"href":"https:\/\/eltrabajo.cl\/portal\/wp-json\/wp\/v2\/users\/482"}],"replies":[{"embeddable":true,"href":"https:\/\/eltrabajo.cl\/portal\/wp-json\/wp\/v2\/comments?post=59527"}],"version-history":[{"count":0,"href":"https:\/\/eltrabajo.cl\/portal\/wp-json\/wp\/v2\/posts\/59527\/revisions"}],"wp:featuredmedia":[{"embeddable":true,"href":"https:\/\/eltrabajo.cl\/portal\/wp-json\/wp\/v2\/media\/59528"}],"wp:attachment":[{"href":"https:\/\/eltrabajo.cl\/portal\/wp-json\/wp\/v2\/media?parent=59527"}],"wp:term":[{"taxonomy":"category","embeddable":true,"href":"https:\/\/eltrabajo.cl\/portal\/wp-json\/wp\/v2\/categories?post=59527"},{"taxonomy":"post_tag","embeddable":true,"href":"https:\/\/eltrabajo.cl\/portal\/wp-json\/wp\/v2\/tags?post=59527"}],"curies":[{"name":"wp","href":"https:\/\/api.w.org\/{rel}","templated":true}]}}