{"id":59530,"date":"2015-07-01T09:17:12","date_gmt":"2015-07-01T12:17:12","guid":{"rendered":"http:\/\/www.eltrabajo.cl\/portal\/?p=59530"},"modified":"2015-07-01T09:17:12","modified_gmt":"2015-07-01T12:17:12","slug":"walter-arancibia-director-del-dario-salas-el-ano-escolar-a-estas-alturas-ya-es-irrecuperable","status":"publish","type":"post","link":"https:\/\/eltrabajo.cl\/portal\/walter-arancibia-director-del-dario-salas-el-ano-escolar-a-estas-alturas-ya-es-irrecuperable\/","title":{"rendered":"Walter Arancibia, director del Dar\u00edo Salas:\u00a0\u00abEl a\u00f1o escolar a estas alturas ya es irrecuperable\u00bb"},"content":{"rendered":"<figure id=\"attachment_59531\" aria-describedby=\"caption-attachment-59531\" style=\"width: 300px\" class=\"wp-caption alignleft\"><a href=\"https:\/\/i0.wp.com\/www.eltrabajo.cl\/portal\/wp-content\/uploads\/2015\/07\/Walter-Arancibia.jpg\"><img data-recalc-dims=\"1\" loading=\"lazy\" decoding=\"async\" class=\"wp-image-59531 size-medium\" src=\"https:\/\/i0.wp.com\/www.eltrabajo.cl\/portal\/wp-content\/uploads\/2015\/07\/Walter-Arancibia-300x198.jpg?resize=300%2C198\" alt=\"Director del Liceo Dar\u00edo Salas de Santa Mar\u00eda, Walter Arancibia.\" width=\"300\" height=\"198\" srcset=\"https:\/\/i0.wp.com\/eltrabajo.cl\/portal\/wp-content\/uploads\/2015\/07\/Walter-Arancibia.jpg?resize=300%2C198&amp;ssl=1 300w, https:\/\/i0.wp.com\/eltrabajo.cl\/portal\/wp-content\/uploads\/2015\/07\/Walter-Arancibia.jpg?resize=200%2C132&amp;ssl=1 200w, https:\/\/i0.wp.com\/eltrabajo.cl\/portal\/wp-content\/uploads\/2015\/07\/Walter-Arancibia.jpg?resize=228%2C150&amp;ssl=1 228w, https:\/\/i0.wp.com\/eltrabajo.cl\/portal\/wp-content\/uploads\/2015\/07\/Walter-Arancibia.jpg?resize=400%2C263&amp;ssl=1 400w, https:\/\/i0.wp.com\/eltrabajo.cl\/portal\/wp-content\/uploads\/2015\/07\/Walter-Arancibia.jpg?w=530&amp;ssl=1 530w\" sizes=\"auto, (max-width: 300px) 100vw, 300px\" \/><\/a><figcaption id=\"caption-attachment-59531\" class=\"wp-caption-text\">Director del Liceo Dar\u00edo Salas de Santa Mar\u00eda, Walter Arancibia.<\/figcaption><\/figure>\n<p>El subdirector del Colegio Bicentenario Cordillera, Jos\u00e9 Ib\u00e1\u00f1ez, tambi\u00e9n habl\u00f3 de los logros del colegio, tras negarse sus profesores ir al paro.<br \/>\nMientras que cientos de miles de profesores contin\u00faan marchando por las calles de Chile en reclamo por sus derechos, tras un paro que ya se extiende a m\u00e1s de un mes, otros centros educativos de San Felipe contin\u00faan en cambio dando clases con normalidad, factor que finalmente favorece a los estudiantes, quienes a fin de cuentas son los \u00fanicos afectados.<br \/>\nDiario el Trabajo habl\u00f3 ayer martes con Jos\u00e9 Ib\u00e1\u00f1ez Rojas, subdirector del Colegio Bicentenario Cordillera, en donde los 1.070 estudiantes siguen con total normalidad su desarrollo de aprendizaje.<\/p>\n<figure id=\"attachment_59532\" aria-describedby=\"caption-attachment-59532\" style=\"width: 300px\" class=\"wp-caption alignright\"><a href=\"https:\/\/i0.wp.com\/www.eltrabajo.cl\/portal\/wp-content\/uploads\/2015\/07\/Jose-Ibanez.jpg\"><img data-recalc-dims=\"1\" loading=\"lazy\" decoding=\"async\" class=\"wp-image-59532 size-medium\" src=\"https:\/\/i0.wp.com\/www.eltrabajo.cl\/portal\/wp-content\/uploads\/2015\/07\/Jose-Ibanez-300x197.jpg?resize=300%2C197\" alt=\"Jos\u00e9 Ib\u00e1\u00f1ez Rojas, subdirector del Colegio Bicentenario Cordillera.\" width=\"300\" height=\"197\" srcset=\"https:\/\/i0.wp.com\/eltrabajo.cl\/portal\/wp-content\/uploads\/2015\/07\/Jose-Ibanez.jpg?resize=300%2C197&amp;ssl=1 300w, https:\/\/i0.wp.com\/eltrabajo.cl\/portal\/wp-content\/uploads\/2015\/07\/Jose-Ibanez.jpg?resize=200%2C131&amp;ssl=1 200w, https:\/\/i0.wp.com\/eltrabajo.cl\/portal\/wp-content\/uploads\/2015\/07\/Jose-Ibanez.jpg?resize=228%2C150&amp;ssl=1 228w, https:\/\/i0.wp.com\/eltrabajo.cl\/portal\/wp-content\/uploads\/2015\/07\/Jose-Ibanez.jpg?resize=400%2C263&amp;ssl=1 400w, https:\/\/i0.wp.com\/eltrabajo.cl\/portal\/wp-content\/uploads\/2015\/07\/Jose-Ibanez.jpg?w=530&amp;ssl=1 530w\" sizes=\"auto, (max-width: 300px) 100vw, 300px\" \/><\/a><figcaption id=\"caption-attachment-59532\" class=\"wp-caption-text\">Jos\u00e9 Ib\u00e1\u00f1ez Rojas, subdirector del Colegio Bicentenario Cordillera.<\/figcaption><\/figure>\n<p>\u00abEntre todos los profesores lo decidimos, que seguir\u00edamos impartiendo clases normalmente, pues pese a lo complejo de este conflicto nacional, consideramos darle prioridad a nuestros estudiantes. Tenemos programado salir el 8 de julio para las vacaciones de invierno\u00bb, dijo Ib\u00e1\u00f1ez.<\/p>\n<p><strong>A\u00d1O PERDIDO<\/strong><br \/>\nDe manera aparte, pero siempre sobre el tema de este paro, nuestro medio tambi\u00e9n habl\u00f3 con el director del Liceo Dar\u00edo Salas de Santa Mar\u00eda, Walter Arancibia, quien de manera directa fue tajante sobre el tema, \u00abpr\u00e1cticamente este a\u00f1o lectivo ya se perdi\u00f3, ya que los objetivos de contenidos para el a\u00f1o escolar son casi irrecuperables, pues es imposible recuperar el ritmo de trabajo. A\u00fan contando con que aunque se pretenda recuperar en diciembre, se debe recordar que en ese mes tenemos Navidad y A\u00f1o Nuevo, de manera que ya no contar\u00edamos con un mes normal\u00bb.<br \/>\nAgreg\u00f3 Arancibia, que \u00abaqu\u00ed tambi\u00e9n hay que considerar a los alumnos que est\u00e1n perdiendo clases, no podremos pasar todos los contenidos en lo que falta de 2015, si bien es cierto ya conocemos la posici\u00f3n del Gobierno y del Colegio de Profesores, nadie habla por los estudiantes. El Gobierno ya cedi\u00f3 un poco, ahora son los profesores quienes deben tambi\u00e9n definirse, s\u00e9 que mis 40 profesores sabr\u00e1n hacer su mejor trabajo con los m\u00e1s de 500 alumnos\u00bb, dijo Walter.<br \/>\n<strong>Roberto Gonz\u00e1lez Short<\/strong><br \/>\n<strong>rgonzalez@eltrabajo.cl<\/strong><\/p>\n","protected":false},"excerpt":{"rendered":"<p>El subdirector del Colegio Bicentenario Cordillera, Jos\u00e9 Ib\u00e1\u00f1ez, tambi\u00e9n habl\u00f3 de los logros del colegio, tras negarse sus profesores ir al paro. Mientras que cientos de miles de profesores contin\u00faan marchando por&#8230;<\/p>\n","protected":false},"author":482,"featured_media":59531,"comment_status":"open","ping_status":"open","sticky":false,"template":"","format":"standard","meta":{"advanced_seo_description":"","jetpack_seo_html_title":"","jetpack_seo_noindex":false,"_jetpack_memberships_contains_paid_content":false,"footnotes":""},"categories":[15],"tags":[],"class_list":["post-59530","post","type-post","status-publish","format-standard","has-post-thumbnail","hentry","category-comunidad"],"jetpack_featured_media_url":"https:\/\/i0.wp.com\/eltrabajo.cl\/portal\/wp-content\/uploads\/2015\/07\/Walter-Arancibia.jpg?fit=530%2C349&ssl=1","jetpack_sharing_enabled":true,"jetpack_likes_enabled":true,"jetpack-related-posts":[],"_links":{"self":[{"href":"https:\/\/eltrabajo.cl\/portal\/wp-json\/wp\/v2\/posts\/59530","targetHints":{"allow":["GET"]}}],"collection":[{"href":"https:\/\/eltrabajo.cl\/portal\/wp-json\/wp\/v2\/posts"}],"about":[{"href":"https:\/\/eltrabajo.cl\/portal\/wp-json\/wp\/v2\/types\/post"}],"author":[{"embeddable":true,"href":"https:\/\/eltrabajo.cl\/portal\/wp-json\/wp\/v2\/users\/482"}],"replies":[{"embeddable":true,"href":"https:\/\/eltrabajo.cl\/portal\/wp-json\/wp\/v2\/comments?post=59530"}],"version-history":[{"count":0,"href":"https:\/\/eltrabajo.cl\/portal\/wp-json\/wp\/v2\/posts\/59530\/revisions"}],"wp:featuredmedia":[{"embeddable":true,"href":"https:\/\/eltrabajo.cl\/portal\/wp-json\/wp\/v2\/media\/59531"}],"wp:attachment":[{"href":"https:\/\/eltrabajo.cl\/portal\/wp-json\/wp\/v2\/media?parent=59530"}],"wp:term":[{"taxonomy":"category","embeddable":true,"href":"https:\/\/eltrabajo.cl\/portal\/wp-json\/wp\/v2\/categories?post=59530"},{"taxonomy":"post_tag","embeddable":true,"href":"https:\/\/eltrabajo.cl\/portal\/wp-json\/wp\/v2\/tags?post=59530"}],"curies":[{"name":"wp","href":"https:\/\/api.w.org\/{rel}","templated":true}]}}