{"id":59534,"date":"2015-07-01T09:20:39","date_gmt":"2015-07-01T12:20:39","guid":{"rendered":"http:\/\/www.eltrabajo.cl\/portal\/?p=59534"},"modified":"2015-07-01T09:20:39","modified_gmt":"2015-07-01T12:20:39","slug":"programa-de-habitabilidad-beneficia-a-20-familias-sanfelipenas","status":"publish","type":"post","link":"https:\/\/eltrabajo.cl\/portal\/programa-de-habitabilidad-beneficia-a-20-familias-sanfelipenas\/","title":{"rendered":"Programa de Habitabilidad beneficia a 20 familias sanfelipe\u00f1as"},"content":{"rendered":"<figure id=\"attachment_59535\" aria-describedby=\"caption-attachment-59535\" style=\"width: 300px\" class=\"wp-caption alignleft\"><a href=\"https:\/\/i0.wp.com\/www.eltrabajo.cl\/portal\/wp-content\/uploads\/2015\/07\/habitabilidad.jpg\"><img data-recalc-dims=\"1\" loading=\"lazy\" decoding=\"async\" class=\"wp-image-59535 size-medium\" src=\"https:\/\/i0.wp.com\/www.eltrabajo.cl\/portal\/wp-content\/uploads\/2015\/07\/habitabilidad-300x198.jpg?resize=300%2C198\" alt=\"El administrador municipal Patricio Gonz\u00e1lez junto a familias beneficiarias del Programa de Habitabilidad de la municipalidad sanfelipe\u00f1a.\" width=\"300\" height=\"198\" srcset=\"https:\/\/i0.wp.com\/eltrabajo.cl\/portal\/wp-content\/uploads\/2015\/07\/habitabilidad.jpg?resize=300%2C198&amp;ssl=1 300w, https:\/\/i0.wp.com\/eltrabajo.cl\/portal\/wp-content\/uploads\/2015\/07\/habitabilidad.jpg?resize=200%2C132&amp;ssl=1 200w, https:\/\/i0.wp.com\/eltrabajo.cl\/portal\/wp-content\/uploads\/2015\/07\/habitabilidad.jpg?resize=227%2C150&amp;ssl=1 227w, https:\/\/i0.wp.com\/eltrabajo.cl\/portal\/wp-content\/uploads\/2015\/07\/habitabilidad.jpg?resize=400%2C264&amp;ssl=1 400w, https:\/\/i0.wp.com\/eltrabajo.cl\/portal\/wp-content\/uploads\/2015\/07\/habitabilidad.jpg?w=530&amp;ssl=1 530w\" sizes=\"auto, (max-width: 300px) 100vw, 300px\" \/><\/a><figcaption id=\"caption-attachment-59535\" class=\"wp-caption-text\">El administrador municipal Patricio Gonz\u00e1lez junto a familias beneficiarias del Programa de Habitabilidad de la municipalidad sanfelipe\u00f1a.<\/figcaption><\/figure>\n<ul>\n<li><strong>20 millones de pesos puso a disposici\u00f3n del municipio el Ministerio de Desarrollo Social, para brindar apoyo a familias en condici\u00f3n de vulnerabilidad.<\/strong><\/li>\n<\/ul>\n<p>Mejorar la calidad de vida en la vivienda de familias en situaci\u00f3n de pobreza, es el objetivo del Programa de Habitabilidad, iniciativa que ejecuta la Municipalidad de San Felipe, gracias a los recursos que otorga el Ministerio de Desarrollo Social.<br \/>\nSe trata de una iniciativa que en 2014 favoreci\u00f3 a un total de 20 familias, para quienes se puso a disposici\u00f3n un total de 20 millones de pesos, los que permitieron la ejecuci\u00f3n de iniciativas relacionadas con la implementaci\u00f3n de servicios b\u00e1sicos, mejoramiento de sus viviendas, equipamiento b\u00e1sico para comer y dormir, as\u00ed como su participaci\u00f3n en talleres de habitabilidad.<br \/>\nSeg\u00fan explic\u00f3 el administrador municipal Patricio Gonz\u00e1lez, \u201cestos recursos permitieron el desarrollo de distintas mejoras y labores que se realizaron en sus viviendas y lo m\u00e1s importante que hay que destacar es que el Gobierno, a trav\u00e9s de esta pol\u00edtica p\u00fablica, nos permite a nosotros como municipio, que somos los ejecutores, conocer, compartir, acercarnos y contribuir con un granito de arena en el mejoramiento de su calidad de vida\u201d.<br \/>\nResalt\u00f3 el administrador municipal que si bien el Gobierno implementa estas pol\u00edticas p\u00fablicas que se focalizan en familias en situaci\u00f3n de vulnerabilidad, ha sido tambi\u00e9n una pol\u00edtica del alcalde Patricio Freire, el avanzar y trabajar intensamente por apoyar a aquellos sanfelipe\u00f1os que viven en condiciones desmejoradas.<br \/>\n\u201cEsta pol\u00edtica municipal tiene que ver con las familias m\u00e1s necesitadas, m\u00e1s vulnerables y que requieren m\u00e1s apoyo. Creemos que esta iniciativa, como muchos otros proyectos y programas que ejecuta la municipalidad de San Felipe, en salud, educaci\u00f3n, vivienda, adultos mayores, mujeres, entre otros; siempre son importantes porque nos mantienen en contacto con los vecinos, apoy\u00e1ndoles en la resoluci\u00f3n de sus problemas\u201d, manifest\u00f3 Patricio Gonz\u00e1lez.<br \/>\nAgradeci\u00f3 en ese sentido el personero, el trabajo desarrollado por el equipo profesional del municipio a cargo de este programa, \u201cque realmente se despliega en toda la comuna para trabajar con las familias\u201d.<br \/>\nAs\u00ed tambi\u00e9n expres\u00f3 su agradecimiento \u201ca las familias que nos abrieron las puertas de sus casas, que nos permitieron entrar y compartir con sus familias, para acompa\u00f1arles durante un per\u00edodo.\u201d<br \/>\nEl administrador municipal de San Felipe manifest\u00f3 que el compromiso de la corporaci\u00f3n edilicia se mantiene con estas familias, a fin de apoyarles en procesos orientados al desarrollo de emprendimientos, para que puedan insertarse laboralmente, as\u00ed como para que puedan continuar en la l\u00ednea de mejorar su calidad de vida, aprovechando los distintos instrumentos que pone a su disposici\u00f3n el Estado y en cuyo desarrollo, muchas veces, la municipalidad desempe\u00f1a un papel fundamental.<\/p>\n","protected":false},"excerpt":{"rendered":"<p>20 millones de pesos puso a disposici\u00f3n del municipio el Ministerio de Desarrollo Social, para brindar apoyo a familias en condici\u00f3n de vulnerabilidad. Mejorar la calidad de vida en la vivienda de&#8230;<\/p>\n","protected":false},"author":482,"featured_media":59535,"comment_status":"open","ping_status":"open","sticky":false,"template":"","format":"standard","meta":{"advanced_seo_description":"","jetpack_seo_html_title":"","jetpack_seo_noindex":false,"_jetpack_memberships_contains_paid_content":false,"footnotes":""},"categories":[15],"tags":[],"class_list":["post-59534","post","type-post","status-publish","format-standard","has-post-thumbnail","hentry","category-comunidad"],"jetpack_featured_media_url":"https:\/\/i0.wp.com\/eltrabajo.cl\/portal\/wp-content\/uploads\/2015\/07\/habitabilidad.jpg?fit=530%2C350&ssl=1","jetpack_sharing_enabled":true,"jetpack_likes_enabled":true,"jetpack-related-posts":[],"_links":{"self":[{"href":"https:\/\/eltrabajo.cl\/portal\/wp-json\/wp\/v2\/posts\/59534","targetHints":{"allow":["GET"]}}],"collection":[{"href":"https:\/\/eltrabajo.cl\/portal\/wp-json\/wp\/v2\/posts"}],"about":[{"href":"https:\/\/eltrabajo.cl\/portal\/wp-json\/wp\/v2\/types\/post"}],"author":[{"embeddable":true,"href":"https:\/\/eltrabajo.cl\/portal\/wp-json\/wp\/v2\/users\/482"}],"replies":[{"embeddable":true,"href":"https:\/\/eltrabajo.cl\/portal\/wp-json\/wp\/v2\/comments?post=59534"}],"version-history":[{"count":0,"href":"https:\/\/eltrabajo.cl\/portal\/wp-json\/wp\/v2\/posts\/59534\/revisions"}],"wp:featuredmedia":[{"embeddable":true,"href":"https:\/\/eltrabajo.cl\/portal\/wp-json\/wp\/v2\/media\/59535"}],"wp:attachment":[{"href":"https:\/\/eltrabajo.cl\/portal\/wp-json\/wp\/v2\/media?parent=59534"}],"wp:term":[{"taxonomy":"category","embeddable":true,"href":"https:\/\/eltrabajo.cl\/portal\/wp-json\/wp\/v2\/categories?post=59534"},{"taxonomy":"post_tag","embeddable":true,"href":"https:\/\/eltrabajo.cl\/portal\/wp-json\/wp\/v2\/tags?post=59534"}],"curies":[{"name":"wp","href":"https:\/\/api.w.org\/{rel}","templated":true}]}}