{"id":59558,"date":"2015-07-01T09:37:41","date_gmt":"2015-07-01T12:37:41","guid":{"rendered":"http:\/\/www.eltrabajo.cl\/portal\/?p=59558"},"modified":"2015-07-01T09:37:41","modified_gmt":"2015-07-01T12:37:41","slug":"adolescente-condenado-a-6-anos-en-libertad-por-dos-delitos-de-robo","status":"publish","type":"post","link":"https:\/\/eltrabajo.cl\/portal\/adolescente-condenado-a-6-anos-en-libertad-por-dos-delitos-de-robo\/","title":{"rendered":"Adolescente condenado a 6 a\u00f1os en libertad por dos delitos de robo"},"content":{"rendered":"<figure id=\"attachment_59559\" aria-describedby=\"caption-attachment-59559\" style=\"width: 300px\" class=\"wp-caption alignleft\"><a href=\"https:\/\/i0.wp.com\/www.eltrabajo.cl\/portal\/wp-content\/uploads\/2015\/07\/Detenidos1.jpg\"><img data-recalc-dims=\"1\" loading=\"lazy\" decoding=\"async\" class=\"wp-image-59559 size-medium\" src=\"https:\/\/i0.wp.com\/www.eltrabajo.cl\/portal\/wp-content\/uploads\/2015\/07\/Detenidos1-300x198.jpg?resize=300%2C198\" alt=\"La banda delictual estaba compuesta por un adulto de 23 a\u00f1os, dos menores de 16 y un ni\u00f1o de s\u00f3lo 12 a\u00f1os.\" width=\"300\" height=\"198\" srcset=\"https:\/\/i0.wp.com\/eltrabajo.cl\/portal\/wp-content\/uploads\/2015\/07\/Detenidos1.jpg?resize=300%2C198&amp;ssl=1 300w, https:\/\/i0.wp.com\/eltrabajo.cl\/portal\/wp-content\/uploads\/2015\/07\/Detenidos1.jpg?resize=200%2C132&amp;ssl=1 200w, https:\/\/i0.wp.com\/eltrabajo.cl\/portal\/wp-content\/uploads\/2015\/07\/Detenidos1.jpg?resize=227%2C150&amp;ssl=1 227w, https:\/\/i0.wp.com\/eltrabajo.cl\/portal\/wp-content\/uploads\/2015\/07\/Detenidos1.jpg?resize=400%2C264&amp;ssl=1 400w, https:\/\/i0.wp.com\/eltrabajo.cl\/portal\/wp-content\/uploads\/2015\/07\/Detenidos1.jpg?w=530&amp;ssl=1 530w\" sizes=\"auto, (max-width: 300px) 100vw, 300px\" \/><\/a><figcaption id=\"caption-attachment-59559\" class=\"wp-caption-text\">La banda delictual estaba compuesta por un adulto de 23 a\u00f1os, dos menores de 16 y un ni\u00f1o de s\u00f3lo 12 a\u00f1os.<\/figcaption><\/figure>\n<p>\u00daltimo integrante de banda delictual fue procesado y considerado culpable por el Tribunal Oral de San Felipe por dos robos con intimidaci\u00f3n en el sector de Piguch\u00e9n en Putaendo. La legislaci\u00f3n establece programas de reinserci\u00f3n social para menores de edad condenados bajo el alero del Servicio Nacional de Menores.<br \/>\nA dos penas ascendentes a 6 a\u00f1os de r\u00e9gimen semicerrado en libertad, en un Centro de Internaci\u00f3n del Sename, fue condenado un adolescente de 16 a\u00f1os de edad, \u00faltimo integrante de una banda delictual ya procesada judicialmente, quien la semana pasada fue considerado culpable de dos delitos de robo con intimidaci\u00f3n por el Tribunal Oral en Lo Penal de San Felipe. La sentencia qued\u00f3 muy por debajo de lo requerido por la Fiscal\u00eda, que persegu\u00eda una condena de 20 a\u00f1os bajo r\u00e9gimen cerrado.<br \/>\nCon este dictamen judicial se cierra eventualmente el ciclo de condenas a esta peligrosa pandilla integrada por un individuo de 23 a\u00f1os de edad, dos adolescentes de 16 y un ni\u00f1o de apenas 12 a\u00f1os de edad, este \u00faltimo inimputable, mientras que el mayor de todos fue sentenciado a una pena de libertad vigilada en juicio abreviado, mientras que los otros menores de edad a penas de r\u00e9gimen semicerrado en Centros para Adolescentes bajo la supervisi\u00f3n del Servicio Nacional de Menores, Sename.<br \/>\nBajo esta perspectiva la abogada defensora de este \u00faltimo caso, representante del adolescente, Mar\u00eda Isabel Montenegro, precis\u00f3 a Diario El Trabajo que cuando la sentencia quede firme y ejecutoriada se dar\u00e1 inicio al plan de intervenci\u00f3n que busca la reinserci\u00f3n social de su representado. Sin embargo la jurista se\u00f1al\u00f3 que \u00abdeber\u00e1 estudiar el razonamiento del tribunal para entender la condena impuesta y eventualmente recurrir a nulidad\u00bb.<br \/>\nComo se recordar\u00e1, los hechos ocurrieron el 31 de marzo de 2014 cerca de las 10:30 horas, cuando los delincuentes abordaron un veh\u00edculo marca Chevrolet desde Los Andes para dirigirse hasta la comuna de Putaendo, luego de haber consumido alcohol y drogas durante la noche.<br \/>\nLos hoy condenados se dirigieron hasta el sector de Piguch\u00e9n, irrumpiendo al interior de una parcela donde se encontraba una mujer que portaba entre sus brazos una beb\u00e9, quienes en forma violenta intimidaron a la v\u00edctima con un cuchillo y un destornillador, mientras el menor de doce a\u00f1os registraba las dependencias para robar un notebook y dos tel\u00e9fonos celulares para luego escapar a bordo del veh\u00edculo.<br \/>\nMinutos m\u00e1s tarde, los malhechores asaltaron el almac\u00e9n y botiller\u00eda \u2018Santa Ana\u2019 ubicado en esa misma localidad, amenazando de muerte a la propietaria y robar una importante cantidad de dinero y cajetillas de cigarrillos.<br \/>\nEn aquella ocasi\u00f3n las alertas de auxilio de las propias v\u00edctimas activaron a Carabineros de la Tenencia de Putaendo, desplegando un plan candado para ir en captura de los sujetos, quienes escapaban a gran velocidad en el veh\u00edculo que se dirig\u00eda en direcci\u00f3n a San Felipe.<br \/>\nLos operativos policiales debieron extenderse, requiriendo cooperaci\u00f3n de efectivos de Carabineros de San Felipe para lograr interceptarlos en la Punta del Olivo, sin embargo la persecuci\u00f3n se extendi\u00f3 hasta la comuna de Rinconada, donde se logr\u00f3 finalmente darles alcance en las cercan\u00edas del Santuario de Santa Teresa, cuando el veh\u00edculo impact\u00f3 contra un poste de alumbrado p\u00fablico, lo que permiti\u00f3 la aprehensi\u00f3n de los protagonistas de estos delitos.<br \/>\nLos procesados fueron identificados como Jos\u00e9 Miguel Pozo Tapia, de 20 a\u00f1os; D.P.A. de 16 a\u00f1os; E.M.I. de 16 a\u00f1os, con un amplio prontuario policial y la excepci\u00f3n de inimputabilidad del menor de doce a\u00f1os de edad de iniciales A.S.O., domiciliado en la comuna de Colina.<br \/>\nTras el fallo judicial del Tribunal Oral en Lo Penal de San Felipe, existen diez d\u00edas de plazo para que tanto la Fiscal\u00eda como la Defensor\u00eda Penal P\u00fablica analice la sentencia y pueda pronunciarse ante un eventual recurso de nulidad sobre este caso<strong>.<\/strong><br \/>\n<strong>Pablo Salinas Sald\u00edas<\/strong><\/p>\n<div class=\"tiled-gallery type-rectangular tiled-gallery-unresized\" data-original-width=\"640\" data-carousel-extra='null' itemscope itemtype=\"http:\/\/schema.org\/ImageGallery\" > <div class=\"gallery-row\" style=\"width: 640px; height: 212px;\" data-original-width=\"640\" data-original-height=\"212\" > <div class=\"gallery-group images-1\" style=\"width: 318px; height: 212px;\" data-original-width=\"318\" data-original-height=\"212\" > <div class=\"tiled-gallery-item tiled-gallery-item-large\" itemprop=\"associatedMedia\" itemscope itemtype=\"http:\/\/schema.org\/ImageObject\"> <a href=\"https:\/\/eltrabajo.cl\/portal\/adolescente-condenado-a-6-anos-en-libertad-por-dos-delitos-de-robo\/maria-isabel-montenegro-3\/\" border=\"0\" itemprop=\"url\"> <meta itemprop=\"width\" content=\"314\"> <meta itemprop=\"height\" content=\"208\"> <img decoding=\"async\" class=\"\" data-attachment-id=\"59560\" data-orig-file=\"https:\/\/eltrabajo.cl\/portal\/wp-content\/uploads\/2015\/07\/MarIa-Isabel-Montenegro.jpg\" data-orig-size=\"528,350\" data-comments-opened=\"1\" data-image-meta=\"{&quot;aperture&quot;:&quot;0&quot;,&quot;credit&quot;:&quot;&quot;,&quot;camera&quot;:&quot;&quot;,&quot;caption&quot;:&quot;&quot;,&quot;created_timestamp&quot;:&quot;0&quot;,&quot;copyright&quot;:&quot;&quot;,&quot;focal_length&quot;:&quot;0&quot;,&quot;iso&quot;:&quot;0&quot;,&quot;shutter_speed&quot;:&quot;0&quot;,&quot;title&quot;:&quot;&quot;,&quot;orientation&quot;:&quot;0&quot;}\" data-image-title=\"MarIa Isabel Montenegro\" data-image-description=\"&lt;p&gt;La Abogado Defensora, Mar\u00eda Isabel Montenegro, representante del adolescente actualmente condenado. &lt;\/p&gt; \" data-medium-file=\"https:\/\/i0.wp.com\/eltrabajo.cl\/portal\/wp-content\/uploads\/2015\/07\/MarIa-Isabel-Montenegro.jpg?fit=300%2C199&#038;ssl=1\" data-large-file=\"https:\/\/i0.wp.com\/eltrabajo.cl\/portal\/wp-content\/uploads\/2015\/07\/MarIa-Isabel-Montenegro.jpg?fit=528%2C350&#038;ssl=1\" src=\"https:\/\/i0.wp.com\/eltrabajo.cl\/portal\/wp-content\/uploads\/2015\/07\/MarIa-Isabel-Montenegro.jpg?w=314&#038;h=208&#038;ssl=1\" srcset=\"https:\/\/i0.wp.com\/eltrabajo.cl\/portal\/wp-content\/uploads\/2015\/07\/MarIa-Isabel-Montenegro.jpg?w=528&amp;ssl=1 528w, https:\/\/i0.wp.com\/eltrabajo.cl\/portal\/wp-content\/uploads\/2015\/07\/MarIa-Isabel-Montenegro.jpg?resize=200%2C133&amp;ssl=1 200w, https:\/\/i0.wp.com\/eltrabajo.cl\/portal\/wp-content\/uploads\/2015\/07\/MarIa-Isabel-Montenegro.jpg?resize=300%2C199&amp;ssl=1 300w, https:\/\/i0.wp.com\/eltrabajo.cl\/portal\/wp-content\/uploads\/2015\/07\/MarIa-Isabel-Montenegro.jpg?resize=226%2C150&amp;ssl=1 226w, https:\/\/i0.wp.com\/eltrabajo.cl\/portal\/wp-content\/uploads\/2015\/07\/MarIa-Isabel-Montenegro.jpg?resize=400%2C265&amp;ssl=1 400w\" width=\"314\" height=\"208\" loading=\"lazy\" data-original-width=\"314\" data-original-height=\"208\" itemprop=\"http:\/\/schema.org\/image\" title=\"MarIa Isabel Montenegro\" alt=\"La Abogado Defensora, Mar\u00eda Isabel Montenegro, representante del adolescente actualmente condenado.\" style=\"width: 314px; height: 208px;\" \/> <\/a> <div class=\"tiled-gallery-caption\" itemprop=\"caption description\"> La Abogado Defensora, Mar\u00eda Isabel Montenegro, representante del adolescente actualmente condenado. <\/div> <\/div> <\/div> <!-- close group --> <div class=\"gallery-group images-1\" style=\"width: 322px; height: 212px;\" data-original-width=\"322\" data-original-height=\"212\" > <div class=\"tiled-gallery-item tiled-gallery-item-large\" itemprop=\"associatedMedia\" itemscope itemtype=\"http:\/\/schema.org\/ImageObject\"> <a href=\"https:\/\/eltrabajo.cl\/portal\/adolescente-condenado-a-6-anos-en-libertad-por-dos-delitos-de-robo\/recuperado1-5\/\" border=\"0\" itemprop=\"url\"> <meta itemprop=\"width\" content=\"318\"> <meta itemprop=\"height\" content=\"208\"> <img decoding=\"async\" class=\"\" data-attachment-id=\"59561\" data-orig-file=\"https:\/\/eltrabajo.cl\/portal\/wp-content\/uploads\/2015\/07\/Recuperado1.jpg\" data-orig-size=\"530,348\" data-comments-opened=\"1\" data-image-meta=\"{&quot;aperture&quot;:&quot;0&quot;,&quot;credit&quot;:&quot;&quot;,&quot;camera&quot;:&quot;&quot;,&quot;caption&quot;:&quot;&quot;,&quot;created_timestamp&quot;:&quot;0&quot;,&quot;copyright&quot;:&quot;[wopmind]&quot;,&quot;focal_length&quot;:&quot;0&quot;,&quot;iso&quot;:&quot;0&quot;,&quot;shutter_speed&quot;:&quot;0&quot;,&quot;title&quot;:&quot;&quot;,&quot;orientation&quot;:&quot;0&quot;}\" data-image-title=\"Recuperado1\" data-image-description=\"&lt;p&gt;La pandilla utiliz\u00f3 este veh\u00edculo para cometer los delitos. En la fotograf\u00eda Carabineros exhibe el destornillador y el cuchillo que los antisociales utilizaron para amenazar de muerte a las v\u00edctimas. Las especies lograron ser recuperadas y devueltas a sus propietarios.&lt;\/p&gt; \" data-medium-file=\"https:\/\/i0.wp.com\/eltrabajo.cl\/portal\/wp-content\/uploads\/2015\/07\/Recuperado1.jpg?fit=300%2C197&#038;ssl=1\" data-large-file=\"https:\/\/i0.wp.com\/eltrabajo.cl\/portal\/wp-content\/uploads\/2015\/07\/Recuperado1.jpg?fit=530%2C348&#038;ssl=1\" src=\"https:\/\/i0.wp.com\/eltrabajo.cl\/portal\/wp-content\/uploads\/2015\/07\/Recuperado1.jpg?w=318&#038;h=208&#038;ssl=1\" srcset=\"https:\/\/i0.wp.com\/eltrabajo.cl\/portal\/wp-content\/uploads\/2015\/07\/Recuperado1.jpg?w=530&amp;ssl=1 530w, https:\/\/i0.wp.com\/eltrabajo.cl\/portal\/wp-content\/uploads\/2015\/07\/Recuperado1.jpg?resize=200%2C131&amp;ssl=1 200w, https:\/\/i0.wp.com\/eltrabajo.cl\/portal\/wp-content\/uploads\/2015\/07\/Recuperado1.jpg?resize=300%2C197&amp;ssl=1 300w, https:\/\/i0.wp.com\/eltrabajo.cl\/portal\/wp-content\/uploads\/2015\/07\/Recuperado1.jpg?resize=228%2C150&amp;ssl=1 228w, https:\/\/i0.wp.com\/eltrabajo.cl\/portal\/wp-content\/uploads\/2015\/07\/Recuperado1.jpg?resize=400%2C263&amp;ssl=1 400w\" width=\"318\" height=\"208\" loading=\"lazy\" data-original-width=\"318\" data-original-height=\"208\" itemprop=\"http:\/\/schema.org\/image\" title=\"Recuperado1\" alt=\"La pandilla utiliz\u00f3 este veh\u00edculo para cometer los delitos. En la fotograf\u00eda Carabineros exhibe el destornillador y el cuchillo que los antisociales utilizaron para amenazar de muerte a las v\u00edctimas. Las especies lograron ser recuperadas y devueltas a sus propietarios.\" style=\"width: 318px; height: 208px;\" \/> <\/a> <div class=\"tiled-gallery-caption\" itemprop=\"caption description\"> La pandilla utiliz\u00f3 este veh\u00edculo para cometer los delitos. En la fotograf\u00eda Carabineros exhibe el destornillador y el cuchillo que los antisociales utilizaron para amenazar de muerte a las v\u00edctimas. Las especies lograron ser recuperadas y devueltas a sus propietarios. <\/div> <\/div> <\/div> <!-- close group --> <\/div> <!-- close row --> <\/div>\n","protected":false},"excerpt":{"rendered":"<p>\u00daltimo integrante de banda delictual fue procesado y considerado culpable por el Tribunal Oral de San Felipe por dos robos con intimidaci\u00f3n en el sector de Piguch\u00e9n en Putaendo. La legislaci\u00f3n establece&#8230;<\/p>\n","protected":false},"author":482,"featured_media":59559,"comment_status":"open","ping_status":"open","sticky":false,"template":"","format":"standard","meta":{"advanced_seo_description":"","jetpack_seo_html_title":"","jetpack_seo_noindex":false,"_jetpack_memberships_contains_paid_content":false,"footnotes":""},"categories":[21],"tags":[],"class_list":["post-59558","post","type-post","status-publish","format-standard","has-post-thumbnail","hentry","category-policial"],"jetpack_featured_media_url":"https:\/\/i0.wp.com\/eltrabajo.cl\/portal\/wp-content\/uploads\/2015\/07\/Detenidos1.jpg?fit=530%2C350&ssl=1","jetpack_sharing_enabled":true,"jetpack_likes_enabled":true,"jetpack-related-posts":[],"_links":{"self":[{"href":"https:\/\/eltrabajo.cl\/portal\/wp-json\/wp\/v2\/posts\/59558","targetHints":{"allow":["GET"]}}],"collection":[{"href":"https:\/\/eltrabajo.cl\/portal\/wp-json\/wp\/v2\/posts"}],"about":[{"href":"https:\/\/eltrabajo.cl\/portal\/wp-json\/wp\/v2\/types\/post"}],"author":[{"embeddable":true,"href":"https:\/\/eltrabajo.cl\/portal\/wp-json\/wp\/v2\/users\/482"}],"replies":[{"embeddable":true,"href":"https:\/\/eltrabajo.cl\/portal\/wp-json\/wp\/v2\/comments?post=59558"}],"version-history":[{"count":0,"href":"https:\/\/eltrabajo.cl\/portal\/wp-json\/wp\/v2\/posts\/59558\/revisions"}],"wp:featuredmedia":[{"embeddable":true,"href":"https:\/\/eltrabajo.cl\/portal\/wp-json\/wp\/v2\/media\/59559"}],"wp:attachment":[{"href":"https:\/\/eltrabajo.cl\/portal\/wp-json\/wp\/v2\/media?parent=59558"}],"wp:term":[{"taxonomy":"category","embeddable":true,"href":"https:\/\/eltrabajo.cl\/portal\/wp-json\/wp\/v2\/categories?post=59558"},{"taxonomy":"post_tag","embeddable":true,"href":"https:\/\/eltrabajo.cl\/portal\/wp-json\/wp\/v2\/tags?post=59558"}],"curies":[{"name":"wp","href":"https:\/\/api.w.org\/{rel}","templated":true}]}}