{"id":59569,"date":"2015-07-02T09:07:06","date_gmt":"2015-07-02T12:07:06","guid":{"rendered":"http:\/\/www.eltrabajo.cl\/portal\/?p=59569"},"modified":"2015-07-02T09:07:06","modified_gmt":"2015-07-02T12:07:06","slug":"masiva-participacion-en-curso-de-informadores-turisticos","status":"publish","type":"post","link":"https:\/\/eltrabajo.cl\/portal\/masiva-participacion-en-curso-de-informadores-turisticos\/","title":{"rendered":"Masiva participaci\u00f3n en curso de Informadores Tur\u00edsticos"},"content":{"rendered":"<figure id=\"attachment_59570\" aria-describedby=\"caption-attachment-59570\" style=\"width: 300px\" class=\"wp-caption alignleft\"><a href=\"https:\/\/i0.wp.com\/www.eltrabajo.cl\/portal\/wp-content\/uploads\/2015\/07\/informadores-turisticos.jpg\"><img data-recalc-dims=\"1\" loading=\"lazy\" decoding=\"async\" class=\"wp-image-59570 size-medium\" src=\"https:\/\/i0.wp.com\/www.eltrabajo.cl\/portal\/wp-content\/uploads\/2015\/07\/informadores-turisticos-300x197.jpg?resize=300%2C197\" alt=\"Cerca de cuarenta personas fueron certificadas como informadores gracias al primer curso para Informadores Tur\u00edsticos de Los Andes.\" width=\"300\" height=\"197\" srcset=\"https:\/\/i0.wp.com\/eltrabajo.cl\/portal\/wp-content\/uploads\/2015\/07\/informadores-turisticos.jpg?resize=300%2C197&amp;ssl=1 300w, https:\/\/i0.wp.com\/eltrabajo.cl\/portal\/wp-content\/uploads\/2015\/07\/informadores-turisticos.jpg?resize=200%2C131&amp;ssl=1 200w, https:\/\/i0.wp.com\/eltrabajo.cl\/portal\/wp-content\/uploads\/2015\/07\/informadores-turisticos.jpg?resize=228%2C150&amp;ssl=1 228w, https:\/\/i0.wp.com\/eltrabajo.cl\/portal\/wp-content\/uploads\/2015\/07\/informadores-turisticos.jpg?resize=400%2C263&amp;ssl=1 400w, https:\/\/i0.wp.com\/eltrabajo.cl\/portal\/wp-content\/uploads\/2015\/07\/informadores-turisticos.jpg?w=530&amp;ssl=1 530w\" sizes=\"auto, (max-width: 300px) 100vw, 300px\" \/><\/a><figcaption id=\"caption-attachment-59570\" class=\"wp-caption-text\">Cerca de cuarenta personas fueron certificadas como informadores gracias al primer curso para Informadores Tur\u00edsticos de Los Andes.<\/figcaption><\/figure>\n<ul>\n<li><strong>La idea es constituir la Asociaci\u00f3n de Gu\u00edas e Informadores.<\/strong><\/li>\n<\/ul>\n<p><strong>LOS ANDES<\/strong>.- Con un tour por los lugares patrimoniales de la ciudad concluy\u00f3 el Primer Curso para Informadores Tur\u00edsticos de Los Andes que organizo el Concejal Octavio Arellano, con el apoyo de Iniciativa Ciudadana y Sernatur V Regi\u00f3n.<br \/>\nEn total fueron cuarenta las personas certificadas como informadores que ayudar\u00e1n a orientar a las personas que visiten nuestra ciudad.<br \/>\nAl respecto, el concejal Octavio Arellano catalog\u00f3 este curso como todo un \u00e9xito, \u201cpues el n\u00famero de participantes super\u00f3 nuestras expectativas, lo que habla muy bien de quienes creen que el turismo puede ser una palanca de desarrollo social y cultural\u201d.<br \/>\nAsegur\u00f3 que \u00e9ste solo es el primer paso, \u201cpues la idea es constituir la Asociaci\u00f3n de Gu\u00edas e Informadores Tur\u00edsticos, acogiendo el inter\u00e9s de los participantes, lo que se concretar\u00e1 la pr\u00f3xima semana\u201d.<br \/>\nArellano inst\u00f3 a los participantes a seguir capacitando con una activa presencia en terreno, para que la ciudadan\u00eda se motive y se forme una verdadera conciencia tur\u00edstica y una verdadera alianza con el sector p\u00fablico y el empresariado.<\/p>\n","protected":false},"excerpt":{"rendered":"<p>La idea es constituir la Asociaci\u00f3n de Gu\u00edas e Informadores. LOS ANDES.- Con un tour por los lugares patrimoniales de la ciudad concluy\u00f3 el Primer Curso para Informadores Tur\u00edsticos de Los Andes&#8230;<\/p>\n","protected":false},"author":482,"featured_media":59570,"comment_status":"open","ping_status":"open","sticky":false,"template":"","format":"standard","meta":{"advanced_seo_description":"","jetpack_seo_html_title":"","jetpack_seo_noindex":false,"_jetpack_memberships_contains_paid_content":false,"footnotes":""},"categories":[15],"tags":[],"class_list":["post-59569","post","type-post","status-publish","format-standard","has-post-thumbnail","hentry","category-comunidad"],"jetpack_featured_media_url":"https:\/\/i0.wp.com\/eltrabajo.cl\/portal\/wp-content\/uploads\/2015\/07\/informadores-turisticos.jpg?fit=530%2C348&ssl=1","jetpack_sharing_enabled":true,"jetpack_likes_enabled":true,"jetpack-related-posts":[],"_links":{"self":[{"href":"https:\/\/eltrabajo.cl\/portal\/wp-json\/wp\/v2\/posts\/59569","targetHints":{"allow":["GET"]}}],"collection":[{"href":"https:\/\/eltrabajo.cl\/portal\/wp-json\/wp\/v2\/posts"}],"about":[{"href":"https:\/\/eltrabajo.cl\/portal\/wp-json\/wp\/v2\/types\/post"}],"author":[{"embeddable":true,"href":"https:\/\/eltrabajo.cl\/portal\/wp-json\/wp\/v2\/users\/482"}],"replies":[{"embeddable":true,"href":"https:\/\/eltrabajo.cl\/portal\/wp-json\/wp\/v2\/comments?post=59569"}],"version-history":[{"count":0,"href":"https:\/\/eltrabajo.cl\/portal\/wp-json\/wp\/v2\/posts\/59569\/revisions"}],"wp:featuredmedia":[{"embeddable":true,"href":"https:\/\/eltrabajo.cl\/portal\/wp-json\/wp\/v2\/media\/59570"}],"wp:attachment":[{"href":"https:\/\/eltrabajo.cl\/portal\/wp-json\/wp\/v2\/media?parent=59569"}],"wp:term":[{"taxonomy":"category","embeddable":true,"href":"https:\/\/eltrabajo.cl\/portal\/wp-json\/wp\/v2\/categories?post=59569"},{"taxonomy":"post_tag","embeddable":true,"href":"https:\/\/eltrabajo.cl\/portal\/wp-json\/wp\/v2\/tags?post=59569"}],"curies":[{"name":"wp","href":"https:\/\/api.w.org\/{rel}","templated":true}]}}