{"id":59572,"date":"2015-07-02T09:08:26","date_gmt":"2015-07-02T12:08:26","guid":{"rendered":"http:\/\/www.eltrabajo.cl\/portal\/?p=59572"},"modified":"2015-07-02T09:08:26","modified_gmt":"2015-07-02T12:08:26","slug":"liceo-manuel-marin-fritis-implementa-pace-en-alumnos-de-tercero-medio","status":"publish","type":"post","link":"https:\/\/eltrabajo.cl\/portal\/liceo-manuel-marin-fritis-implementa-pace-en-alumnos-de-tercero-medio\/","title":{"rendered":"Liceo Manuel Mar\u00edn Fritis implementa PACE en alumnos de tercero medio"},"content":{"rendered":"<figure id=\"attachment_59573\" aria-describedby=\"caption-attachment-59573\" style=\"width: 300px\" class=\"wp-caption alignleft\"><a href=\"https:\/\/i0.wp.com\/www.eltrabajo.cl\/portal\/wp-content\/uploads\/2015\/07\/Felipe-Garrido-UV-y-Directora-Cecilia-Tapia.jpg\"><img data-recalc-dims=\"1\" loading=\"lazy\" decoding=\"async\" class=\"wp-image-59573 size-medium\" src=\"https:\/\/i0.wp.com\/www.eltrabajo.cl\/portal\/wp-content\/uploads\/2015\/07\/Felipe-Garrido-UV-y-Directora-Cecilia-Tapia-300x198.jpg?resize=300%2C198\" alt=\"Felipe Garrido, integrante del Equipo PACE de la Universidad de Valpara\u00edso y Cecilia Tapia, directora (s) del Liceo Manuel Mar\u00edn Fritis.\" width=\"300\" height=\"198\" srcset=\"https:\/\/i0.wp.com\/eltrabajo.cl\/portal\/wp-content\/uploads\/2015\/07\/Felipe-Garrido-UV-y-Directora-Cecilia-Tapia.jpg?resize=300%2C198&amp;ssl=1 300w, https:\/\/i0.wp.com\/eltrabajo.cl\/portal\/wp-content\/uploads\/2015\/07\/Felipe-Garrido-UV-y-Directora-Cecilia-Tapia.jpg?resize=200%2C132&amp;ssl=1 200w, https:\/\/i0.wp.com\/eltrabajo.cl\/portal\/wp-content\/uploads\/2015\/07\/Felipe-Garrido-UV-y-Directora-Cecilia-Tapia.jpg?resize=227%2C150&amp;ssl=1 227w, https:\/\/i0.wp.com\/eltrabajo.cl\/portal\/wp-content\/uploads\/2015\/07\/Felipe-Garrido-UV-y-Directora-Cecilia-Tapia.jpg?resize=400%2C264&amp;ssl=1 400w, https:\/\/i0.wp.com\/eltrabajo.cl\/portal\/wp-content\/uploads\/2015\/07\/Felipe-Garrido-UV-y-Directora-Cecilia-Tapia.jpg?w=530&amp;ssl=1 530w\" sizes=\"auto, (max-width: 300px) 100vw, 300px\" \/><\/a><figcaption id=\"caption-attachment-59573\" class=\"wp-caption-text\">Felipe Garrido, integrante del Equipo PACE de la Universidad de Valpara\u00edso y Cecilia Tapia, directora (s) del Liceo Manuel Mar\u00edn Fritis.<\/figcaption><\/figure>\n<ul>\n<li><strong>El Programa de Acompa\u00f1amiento y Acceso Efectivo (PACE) pretende que los mejores alumnos del establecimiento tengan garantizado el acceso y permanencia en la educaci\u00f3n superior. <\/strong><\/li>\n<\/ul>\n<p><strong>PUTAENDO.<\/strong>&#8211; Diferentes reuniones se han tenido en las \u00faltimas semanas entre el Liceo Manuel Mar\u00edn Fritis y la Universidad de Valpara\u00edso. La raz\u00f3n de dichos encuentros radica en el comienzo del Programa de Acompa\u00f1amiento y Acceso Efectivo (PACE) en la comuna, iniciativa del Ministerio de Educaci\u00f3n que pretende potenciar los aprendizajes de los mejores alumnos del establecimiento secundario para garantizar su ingreso a la ense\u00f1anza superior.<br \/>\nEn este sentido, personeros de la UV desarrollan actualmente la fase de diagn\u00f3stico del programa, donde levantan informaci\u00f3n sobre el Liceo Manuel Mar\u00edn, como sus necesidades y desaf\u00edos, caracter\u00edsticas de los docentes y la situaci\u00f3n de cada estudiante de tercero medio, a quienes est\u00e1 enfocado el PACE. La casa de estudios superiores empieza un proceso que, incluso, continua cuando los beneficiados se encuentren en la universidad.<br \/>\n\u201cPrimero, el programa busca acompa\u00f1ar a docentes y estudiantes en distintas l\u00edneas, tanto de preparaci\u00f3n acad\u00e9mica, como en las habilidades socioemocionales de los estudiantes. Eso implica un trabajo de orientaci\u00f3n, en lenguaje y matem\u00e1ticas, actividades extracurriculares, etc. La idea es acompa\u00f1arlos en el proceso formativo para lograr su acceso a la educaci\u00f3n superior en cualquier universidad que participa en la red\u201d, explic\u00f3 Felipe Garrido, integrante del Equipo PACE de la Universidad de Valpara\u00edso.<br \/>\nSe espera que, al menos, cinco alumnos de dicho establecimiento puedan ingresar a la universidad totalmente gratis mejorando sus calificaciones, aprendizajes y adquiriendo sus propios proyectos vocacionales.<br \/>\n\u201cLa verdad es que para nosotros es muy gratificante contar con este tipo de iniciativas aqu\u00ed en el Liceo Manuel Mar\u00edn Fritis. El programa PACE es un programa que va a dar oportunidad a los j\u00f3venes de nuestro liceo a, tal como su nombre lo dice, un pase a la universidad tradicional, eligiendo cualquier carrera que ellos estimen conveniente a desarrollar en su vida profesional\u201d, resalt\u00f3 Cecilia Tapia, directora(s) del Liceo.<br \/>\nDe esta forma, la iniciativa se transforma en un aliciente para los j\u00f3venes al aprovechar este beneficio. \u201cEl llamado que hacemos a los estudiantes que es que su liceo est\u00e1 entregando herramientas, le est\u00e1 entregando la posibilidad de concretar el sue\u00f1o que significa continuar sus estudios en una universidad tradicional, con los gastos pagados\u201d, afirm\u00f3 la directora(s).<br \/>\nPor su parte, el director del Departamento de Educaci\u00f3n de Putaendo, Patricio Moreno Bustamante, expres\u00f3 todo el apoyo al programa enfatizando que es una herramienta que ayudar\u00e1 a los alumnos en su adaptaci\u00f3n profesional. \u00abLa Universidad de Valpara\u00edso va a establecer v\u00ednculos para evitar la deserci\u00f3n que es uno de los mayores problemas que tiene la ense\u00f1anza superior en su primer a\u00f1o, en las diferentes carreras que los estudiantes siguen despu\u00e9s de salir de cuarto medio\u00bb, expuso.<\/p>\n","protected":false},"excerpt":{"rendered":"<p>El Programa de Acompa\u00f1amiento y Acceso Efectivo (PACE) pretende que los mejores alumnos del establecimiento tengan garantizado el acceso y permanencia en la educaci\u00f3n superior. PUTAENDO.&#8211; Diferentes reuniones se han tenido en&#8230;<\/p>\n","protected":false},"author":482,"featured_media":59573,"comment_status":"open","ping_status":"open","sticky":false,"template":"","format":"standard","meta":{"advanced_seo_description":"","jetpack_seo_html_title":"","jetpack_seo_noindex":false,"_jetpack_memberships_contains_paid_content":false,"footnotes":""},"categories":[15],"tags":[],"class_list":["post-59572","post","type-post","status-publish","format-standard","has-post-thumbnail","hentry","category-comunidad"],"jetpack_featured_media_url":"https:\/\/i0.wp.com\/eltrabajo.cl\/portal\/wp-content\/uploads\/2015\/07\/Felipe-Garrido-UV-y-Directora-Cecilia-Tapia.jpg?fit=530%2C350&ssl=1","jetpack_sharing_enabled":true,"jetpack_likes_enabled":true,"jetpack-related-posts":[],"_links":{"self":[{"href":"https:\/\/eltrabajo.cl\/portal\/wp-json\/wp\/v2\/posts\/59572","targetHints":{"allow":["GET"]}}],"collection":[{"href":"https:\/\/eltrabajo.cl\/portal\/wp-json\/wp\/v2\/posts"}],"about":[{"href":"https:\/\/eltrabajo.cl\/portal\/wp-json\/wp\/v2\/types\/post"}],"author":[{"embeddable":true,"href":"https:\/\/eltrabajo.cl\/portal\/wp-json\/wp\/v2\/users\/482"}],"replies":[{"embeddable":true,"href":"https:\/\/eltrabajo.cl\/portal\/wp-json\/wp\/v2\/comments?post=59572"}],"version-history":[{"count":0,"href":"https:\/\/eltrabajo.cl\/portal\/wp-json\/wp\/v2\/posts\/59572\/revisions"}],"wp:featuredmedia":[{"embeddable":true,"href":"https:\/\/eltrabajo.cl\/portal\/wp-json\/wp\/v2\/media\/59573"}],"wp:attachment":[{"href":"https:\/\/eltrabajo.cl\/portal\/wp-json\/wp\/v2\/media?parent=59572"}],"wp:term":[{"taxonomy":"category","embeddable":true,"href":"https:\/\/eltrabajo.cl\/portal\/wp-json\/wp\/v2\/categories?post=59572"},{"taxonomy":"post_tag","embeddable":true,"href":"https:\/\/eltrabajo.cl\/portal\/wp-json\/wp\/v2\/tags?post=59572"}],"curies":[{"name":"wp","href":"https:\/\/api.w.org\/{rel}","templated":true}]}}