{"id":59575,"date":"2015-07-02T09:10:20","date_gmt":"2015-07-02T12:10:20","guid":{"rendered":"http:\/\/www.eltrabajo.cl\/portal\/?p=59575"},"modified":"2015-07-02T09:10:20","modified_gmt":"2015-07-02T12:10:20","slug":"dr-juan-de-dios-reyes-magallanes-nuevo-director-del-hospital-san-camilo","status":"publish","type":"post","link":"https:\/\/eltrabajo.cl\/portal\/dr-juan-de-dios-reyes-magallanes-nuevo-director-del-hospital-san-camilo\/","title":{"rendered":"Dr. Juan de Dios Reyes Magallanes nuevo Director del Hospital San Camilo"},"content":{"rendered":"<figure id=\"attachment_59576\" aria-describedby=\"caption-attachment-59576\" style=\"width: 300px\" class=\"wp-caption alignleft\"><a href=\"https:\/\/i0.wp.com\/www.eltrabajo.cl\/portal\/wp-content\/uploads\/2015\/07\/Firma1.jpg\"><img data-recalc-dims=\"1\" loading=\"lazy\" decoding=\"async\" class=\"wp-image-59576 size-medium\" src=\"https:\/\/i0.wp.com\/www.eltrabajo.cl\/portal\/wp-content\/uploads\/2015\/07\/Firma1-300x198.jpg?resize=300%2C198\" alt=\"NUEVO JEFE.- El nuevo jefe hospitalario recibi\u00f3 el mando de Jeanette de la Barrrera, en el auditorio del Hospital San Camilo.\" width=\"300\" height=\"198\" srcset=\"https:\/\/i0.wp.com\/eltrabajo.cl\/portal\/wp-content\/uploads\/2015\/07\/Firma1.jpg?resize=300%2C198&amp;ssl=1 300w, https:\/\/i0.wp.com\/eltrabajo.cl\/portal\/wp-content\/uploads\/2015\/07\/Firma1.jpg?resize=200%2C132&amp;ssl=1 200w, https:\/\/i0.wp.com\/eltrabajo.cl\/portal\/wp-content\/uploads\/2015\/07\/Firma1.jpg?resize=227%2C150&amp;ssl=1 227w, https:\/\/i0.wp.com\/eltrabajo.cl\/portal\/wp-content\/uploads\/2015\/07\/Firma1.jpg?resize=400%2C264&amp;ssl=1 400w, https:\/\/i0.wp.com\/eltrabajo.cl\/portal\/wp-content\/uploads\/2015\/07\/Firma1.jpg?w=530&amp;ssl=1 530w\" sizes=\"auto, (max-width: 300px) 100vw, 300px\" \/><\/a><figcaption id=\"caption-attachment-59576\" class=\"wp-caption-text\">NUEVO JEFE.- El nuevo jefe hospitalario recibi\u00f3 el mando de Jeanette de la Barrrera, en el auditorio del Hospital San Camilo.<\/figcaption><\/figure>\n<p>A partir de ayer 1 de julio, el Dr. Juan de Dios Reyes Magallanes es el nuevo director del Hospital San Camilo, luego de haber obtenido el cargo mediante concurso a trav\u00e9s del Sistema de Alta Direcci\u00f3n P\u00fablica. La ceremonia de traspaso de mando se realiz\u00f3 este mi\u00e9rcoles en dependencias del establecimiento, en donde la nueva autoridad fue presentada a la comunidad hospitalaria por la directora del Servicio de Salud Aconcagua, Dra. Vilma Olave Garrido.<\/p>\n<figure id=\"attachment_59577\" aria-describedby=\"caption-attachment-59577\" style=\"width: 300px\" class=\"wp-caption alignright\"><a href=\"https:\/\/i0.wp.com\/www.eltrabajo.cl\/portal\/wp-content\/uploads\/2015\/07\/Publico1.jpg\"><img data-recalc-dims=\"1\" loading=\"lazy\" decoding=\"async\" class=\"wp-image-59577 size-medium\" src=\"https:\/\/i0.wp.com\/www.eltrabajo.cl\/portal\/wp-content\/uploads\/2015\/07\/Publico1-300x198.jpg?resize=300%2C198\" alt=\"Varias autoridades provinciales y de Salud, acudieron al acto protocolario de Cambio de Mando.\" width=\"300\" height=\"198\" srcset=\"https:\/\/i0.wp.com\/eltrabajo.cl\/portal\/wp-content\/uploads\/2015\/07\/Publico1.jpg?resize=300%2C198&amp;ssl=1 300w, https:\/\/i0.wp.com\/eltrabajo.cl\/portal\/wp-content\/uploads\/2015\/07\/Publico1.jpg?resize=200%2C132&amp;ssl=1 200w, https:\/\/i0.wp.com\/eltrabajo.cl\/portal\/wp-content\/uploads\/2015\/07\/Publico1.jpg?resize=228%2C150&amp;ssl=1 228w, https:\/\/i0.wp.com\/eltrabajo.cl\/portal\/wp-content\/uploads\/2015\/07\/Publico1.jpg?resize=400%2C263&amp;ssl=1 400w, https:\/\/i0.wp.com\/eltrabajo.cl\/portal\/wp-content\/uploads\/2015\/07\/Publico1.jpg?w=530&amp;ssl=1 530w\" sizes=\"auto, (max-width: 300px) 100vw, 300px\" \/><\/a><figcaption id=\"caption-attachment-59577\" class=\"wp-caption-text\">Varias autoridades provinciales y de Salud, acudieron al acto protocolario de Cambio de Mando.<\/figcaption><\/figure>\n<p>\u00abEsperamos que el Dr. Reyes contin\u00fae la senda de mejoras que hemos venido realizando en el Hospital San Camilo como la llegada de nuevos m\u00e9dicos y las inversiones comprometidas para este a\u00f1o y se transforme en el l\u00edder que el establecimiento necesita para afrontar el gran desaf\u00edo de su normalizaci\u00f3n, para lo cual contar\u00e1 con todo nuestro apoyo con el desaf\u00edo de convertir al Hospital en el mejor de Chile al igual que el Servicio de Salud\u00bb, asegur\u00f3.<br \/>\nPor su parte, el nuevo director dijo estar muy motivado para asumir este desaf\u00edo poniendo como principal prioridad el dar respuesta de manera satisfactoria a las demandas de los usuarios y consolidar el gran desaf\u00edo que mantiene la instituci\u00f3n de lograr una completa remodelaci\u00f3n de sus instalaciones dentro del corto plazo.<\/p>\n<p><strong>GRAN DESAF\u00cdO<\/strong><br \/>\nLuego de algunas bromas con sus empleados, el nuevo director hospitalario explic\u00f3 que \u00abel desaf\u00edo es hacer de este el mejor hospital de Chile, para ello hay que superarse en varios aspectos, pero sobre todo en la relaci\u00f3n con los usuarios y los funcionarios, as\u00ed que entregar\u00e9 todo lo necesario para llegar a esta meta a trav\u00e9s de un estilo de gesti\u00f3n al servicio de la comunidad, de manera participativa\u00bb, dijo Reyes.<\/p>\n","protected":false},"excerpt":{"rendered":"<p>A partir de ayer 1 de julio, el Dr. Juan de Dios Reyes Magallanes es el nuevo director del Hospital San Camilo, luego de haber obtenido el cargo mediante concurso a trav\u00e9s&#8230;<\/p>\n","protected":false},"author":482,"featured_media":59576,"comment_status":"open","ping_status":"open","sticky":false,"template":"","format":"standard","meta":{"advanced_seo_description":"","jetpack_seo_html_title":"","jetpack_seo_noindex":false,"_jetpack_memberships_contains_paid_content":false,"footnotes":""},"categories":[15],"tags":[],"class_list":["post-59575","post","type-post","status-publish","format-standard","has-post-thumbnail","hentry","category-comunidad"],"jetpack_featured_media_url":"https:\/\/i0.wp.com\/eltrabajo.cl\/portal\/wp-content\/uploads\/2015\/07\/Firma1.jpg?fit=530%2C350&ssl=1","jetpack_sharing_enabled":true,"jetpack_likes_enabled":true,"jetpack-related-posts":[],"_links":{"self":[{"href":"https:\/\/eltrabajo.cl\/portal\/wp-json\/wp\/v2\/posts\/59575","targetHints":{"allow":["GET"]}}],"collection":[{"href":"https:\/\/eltrabajo.cl\/portal\/wp-json\/wp\/v2\/posts"}],"about":[{"href":"https:\/\/eltrabajo.cl\/portal\/wp-json\/wp\/v2\/types\/post"}],"author":[{"embeddable":true,"href":"https:\/\/eltrabajo.cl\/portal\/wp-json\/wp\/v2\/users\/482"}],"replies":[{"embeddable":true,"href":"https:\/\/eltrabajo.cl\/portal\/wp-json\/wp\/v2\/comments?post=59575"}],"version-history":[{"count":0,"href":"https:\/\/eltrabajo.cl\/portal\/wp-json\/wp\/v2\/posts\/59575\/revisions"}],"wp:featuredmedia":[{"embeddable":true,"href":"https:\/\/eltrabajo.cl\/portal\/wp-json\/wp\/v2\/media\/59576"}],"wp:attachment":[{"href":"https:\/\/eltrabajo.cl\/portal\/wp-json\/wp\/v2\/media?parent=59575"}],"wp:term":[{"taxonomy":"category","embeddable":true,"href":"https:\/\/eltrabajo.cl\/portal\/wp-json\/wp\/v2\/categories?post=59575"},{"taxonomy":"post_tag","embeddable":true,"href":"https:\/\/eltrabajo.cl\/portal\/wp-json\/wp\/v2\/tags?post=59575"}],"curies":[{"name":"wp","href":"https:\/\/api.w.org\/{rel}","templated":true}]}}