{"id":59579,"date":"2015-07-02T09:11:48","date_gmt":"2015-07-02T12:11:48","guid":{"rendered":"http:\/\/www.eltrabajo.cl\/portal\/?p=59579"},"modified":"2015-07-02T09:11:48","modified_gmt":"2015-07-02T12:11:48","slug":"programa-quiero-mi-barrio-finaliza-intervencion-en-las-acacias","status":"publish","type":"post","link":"https:\/\/eltrabajo.cl\/portal\/programa-quiero-mi-barrio-finaliza-intervencion-en-las-acacias\/","title":{"rendered":"Programa \u2018Quiero mi Barrio\u2019 finaliza intervenci\u00f3n en Las Acacias"},"content":{"rendered":"<figure id=\"attachment_59580\" aria-describedby=\"caption-attachment-59580\" style=\"width: 300px\" class=\"wp-caption alignleft\"><a href=\"https:\/\/i0.wp.com\/www.eltrabajo.cl\/portal\/wp-content\/uploads\/2015\/07\/claudio-paredes.jpg\"><img data-recalc-dims=\"1\" loading=\"lazy\" decoding=\"async\" class=\"wp-image-59580 size-medium\" src=\"https:\/\/i0.wp.com\/www.eltrabajo.cl\/portal\/wp-content\/uploads\/2015\/07\/claudio-paredes-300x198.jpg?resize=300%2C198\" alt=\"Claudio Paredes, Secretario de Planificaci\u00f3n del municipio sanfelipe\u00f1o.\" width=\"300\" height=\"198\" srcset=\"https:\/\/i0.wp.com\/eltrabajo.cl\/portal\/wp-content\/uploads\/2015\/07\/claudio-paredes.jpg?resize=300%2C198&amp;ssl=1 300w, https:\/\/i0.wp.com\/eltrabajo.cl\/portal\/wp-content\/uploads\/2015\/07\/claudio-paredes.jpg?resize=200%2C132&amp;ssl=1 200w, https:\/\/i0.wp.com\/eltrabajo.cl\/portal\/wp-content\/uploads\/2015\/07\/claudio-paredes.jpg?resize=227%2C150&amp;ssl=1 227w, https:\/\/i0.wp.com\/eltrabajo.cl\/portal\/wp-content\/uploads\/2015\/07\/claudio-paredes.jpg?resize=400%2C264&amp;ssl=1 400w, https:\/\/i0.wp.com\/eltrabajo.cl\/portal\/wp-content\/uploads\/2015\/07\/claudio-paredes.jpg?w=530&amp;ssl=1 530w\" sizes=\"auto, (max-width: 300px) 100vw, 300px\" \/><\/a><figcaption id=\"caption-attachment-59580\" class=\"wp-caption-text\">Claudio Paredes, Secretario de Planificaci\u00f3n del municipio sanfelipe\u00f1o.<\/figcaption><\/figure>\n<ul>\n<li><strong>Una intervenci\u00f3n integral y multidisciplinaria, fue la que desarroll\u00f3 el equipo municipal y del Minvu, favoreciendo a las familias de las tres etapas de esta poblaci\u00f3n con una inversi\u00f3n de m\u00e1s de dos mil millones de pesos.<\/strong><\/li>\n<\/ul>\n<p>Luego de tres a\u00f1os de intervenci\u00f3n, para el pr\u00f3ximo 10 de julio est\u00e1 contemplado el cierre del Programa \u2018Quiero mi Barrio\u2019, que la Municipalidad de San Felipe ejecut\u00f3 junto al Ministerio de Vivienda, en la Poblaci\u00f3n Las Acacias.<br \/>\nLa iniciativa represent\u00f3 una intervenci\u00f3n multidisciplinaria en el sector, donde no solo de desplegaron acciones relacionadas con la intervenci\u00f3n f\u00edsica, sino tambi\u00e9n se tradujo en un trabajo desde el punto de vista psico &#8211; social y cultural.<br \/>\n\u201cLo interesante y lo que hizo exitoso este programa \u2018Quiero mi Barrio\u2019, es que ac\u00e1 hubo tres actores fundamentales que generaron una asociatividad: en primer lugar el gobierno a trav\u00e9s del Ministerio de Vivienda, el municipio a trav\u00e9s de su aporte t\u00e9cnico y gasto econ\u00f3mico en la gesti\u00f3n, y en tercer lugar los vecinos, particularmente los presidentes y dirigentes de las juntas de vecinos\u201d, se\u00f1al\u00f3 Claudio Paredes, Secretario de Planificaci\u00f3n del municipio sanfelipe\u00f1o.<br \/>\nFueron tres a\u00f1os de intervenci\u00f3n que favorecieron a los pobladores de las tres etapas de la Poblaci\u00f3n Las Acacias. Durante ese tiempo, el municipio junto a los vecinos y sus dirigentes, conformaron una comisi\u00f3n barrial que prioriz\u00f3 inversiones que arrojaron una serie de productos que fueron consensuados por la comunidad, donde destaca una intervenci\u00f3n social, que seg\u00fan el Secpla, \u201cdio como resultado marcados productos trabajados con el barrio, como por ejemplo de identidad barrial, cultural por medio de murales que existen hoy d\u00eda, historia de barrio, talleres art\u00edsticos &#8211; culturales, obras de teatro y en general, un trabajo social muy importante\u201d.<br \/>\nSolo desde el punto de vista de la inversi\u00f3n en infraestructura, se estima que \u00e9sta alcanz\u00f3 los 2 mil millones de pesos, considerando que en Las Acacias se ejecut\u00f3 uno de los proyectos m\u00e1s significativos en cuanto a dinero del Programa de Pavimentaci\u00f3n Participativa, por 600 millones de pesos; la primera etapa del Parque Urbano, con 400 millones; mejoramiento de plazas, con mobiliario urbano, c\u00e9sped, paisajismo; solo por mencionar algunas.<br \/>\nAs\u00ed, los buenos resultados obtenidos, como tambi\u00e9n la positiva evaluaci\u00f3n que realiz\u00f3 Minvu acerca de este programa en Las Acacias, hacen mirar con optimismo la posibilidad de desarrollar con \u00e9xito el \u2018Quiero mi Barrio\u2019 en el sector sur de San Felipe, espec\u00edficamente en las Poblaciones Renacer, Sol Naciente, Industrial y 250 A\u00f1os, sector donde ya se est\u00e1 en etapa de diagn\u00f3stico.<br \/>\nDe esta manera, se espera que el pr\u00f3ximo 10 de julio se realice, con la presencia de autoridades regionales, provinciales y comunales, la ceremonia donde ser\u00e1 cerrado este proceso vivido en Las Acacias, donde a juicio de las autoridades, el aspecto m\u00e1s rescatable es el compromiso de los vecinos, la identidad barrial que se logr\u00f3 generar y el nivel de participaci\u00f3n de cada uno de ellos.<\/p>\n","protected":false},"excerpt":{"rendered":"<p>Una intervenci\u00f3n integral y multidisciplinaria, fue la que desarroll\u00f3 el equipo municipal y del Minvu, favoreciendo a las familias de las tres etapas de esta poblaci\u00f3n con una inversi\u00f3n de m\u00e1s de&#8230;<\/p>\n","protected":false},"author":482,"featured_media":59580,"comment_status":"open","ping_status":"open","sticky":false,"template":"","format":"standard","meta":{"advanced_seo_description":"","jetpack_seo_html_title":"","jetpack_seo_noindex":false,"_jetpack_memberships_contains_paid_content":false,"footnotes":""},"categories":[15],"tags":[],"class_list":["post-59579","post","type-post","status-publish","format-standard","has-post-thumbnail","hentry","category-comunidad"],"jetpack_featured_media_url":"https:\/\/i0.wp.com\/eltrabajo.cl\/portal\/wp-content\/uploads\/2015\/07\/claudio-paredes.jpg?fit=530%2C350&ssl=1","jetpack_sharing_enabled":true,"jetpack_likes_enabled":true,"jetpack-related-posts":[],"_links":{"self":[{"href":"https:\/\/eltrabajo.cl\/portal\/wp-json\/wp\/v2\/posts\/59579","targetHints":{"allow":["GET"]}}],"collection":[{"href":"https:\/\/eltrabajo.cl\/portal\/wp-json\/wp\/v2\/posts"}],"about":[{"href":"https:\/\/eltrabajo.cl\/portal\/wp-json\/wp\/v2\/types\/post"}],"author":[{"embeddable":true,"href":"https:\/\/eltrabajo.cl\/portal\/wp-json\/wp\/v2\/users\/482"}],"replies":[{"embeddable":true,"href":"https:\/\/eltrabajo.cl\/portal\/wp-json\/wp\/v2\/comments?post=59579"}],"version-history":[{"count":0,"href":"https:\/\/eltrabajo.cl\/portal\/wp-json\/wp\/v2\/posts\/59579\/revisions"}],"wp:featuredmedia":[{"embeddable":true,"href":"https:\/\/eltrabajo.cl\/portal\/wp-json\/wp\/v2\/media\/59580"}],"wp:attachment":[{"href":"https:\/\/eltrabajo.cl\/portal\/wp-json\/wp\/v2\/media?parent=59579"}],"wp:term":[{"taxonomy":"category","embeddable":true,"href":"https:\/\/eltrabajo.cl\/portal\/wp-json\/wp\/v2\/categories?post=59579"},{"taxonomy":"post_tag","embeddable":true,"href":"https:\/\/eltrabajo.cl\/portal\/wp-json\/wp\/v2\/tags?post=59579"}],"curies":[{"name":"wp","href":"https:\/\/api.w.org\/{rel}","templated":true}]}}