{"id":59594,"date":"2015-07-02T09:19:35","date_gmt":"2015-07-02T12:19:35","guid":{"rendered":"http:\/\/www.eltrabajo.cl\/portal\/?p=59594"},"modified":"2015-07-02T09:19:35","modified_gmt":"2015-07-02T12:19:35","slug":"encuentran-restos-oseos-en-construccion-de-futura-poblacion-valle-de-putaendo","status":"publish","type":"post","link":"https:\/\/eltrabajo.cl\/portal\/encuentran-restos-oseos-en-construccion-de-futura-poblacion-valle-de-putaendo\/","title":{"rendered":"Encuentran restos \u00f3seos en construcci\u00f3n de futura poblaci\u00f3n Valle de Putaendo"},"content":{"rendered":"<figure id=\"attachment_59595\" aria-describedby=\"caption-attachment-59595\" style=\"width: 300px\" class=\"wp-caption alignleft\"><a href=\"https:\/\/i0.wp.com\/www.eltrabajo.cl\/portal\/wp-content\/uploads\/2015\/07\/Restos-oseos.jpg\"><img data-recalc-dims=\"1\" loading=\"lazy\" decoding=\"async\" class=\"wp-image-59595 size-medium\" src=\"https:\/\/i0.wp.com\/www.eltrabajo.cl\/portal\/wp-content\/uploads\/2015\/07\/Restos-oseos-300x198.jpg?resize=300%2C198\" alt=\"En el sitio del suceso se habr\u00edan encontrado algunos molares y peque\u00f1os fragmentos de huesos .\" width=\"300\" height=\"198\" srcset=\"https:\/\/i0.wp.com\/eltrabajo.cl\/portal\/wp-content\/uploads\/2015\/07\/Restos-oseos.jpg?resize=300%2C198&amp;ssl=1 300w, https:\/\/i0.wp.com\/eltrabajo.cl\/portal\/wp-content\/uploads\/2015\/07\/Restos-oseos.jpg?resize=200%2C132&amp;ssl=1 200w, https:\/\/i0.wp.com\/eltrabajo.cl\/portal\/wp-content\/uploads\/2015\/07\/Restos-oseos.jpg?resize=227%2C150&amp;ssl=1 227w, https:\/\/i0.wp.com\/eltrabajo.cl\/portal\/wp-content\/uploads\/2015\/07\/Restos-oseos.jpg?resize=400%2C264&amp;ssl=1 400w, https:\/\/i0.wp.com\/eltrabajo.cl\/portal\/wp-content\/uploads\/2015\/07\/Restos-oseos.jpg?w=530&amp;ssl=1 530w\" sizes=\"auto, (max-width: 300px) 100vw, 300px\" \/><\/a><figcaption id=\"caption-attachment-59595\" class=\"wp-caption-text\">En el sitio del suceso se habr\u00edan encontrado algunos molares y peque\u00f1os fragmentos de huesos .<\/figcaption><\/figure>\n<p><strong>PUTAENDO<\/strong>.- Personal de Carabineros y de la Brigada de Homicidios de la Polic\u00eda de Investigaciones, se constituyeron la ma\u00f1ana de este mi\u00e9rcoles donde se construye un conjunto habitacional, luego del hallazgo de restos \u00f3seos en el sector, por lo que deber\u00e1n determinar su procedencia.<br \/>\nEl Teniente de Carabineros \u00c1ngelo Acevedo confirmaba muy temprano que un trabajador hab\u00eda asegurado haber encontrado en una excavaci\u00f3n de aproximadamente un metro de profundidad, algunos peque\u00f1os huesos (aparentemente parte de un cr\u00e1neo) y dientes que podr\u00edan eventualmente corresponder a un ser humano, por lo que se constituy\u00f3 personalmente en el lugar y se procedi\u00f3 en forma inmediata a aislar el sitio del suceso e informar al fiscal del turno, quien dispuso la concurrencia de personal especializado de la Brigada de Homicidios de la Polic\u00eda de Investigaciones de Los Andes.<br \/>\nLuego de m\u00e1s de dos horas de trabajo en el lugar por parte de la Brigada de Homicidios, el jefe de esta unidad, Comisario Gino Guti\u00e9rrez, confirm\u00f3 a nuestro medio que efectivamente en el sitio del suceso se encontraron algunos molares y peque\u00f1os fragmentos de huesos, que ser\u00e1n analizados con mayor detenci\u00f3n en la unidad, raz\u00f3n por la cual a\u00fan no puede entregar una respuesta concreta sobre si estos restos corresponden o no a un ser humano, pues habr\u00edan indicios que tambi\u00e9n podr\u00eda tratarse de restos de animales. Por aquello se realizar\u00e1n otro tipo de ex\u00e1menes a los restos encontrados en las obras de construcci\u00f3n de la futura poblaci\u00f3n Valle de Putaendo.<br \/>\nEl Comisario Guti\u00e9rrez confirm\u00f3 que en base a los antecedentes recopilados en el sitio del suceso y enviados al fiscal de turno, no fue necesario que las obras de construcci\u00f3n de la poblaci\u00f3n fuesen paralizadas.<br \/>\n<strong>Patricio Gallardo M.<\/strong><\/p>\n","protected":false},"excerpt":{"rendered":"<p>PUTAENDO.- Personal de Carabineros y de la Brigada de Homicidios de la Polic\u00eda de Investigaciones, se constituyeron la ma\u00f1ana de este mi\u00e9rcoles donde se construye un conjunto habitacional, luego del hallazgo de&#8230;<\/p>\n","protected":false},"author":482,"featured_media":59595,"comment_status":"open","ping_status":"open","sticky":false,"template":"","format":"standard","meta":{"advanced_seo_description":"","jetpack_seo_html_title":"","jetpack_seo_noindex":false,"_jetpack_memberships_contains_paid_content":false,"footnotes":""},"categories":[21],"tags":[],"class_list":["post-59594","post","type-post","status-publish","format-standard","has-post-thumbnail","hentry","category-policial"],"jetpack_featured_media_url":"https:\/\/i0.wp.com\/eltrabajo.cl\/portal\/wp-content\/uploads\/2015\/07\/Restos-oseos.jpg?fit=530%2C350&ssl=1","jetpack_sharing_enabled":true,"jetpack_likes_enabled":true,"jetpack-related-posts":[],"_links":{"self":[{"href":"https:\/\/eltrabajo.cl\/portal\/wp-json\/wp\/v2\/posts\/59594","targetHints":{"allow":["GET"]}}],"collection":[{"href":"https:\/\/eltrabajo.cl\/portal\/wp-json\/wp\/v2\/posts"}],"about":[{"href":"https:\/\/eltrabajo.cl\/portal\/wp-json\/wp\/v2\/types\/post"}],"author":[{"embeddable":true,"href":"https:\/\/eltrabajo.cl\/portal\/wp-json\/wp\/v2\/users\/482"}],"replies":[{"embeddable":true,"href":"https:\/\/eltrabajo.cl\/portal\/wp-json\/wp\/v2\/comments?post=59594"}],"version-history":[{"count":0,"href":"https:\/\/eltrabajo.cl\/portal\/wp-json\/wp\/v2\/posts\/59594\/revisions"}],"wp:featuredmedia":[{"embeddable":true,"href":"https:\/\/eltrabajo.cl\/portal\/wp-json\/wp\/v2\/media\/59595"}],"wp:attachment":[{"href":"https:\/\/eltrabajo.cl\/portal\/wp-json\/wp\/v2\/media?parent=59594"}],"wp:term":[{"taxonomy":"category","embeddable":true,"href":"https:\/\/eltrabajo.cl\/portal\/wp-json\/wp\/v2\/categories?post=59594"},{"taxonomy":"post_tag","embeddable":true,"href":"https:\/\/eltrabajo.cl\/portal\/wp-json\/wp\/v2\/tags?post=59594"}],"curies":[{"name":"wp","href":"https:\/\/api.w.org\/{rel}","templated":true}]}}