{"id":59597,"date":"2015-07-02T09:22:49","date_gmt":"2015-07-02T12:22:49","guid":{"rendered":"http:\/\/www.eltrabajo.cl\/portal\/?p=59597"},"modified":"2015-07-02T09:24:16","modified_gmt":"2015-07-02T12:24:16","slug":"trabajadores-formalizados-por-hurtar-especies-de-camion-volcado-en-ruta-60-ch","status":"publish","type":"post","link":"https:\/\/eltrabajo.cl\/portal\/trabajadores-formalizados-por-hurtar-especies-de-camion-volcado-en-ruta-60-ch\/","title":{"rendered":"Trabajadores formalizados por hurtar especies de cami\u00f3n volcado en ruta 60"},"content":{"rendered":"<figure id=\"attachment_59598\" aria-describedby=\"caption-attachment-59598\" style=\"width: 300px\" class=\"wp-caption alignleft\"><a href=\"https:\/\/i0.wp.com\/www.eltrabajo.cl\/portal\/wp-content\/uploads\/2015\/07\/funcionarios-vialidad.jpg\"><img data-recalc-dims=\"1\" loading=\"lazy\" decoding=\"async\" class=\"wp-image-59598 size-medium\" src=\"https:\/\/i0.wp.com\/www.eltrabajo.cl\/portal\/wp-content\/uploads\/2015\/07\/funcionarios-vialidad-300x197.jpg?resize=300%2C197\" alt=\"Fueron detenidos tres trabajadores, uno de ellos funcionario de la Direcci\u00f3n de Vialidad, por el delito de hurto luego de que habr\u00edan sustra\u00eddo especies desde un cami\u00f3n cargado con muebles que hab\u00eda volcado.\" width=\"300\" height=\"197\" srcset=\"https:\/\/i0.wp.com\/eltrabajo.cl\/portal\/wp-content\/uploads\/2015\/07\/funcionarios-vialidad.jpg?resize=300%2C197&amp;ssl=1 300w, https:\/\/i0.wp.com\/eltrabajo.cl\/portal\/wp-content\/uploads\/2015\/07\/funcionarios-vialidad.jpg?resize=200%2C131&amp;ssl=1 200w, https:\/\/i0.wp.com\/eltrabajo.cl\/portal\/wp-content\/uploads\/2015\/07\/funcionarios-vialidad.jpg?resize=228%2C150&amp;ssl=1 228w, https:\/\/i0.wp.com\/eltrabajo.cl\/portal\/wp-content\/uploads\/2015\/07\/funcionarios-vialidad.jpg?resize=400%2C263&amp;ssl=1 400w, https:\/\/i0.wp.com\/eltrabajo.cl\/portal\/wp-content\/uploads\/2015\/07\/funcionarios-vialidad.jpg?w=530&amp;ssl=1 530w\" sizes=\"auto, (max-width: 300px) 100vw, 300px\" \/><\/a><figcaption id=\"caption-attachment-59598\" class=\"wp-caption-text\">Fueron detenidos tres trabajadores, uno de ellos funcionario de la Direcci\u00f3n de Vialidad, por el delito de hurto luego de que habr\u00edan sustra\u00eddo especies desde un cami\u00f3n cargado con muebles que hab\u00eda volcado.<\/figcaption><\/figure>\n<ul>\n<li><strong>Imputados se defendieron argumentando que solo hab\u00edan ayudado a despejar la ruta.<\/strong><\/li>\n<\/ul>\n<p><strong>LOS ANDES.-<\/strong> Por el delito de hurto simple fueron formalizados tres trabajadores, uno de ellos funcionario de la Direcci\u00f3n de Vialidad, tras presuntamente sustraer especies desde un cami\u00f3n cargado con muebles que volc\u00f3 la tarde del viernes pasado en el camino internacional y que termin\u00f3 con su conductor fallecido.<br \/>\nConforme a los antecedentes de la carpeta investigativa del Ministerio P\u00fablico, luego de ocurrido el accidente lleg\u00f3 hasta ese lugar un cami\u00f3n de la Direcci\u00f3n de Vialidad conducido por el funcionario de iniciales L.A.H.C. (45), quien estaba acompa\u00f1ado de los trabajadores A.E.A.C. (39) y A.H.V.G. (29).<\/p>\n<figure id=\"attachment_59599\" aria-describedby=\"caption-attachment-59599\" style=\"width: 300px\" class=\"wp-caption alignright\"><a href=\"https:\/\/i0.wp.com\/www.eltrabajo.cl\/portal\/wp-content\/uploads\/2015\/07\/camio-cobertizo49.jpg\"><img data-recalc-dims=\"1\" loading=\"lazy\" decoding=\"async\" class=\"wp-image-59599 size-medium\" src=\"https:\/\/i0.wp.com\/www.eltrabajo.cl\/portal\/wp-content\/uploads\/2015\/07\/camio-cobertizo49-300x197.jpg?resize=300%2C197\" alt=\"El viernes pasado, en la ruta 60 Ch, un cami\u00f3n cargado con muebles volc\u00f3 y termin\u00f3 con su conductor fallecido.\" width=\"300\" height=\"197\" srcset=\"https:\/\/i0.wp.com\/eltrabajo.cl\/portal\/wp-content\/uploads\/2015\/07\/camio-cobertizo49.jpg?resize=300%2C197&amp;ssl=1 300w, https:\/\/i0.wp.com\/eltrabajo.cl\/portal\/wp-content\/uploads\/2015\/07\/camio-cobertizo49.jpg?resize=200%2C131&amp;ssl=1 200w, https:\/\/i0.wp.com\/eltrabajo.cl\/portal\/wp-content\/uploads\/2015\/07\/camio-cobertizo49.jpg?resize=228%2C150&amp;ssl=1 228w, https:\/\/i0.wp.com\/eltrabajo.cl\/portal\/wp-content\/uploads\/2015\/07\/camio-cobertizo49.jpg?resize=400%2C263&amp;ssl=1 400w, https:\/\/i0.wp.com\/eltrabajo.cl\/portal\/wp-content\/uploads\/2015\/07\/camio-cobertizo49.jpg?w=530&amp;ssl=1 530w\" sizes=\"auto, (max-width: 300px) 100vw, 300px\" \/><\/a><figcaption id=\"caption-attachment-59599\" class=\"wp-caption-text\">El viernes pasado, en la ruta 60 Ch, un cami\u00f3n cargado con muebles volc\u00f3 y termin\u00f3 con su conductor fallecido.<\/figcaption><\/figure>\n<p>Aprovechando que la carga del cami\u00f3n siniestrado qued\u00f3 esparcida a un costado del camino procedieron a sustraer 17 cajas conteniendo closet armables avaluados todos en la suma de $ 4.857.000, lo que ocultaron en el interior del cami\u00f3n fiscal.<br \/>\nPasadas las 21.30 horas de ese d\u00eda, cuando el personal especializado de la SIAT termin\u00f3 con el peritaje del cami\u00f3n y el cuerpo de la v\u00edctima fue levantado, el oficial a cargo del procedimiento, Teniente Geovanni Tamburrino orden\u00f3 revisar los veh\u00edculos que se hab\u00edan detenido a ayudar, toda vez que en accidentes anteriores se hab\u00edan producido hurto de especies.<br \/>\nFue as\u00ed como los Carabineros descubrieron en la parte posterior del cami\u00f3n fiscal las cajas con muebles, procediendo a la detenci\u00f3n de los trabajadores.<\/p>\n<p><strong>ALEGAN INOCENCIA<\/strong><br \/>\nEl tr\u00edo pas\u00f3 a control de detenci\u00f3n en el Tribunal de Garant\u00eda donde el fiscal Jorge Alfaro los formaliz\u00f3 por el delito de hurto.<br \/>\nSin embargo, la defensora p\u00fablica Mar\u00eda Isabel Montenegro cuestion\u00f3 la legalidad de la detenci\u00f3n, toda vez que sus representados hab\u00eda acudido ayudar al accidente y no a robar especies.<br \/>\nPor ello, el funcionario de vialidad renunci\u00f3 a su derecho a guardar silencio y declar\u00f3 en audiencia que \u00e9l junto a los otros dos trabajadores hab\u00edan subido al cami\u00f3n fiscal las especies que hab\u00edan quedado en la calzada obstaculizando la ruta.<br \/>\nIndic\u00f3 que esta acci\u00f3n fue realizada en presencia de los mismos funcionarios de Carabineros que en esos momentos estaban en el procedimiento y cuando se produjo el relevo del personal uniformado, el oficial a cargo orden\u00f3 su detenci\u00f3n por este presunto robo.<br \/>\nEl funcionario dijo que su labor consiste precisamente en mantener la ruta internacional despejada y jam\u00e1s intentaron robar esas especies.<br \/>\nLa jueza Valeria Crosa dijo que hay dudas razonables respecto del procedimiento adoptado por Carabineros y no acogi\u00f3 la medida cautelar de firma mensual solicitada por el fiscal.<br \/>\nAdem\u00e1s, el tribunal estableci\u00f3 un plazo de investigaci\u00f3n de cuatro meses, per\u00edodo en el cual el Ministerio P\u00fablico deber\u00e1 acreditar las pruebas suficientes sobre la participaci\u00f3n de los imputados en este il\u00edcito.<\/p>\n","protected":false},"excerpt":{"rendered":"<p>Imputados se defendieron argumentando que solo hab\u00edan ayudado a despejar la ruta. LOS ANDES.- Por el delito de hurto simple fueron formalizados tres trabajadores, uno de ellos funcionario de la Direcci\u00f3n de&#8230;<\/p>\n","protected":false},"author":482,"featured_media":59598,"comment_status":"open","ping_status":"open","sticky":false,"template":"","format":"standard","meta":{"advanced_seo_description":"","jetpack_seo_html_title":"","jetpack_seo_noindex":false,"_jetpack_memberships_contains_paid_content":false,"footnotes":""},"categories":[21],"tags":[],"class_list":["post-59597","post","type-post","status-publish","format-standard","has-post-thumbnail","hentry","category-policial"],"jetpack_featured_media_url":"https:\/\/i0.wp.com\/eltrabajo.cl\/portal\/wp-content\/uploads\/2015\/07\/funcionarios-vialidad.jpg?fit=530%2C348&ssl=1","jetpack_sharing_enabled":true,"jetpack_likes_enabled":true,"jetpack-related-posts":[],"_links":{"self":[{"href":"https:\/\/eltrabajo.cl\/portal\/wp-json\/wp\/v2\/posts\/59597","targetHints":{"allow":["GET"]}}],"collection":[{"href":"https:\/\/eltrabajo.cl\/portal\/wp-json\/wp\/v2\/posts"}],"about":[{"href":"https:\/\/eltrabajo.cl\/portal\/wp-json\/wp\/v2\/types\/post"}],"author":[{"embeddable":true,"href":"https:\/\/eltrabajo.cl\/portal\/wp-json\/wp\/v2\/users\/482"}],"replies":[{"embeddable":true,"href":"https:\/\/eltrabajo.cl\/portal\/wp-json\/wp\/v2\/comments?post=59597"}],"version-history":[{"count":0,"href":"https:\/\/eltrabajo.cl\/portal\/wp-json\/wp\/v2\/posts\/59597\/revisions"}],"wp:featuredmedia":[{"embeddable":true,"href":"https:\/\/eltrabajo.cl\/portal\/wp-json\/wp\/v2\/media\/59598"}],"wp:attachment":[{"href":"https:\/\/eltrabajo.cl\/portal\/wp-json\/wp\/v2\/media?parent=59597"}],"wp:term":[{"taxonomy":"category","embeddable":true,"href":"https:\/\/eltrabajo.cl\/portal\/wp-json\/wp\/v2\/categories?post=59597"},{"taxonomy":"post_tag","embeddable":true,"href":"https:\/\/eltrabajo.cl\/portal\/wp-json\/wp\/v2\/tags?post=59597"}],"curies":[{"name":"wp","href":"https:\/\/api.w.org\/{rel}","templated":true}]}}