{"id":59601,"date":"2015-07-02T09:25:27","date_gmt":"2015-07-02T12:25:27","guid":{"rendered":"http:\/\/www.eltrabajo.cl\/portal\/?p=59601"},"modified":"2015-07-02T09:25:27","modified_gmt":"2015-07-02T12:25:27","slug":"llamado-a-carabineros-permite-recuperar-camioneta-robada-en-los-andes","status":"publish","type":"post","link":"https:\/\/eltrabajo.cl\/portal\/llamado-a-carabineros-permite-recuperar-camioneta-robada-en-los-andes\/","title":{"rendered":"Llamado a Carabineros permite recuperar camioneta robada en Los Andes"},"content":{"rendered":"<figure id=\"attachment_59602\" aria-describedby=\"caption-attachment-59602\" style=\"width: 300px\" class=\"wp-caption alignleft\"><a href=\"https:\/\/i0.wp.com\/www.eltrabajo.cl\/portal\/wp-content\/uploads\/2015\/07\/nelson-molina-afectado-robo-camioneta.jpg\"><img data-recalc-dims=\"1\" loading=\"lazy\" decoding=\"async\" class=\"wp-image-59602 size-medium\" src=\"https:\/\/i0.wp.com\/www.eltrabajo.cl\/portal\/wp-content\/uploads\/2015\/07\/nelson-molina-afectado-robo-camioneta-300x198.jpg?resize=300%2C198\" alt=\"Nelson Molina, propietario del veh\u00edculo robado.\" width=\"300\" height=\"198\" srcset=\"https:\/\/i0.wp.com\/eltrabajo.cl\/portal\/wp-content\/uploads\/2015\/07\/nelson-molina-afectado-robo-camioneta.jpg?resize=300%2C198&amp;ssl=1 300w, https:\/\/i0.wp.com\/eltrabajo.cl\/portal\/wp-content\/uploads\/2015\/07\/nelson-molina-afectado-robo-camioneta.jpg?resize=200%2C132&amp;ssl=1 200w, https:\/\/i0.wp.com\/eltrabajo.cl\/portal\/wp-content\/uploads\/2015\/07\/nelson-molina-afectado-robo-camioneta.jpg?resize=227%2C150&amp;ssl=1 227w, https:\/\/i0.wp.com\/eltrabajo.cl\/portal\/wp-content\/uploads\/2015\/07\/nelson-molina-afectado-robo-camioneta.jpg?resize=400%2C264&amp;ssl=1 400w, https:\/\/i0.wp.com\/eltrabajo.cl\/portal\/wp-content\/uploads\/2015\/07\/nelson-molina-afectado-robo-camioneta.jpg?w=530&amp;ssl=1 530w\" sizes=\"auto, (max-width: 300px) 100vw, 300px\" \/><\/a><figcaption id=\"caption-attachment-59602\" class=\"wp-caption-text\">Nelson Molina, propietario del veh\u00edculo robado.<\/figcaption><\/figure>\n<p>Un llamado an\u00f3nimo al 133 permiti\u00f3 recuperar en San Felipe, una camioneta robada en Los Andes el s\u00e1bado reci\u00e9n pasado.<br \/>\nEl hecho afect\u00f3 a Nelson Molina, vecino de la poblaci\u00f3n Ren\u00e9 Schneider de Los Andes, quien dej\u00f3 estacionada su camioneta Nissan de color rojo en el frontis de su casa, momento en el cual desconocidos procedieron a descerrajar la chapa para posteriormente abandonar el lugar a bordo del veh\u00edculo con rumbo desconocido.<br \/>\nPosteriormente al darse cuenta de lo ocurrido, Molina se dirigi\u00f3 a estampar una denuncia por robo a la Tercera Comisaria de Los Andes, comenzando inmediatamente, acompa\u00f1ado de familiares, una b\u00fasqueda por los diferentes puntos de la comuna, sin resultados positivos.<\/p>\n<figure id=\"attachment_59604\" aria-describedby=\"caption-attachment-59604\" style=\"width: 300px\" class=\"wp-caption alignright\"><a href=\"https:\/\/i0.wp.com\/www.eltrabajo.cl\/portal\/wp-content\/uploads\/2015\/07\/AUTO-RECUPERADO.jpg\"><img data-recalc-dims=\"1\" loading=\"lazy\" decoding=\"async\" class=\"wp-image-59604 size-medium\" src=\"https:\/\/i0.wp.com\/www.eltrabajo.cl\/portal\/wp-content\/uploads\/2015\/07\/AUTO-RECUPERADO-300x197.jpg?resize=300%2C197\" alt=\"La camioneta fue recuperada por Carabineros gracias a un llamado an\u00f3nimo al 133 que alertaba el desmantelamiento.\" width=\"300\" height=\"197\" srcset=\"https:\/\/i0.wp.com\/eltrabajo.cl\/portal\/wp-content\/uploads\/2015\/07\/AUTO-RECUPERADO.jpg?resize=300%2C197&amp;ssl=1 300w, https:\/\/i0.wp.com\/eltrabajo.cl\/portal\/wp-content\/uploads\/2015\/07\/AUTO-RECUPERADO.jpg?resize=200%2C131&amp;ssl=1 200w, https:\/\/i0.wp.com\/eltrabajo.cl\/portal\/wp-content\/uploads\/2015\/07\/AUTO-RECUPERADO.jpg?resize=228%2C150&amp;ssl=1 228w, https:\/\/i0.wp.com\/eltrabajo.cl\/portal\/wp-content\/uploads\/2015\/07\/AUTO-RECUPERADO.jpg?resize=400%2C263&amp;ssl=1 400w, https:\/\/i0.wp.com\/eltrabajo.cl\/portal\/wp-content\/uploads\/2015\/07\/AUTO-RECUPERADO.jpg?w=530&amp;ssl=1 530w\" sizes=\"auto, (max-width: 300px) 100vw, 300px\" \/><\/a><figcaption id=\"caption-attachment-59604\" class=\"wp-caption-text\">La camioneta fue recuperada por Carabineros gracias a un llamado an\u00f3nimo al 133 que alertaba el desmantelamiento.<\/figcaption><\/figure>\n<p>La ma\u00f1ana de ayer mi\u00e9rcoles, un llamado an\u00f3nimo al 133 de Carabineros alertaba la presencia de un veh\u00edculo de similares caracter\u00edsticas semi desmantelado al interior de la Villa 250 A\u00f1os en San Felipe, lo que motiv\u00f3 a funcionarios de la Segunda Comisar\u00eda a trasladarse al lugar, constatando que se trataba de la camioneta sustra\u00edda el pasado fin de semana.<br \/>\nPosteriormente el veh\u00edculo fue trasladado hasta dependencias de la Segunda Comisar\u00eda, donde luego de las instrucciones del fiscal de turno, fue devuelta a su due\u00f1o.<br \/>\nSeg\u00fan coment\u00f3 Carolina Espinoza, sub comisario de la Segunda Comisar\u00eda de Carabineros de San Felipe, \u00abhoy gracias al llamado an\u00f3nimo de un vecino se logr\u00f3 recuperar este veh\u00edculo, el que ten\u00eda encargo por robo en la comuna de Los Andes\u00bb.<br \/>\nFinalmente Nelson Molina, propietario del veh\u00edculo, visiblemente afectado se\u00f1al\u00f3 que \u00abCarabineros nos avis\u00f3 hoy que la hab\u00edan encontrado, le sacaron las ruedas, desarmaron el panel, el motor estaba intacto, y quedamos con una gran sensaci\u00f3n de inseguridad, porque que te roben el veh\u00edculo desde el frontis de tu casa, es complicado, y entre los vecinos ya nos organizamos a trav\u00e9s de reuniones para colaborar sobre este tema. Uno nunca piensa que esto le puede pasar\u00bb.<\/p>\n","protected":false},"excerpt":{"rendered":"<p>Un llamado an\u00f3nimo al 133 permiti\u00f3 recuperar en San Felipe, una camioneta robada en Los Andes el s\u00e1bado reci\u00e9n pasado. El hecho afect\u00f3 a Nelson Molina, vecino de la poblaci\u00f3n Ren\u00e9 Schneider&#8230;<\/p>\n","protected":false},"author":482,"featured_media":59602,"comment_status":"open","ping_status":"open","sticky":false,"template":"","format":"standard","meta":{"advanced_seo_description":"","jetpack_seo_html_title":"","jetpack_seo_noindex":false,"_jetpack_memberships_contains_paid_content":false,"footnotes":""},"categories":[21],"tags":[],"class_list":["post-59601","post","type-post","status-publish","format-standard","has-post-thumbnail","hentry","category-policial"],"jetpack_featured_media_url":"https:\/\/i0.wp.com\/eltrabajo.cl\/portal\/wp-content\/uploads\/2015\/07\/nelson-molina-afectado-robo-camioneta.jpg?fit=530%2C350&ssl=1","jetpack_sharing_enabled":true,"jetpack_likes_enabled":true,"jetpack-related-posts":[],"_links":{"self":[{"href":"https:\/\/eltrabajo.cl\/portal\/wp-json\/wp\/v2\/posts\/59601","targetHints":{"allow":["GET"]}}],"collection":[{"href":"https:\/\/eltrabajo.cl\/portal\/wp-json\/wp\/v2\/posts"}],"about":[{"href":"https:\/\/eltrabajo.cl\/portal\/wp-json\/wp\/v2\/types\/post"}],"author":[{"embeddable":true,"href":"https:\/\/eltrabajo.cl\/portal\/wp-json\/wp\/v2\/users\/482"}],"replies":[{"embeddable":true,"href":"https:\/\/eltrabajo.cl\/portal\/wp-json\/wp\/v2\/comments?post=59601"}],"version-history":[{"count":0,"href":"https:\/\/eltrabajo.cl\/portal\/wp-json\/wp\/v2\/posts\/59601\/revisions"}],"wp:featuredmedia":[{"embeddable":true,"href":"https:\/\/eltrabajo.cl\/portal\/wp-json\/wp\/v2\/media\/59602"}],"wp:attachment":[{"href":"https:\/\/eltrabajo.cl\/portal\/wp-json\/wp\/v2\/media?parent=59601"}],"wp:term":[{"taxonomy":"category","embeddable":true,"href":"https:\/\/eltrabajo.cl\/portal\/wp-json\/wp\/v2\/categories?post=59601"},{"taxonomy":"post_tag","embeddable":true,"href":"https:\/\/eltrabajo.cl\/portal\/wp-json\/wp\/v2\/tags?post=59601"}],"curies":[{"name":"wp","href":"https:\/\/api.w.org\/{rel}","templated":true}]}}