{"id":59606,"date":"2015-07-02T09:26:40","date_gmt":"2015-07-02T12:26:40","guid":{"rendered":"http:\/\/www.eltrabajo.cl\/portal\/?p=59606"},"modified":"2015-07-02T09:26:40","modified_gmt":"2015-07-02T12:26:40","slug":"cuatro-profesores-fueron-detenidos-tras-protestas-en-puente-el-rey","status":"publish","type":"post","link":"https:\/\/eltrabajo.cl\/portal\/cuatro-profesores-fueron-detenidos-tras-protestas-en-puente-el-rey\/","title":{"rendered":"Cuatro profesores fueron detenidos tras protestas en Puente El Rey"},"content":{"rendered":"<figure id=\"attachment_59607\" aria-describedby=\"caption-attachment-59607\" style=\"width: 300px\" class=\"wp-caption alignleft\"><a href=\"https:\/\/i0.wp.com\/www.eltrabajo.cl\/portal\/wp-content\/uploads\/2015\/07\/Protesta-Profesores-%40Cll_Television.jpg\"><img data-recalc-dims=\"1\" loading=\"lazy\" decoding=\"async\" class=\"wp-image-59607 size-medium\" src=\"https:\/\/i0.wp.com\/www.eltrabajo.cl\/portal\/wp-content\/uploads\/2015\/07\/Protesta-Profesores-%40Cll_Television-300x198.jpg?resize=300%2C198\" alt=\"A primeras horas de ayer mi\u00e9rcoles un grupo de cincuenta profesores se manifestaron en medio del Puente El Rey, provocando cortes de tr\u00e1nsito por algunos minutos, debiendo intervenir Carabineros que detuvo a cuatro docentes por des\u00f3rdenes p\u00fablicos. (Foto:@Cll_Televisi\u00f3n)\" width=\"300\" height=\"198\" srcset=\"https:\/\/i0.wp.com\/eltrabajo.cl\/portal\/wp-content\/uploads\/2015\/07\/Protesta-Profesores-%40Cll_Television.jpg?resize=300%2C198&amp;ssl=1 300w, https:\/\/i0.wp.com\/eltrabajo.cl\/portal\/wp-content\/uploads\/2015\/07\/Protesta-Profesores-%40Cll_Television.jpg?resize=200%2C132&amp;ssl=1 200w, https:\/\/i0.wp.com\/eltrabajo.cl\/portal\/wp-content\/uploads\/2015\/07\/Protesta-Profesores-%40Cll_Television.jpg?resize=227%2C150&amp;ssl=1 227w, https:\/\/i0.wp.com\/eltrabajo.cl\/portal\/wp-content\/uploads\/2015\/07\/Protesta-Profesores-%40Cll_Television.jpg?resize=400%2C264&amp;ssl=1 400w, https:\/\/i0.wp.com\/eltrabajo.cl\/portal\/wp-content\/uploads\/2015\/07\/Protesta-Profesores-%40Cll_Television.jpg?w=530&amp;ssl=1 530w\" sizes=\"auto, (max-width: 300px) 100vw, 300px\" \/><\/a><figcaption id=\"caption-attachment-59607\" class=\"wp-caption-text\">A primeras horas de ayer mi\u00e9rcoles un grupo de cincuenta profesores se manifestaron en medio del Puente El Rey, provocando cortes de tr\u00e1nsito por algunos minutos, debiendo intervenir Carabineros que detuvo a cuatro docentes por des\u00f3rdenes p\u00fablicos. (Foto:@Cll_Televisi\u00f3n)<\/figcaption><\/figure>\n<p>Pasadas las 07:30 horas de ayer mi\u00e9rcoles, un grupo de cincuenta profesores protestaron en medio del Puente El Rey de San Felipe, provocando cortes en el tr\u00e1nsito vehicular, por lo que debi\u00f3 intervenir personal de Carabineros que detuvo a tres docentes que declinaban salir de la ruta donde manten\u00edan lienzos con diversas consignas.<br \/>\nSeg\u00fan la informaci\u00f3n entregada por la Subcomisario de los Servicios de Carabineros, Capit\u00e1n Carolina Espinoza, se\u00f1al\u00f3 que en primera instancia se detuvo a tres docentes provenientes de la comuna de Panquehue y otra de Santa Mar\u00eda, \u201cquienes luego de haberse reunido en el sector del Puente El Rey, pese a ser advertidos por parte de Carabineros respecto a que se pod\u00edan manifestar a un costado de la calzada porque estaban interrumpiendo el tr\u00e1nsito de veh\u00edculos, esta situaci\u00f3n no fue acatada por los manifestantes por lo tanto se procedi\u00f3 a la detenci\u00f3n de estos profesores\u201d.<br \/>\nLa oficial policial se\u00f1al\u00f3 que luego de restablecerse el orden p\u00fablico, los manifestantes se trasladaron hacia la intersecci\u00f3n de las avenidas Maip\u00fa esquina O\u00b4Higgins donde de la misma forma, se efectuaron cortes en el tr\u00e1nsito por algunos minutos deteniendo a un cuarto profesor que hizo caso omiso a la orden policial.<br \/>\nFinalmente los cuatro docentes tras su aprehensi\u00f3n, fueron dejados en libertad quedando a la espera de citaci\u00f3n por parte de la Fiscal\u00eda que investigar\u00e1 la imputaci\u00f3n de cargos por des\u00f3rdenes p\u00fablicos.<br \/>\n<strong>Pablo Salinas Sald\u00edas<\/strong><\/p>\n","protected":false},"excerpt":{"rendered":"<p>Pasadas las 07:30 horas de ayer mi\u00e9rcoles, un grupo de cincuenta profesores protestaron en medio del Puente El Rey de San Felipe, provocando cortes en el tr\u00e1nsito vehicular, por lo que debi\u00f3&#8230;<\/p>\n","protected":false},"author":482,"featured_media":59607,"comment_status":"open","ping_status":"open","sticky":false,"template":"","format":"standard","meta":{"advanced_seo_description":"","jetpack_seo_html_title":"","jetpack_seo_noindex":false,"_jetpack_memberships_contains_paid_content":false,"footnotes":""},"categories":[21],"tags":[],"class_list":["post-59606","post","type-post","status-publish","format-standard","has-post-thumbnail","hentry","category-policial"],"jetpack_featured_media_url":"https:\/\/i0.wp.com\/eltrabajo.cl\/portal\/wp-content\/uploads\/2015\/07\/Protesta-Profesores-%40Cll_Television.jpg?fit=530%2C350&ssl=1","jetpack_sharing_enabled":true,"jetpack_likes_enabled":true,"jetpack-related-posts":[],"_links":{"self":[{"href":"https:\/\/eltrabajo.cl\/portal\/wp-json\/wp\/v2\/posts\/59606","targetHints":{"allow":["GET"]}}],"collection":[{"href":"https:\/\/eltrabajo.cl\/portal\/wp-json\/wp\/v2\/posts"}],"about":[{"href":"https:\/\/eltrabajo.cl\/portal\/wp-json\/wp\/v2\/types\/post"}],"author":[{"embeddable":true,"href":"https:\/\/eltrabajo.cl\/portal\/wp-json\/wp\/v2\/users\/482"}],"replies":[{"embeddable":true,"href":"https:\/\/eltrabajo.cl\/portal\/wp-json\/wp\/v2\/comments?post=59606"}],"version-history":[{"count":0,"href":"https:\/\/eltrabajo.cl\/portal\/wp-json\/wp\/v2\/posts\/59606\/revisions"}],"wp:featuredmedia":[{"embeddable":true,"href":"https:\/\/eltrabajo.cl\/portal\/wp-json\/wp\/v2\/media\/59607"}],"wp:attachment":[{"href":"https:\/\/eltrabajo.cl\/portal\/wp-json\/wp\/v2\/media?parent=59606"}],"wp:term":[{"taxonomy":"category","embeddable":true,"href":"https:\/\/eltrabajo.cl\/portal\/wp-json\/wp\/v2\/categories?post=59606"},{"taxonomy":"post_tag","embeddable":true,"href":"https:\/\/eltrabajo.cl\/portal\/wp-json\/wp\/v2\/tags?post=59606"}],"curies":[{"name":"wp","href":"https:\/\/api.w.org\/{rel}","templated":true}]}}