{"id":5961,"date":"2011-11-10T09:13:22","date_gmt":"2011-11-10T13:13:22","guid":{"rendered":"http:\/\/www.eltrabajo.cl\/portal\/?p=5961"},"modified":"2011-11-10T09:13:22","modified_gmt":"2011-11-10T13:13:22","slug":"emotivo-adios-a-tamara-brindaron-familia-amigos-y-companeros-de-trabajo","status":"publish","type":"post","link":"https:\/\/eltrabajo.cl\/portal\/emotivo-adios-a-tamara-brindaron-familia-amigos-y-companeros-de-trabajo\/","title":{"rendered":"Emotivo adi\u00f3s a Tamara brindaron familia, amigos y compa\u00f1eros de trabajo"},"content":{"rendered":"<figure id=\"attachment_5963\" aria-describedby=\"caption-attachment-5963\" style=\"width: 600px\" class=\"wp-caption alignnone\"><a href=\"http:\/\/www.eltrabajo.cl\/portal\/archives\/5961\/funeral-tamara\" rel=\"attachment wp-att-5963\"><img data-recalc-dims=\"1\" loading=\"lazy\" decoding=\"async\" class=\"size-full wp-image-5963\" title=\"funeral tamara\" src=\"https:\/\/i0.wp.com\/www.eltrabajo.cl\/portal\/wp-content\/uploads\/2011\/11\/funeral-tamara.jpg?resize=600%2C450\" alt=\"\" width=\"600\" height=\"450\" srcset=\"https:\/\/i0.wp.com\/eltrabajo.cl\/portal\/wp-content\/uploads\/2011\/11\/funeral-tamara.jpg?w=600&amp;ssl=1 600w, https:\/\/i0.wp.com\/eltrabajo.cl\/portal\/wp-content\/uploads\/2011\/11\/funeral-tamara.jpg?resize=200%2C150&amp;ssl=1 200w, https:\/\/i0.wp.com\/eltrabajo.cl\/portal\/wp-content\/uploads\/2011\/11\/funeral-tamara.jpg?resize=300%2C225&amp;ssl=1 300w, https:\/\/i0.wp.com\/eltrabajo.cl\/portal\/wp-content\/uploads\/2011\/11\/funeral-tamara.jpg?resize=150%2C112&amp;ssl=1 150w, https:\/\/i0.wp.com\/eltrabajo.cl\/portal\/wp-content\/uploads\/2011\/11\/funeral-tamara.jpg?resize=400%2C300&amp;ssl=1 400w\" sizes=\"auto, (max-width: 600px) 100vw, 600px\" \/><\/a><figcaption id=\"caption-attachment-5963\" class=\"wp-caption-text\">Escenas de profunda tristeza se vivieron este mi\u00e9rcoles entre los familiares y centenares de amigos de Tamara Lepe Vargas que llegaron hasta la misa de despedida de la joven y a su funeral. Sin dudas la parte de mayor emotividad se vivi\u00f3 en el supermecado L\u00edder donde la joven se desempe\u00f1aba, ya que sus compa\u00f1eros prepararon un sencillo acto de despedida que emocion\u00f3 a su familia por todo el cari\u00f1o demostrado hacia Tamara.<\/figcaption><\/figure>\n<p><strong>Profunda tristeza rein\u00f3 en la conmovedora despedida con p\u00e9talos de rosa que tuvo la joven v\u00edctima.<\/strong><\/p>\n<p>Escenas de profunda tristeza se vivieron este mi\u00e9rcoles entre los familiares y centenares de amigos de Tamara Lepe Vargas que llegaron hasta la misa de despedida de la joven y a su funeral.<\/p>\n<p>La \u00faltima despedida a la joven comenz\u00f3 con una misa por el eterno descanso de su alma, la que se realiz\u00f3 alrededor de las 10 de la ma\u00f1ana en la Parroquia de El Almendral. Al lugar llegaron m\u00e1s de doscientas personas para despedirse de Tamara, muchos de ellos amigos de la joven, quienes todav\u00eda se mostraban sorprendidos por el hecho que termin\u00f3 con la vida de su amiga.<\/p>\n<p>Luego de terminada la misa, el cortejo se dirigi\u00f3 por calle Tocornal hasta el supermercado L\u00edder, donde la joven trabaj\u00f3 hasta hace unas semanas, debiendo salir con licencia m\u00e9dica por presentar bastantes contracciones debido al avanzado estado de su embarazo.<\/p>\n<p>En el lugar, por iniciativa de los propios compa\u00f1eros de Tamara, se desarroll\u00f3 un emotivo homenaje a la joven.<\/p>\n<p>Un coraz\u00f3n formado con p\u00e9talos de rosa en el piso de la entrada al supermercado, daba cuenta del cari\u00f1o que sent\u00edan los compa\u00f1eros por la joven. Un video creado por los trabajadores adem\u00e1s mostr\u00f3 el paso de Tamara por esa empresa, donde en el a\u00f1o en que estuvo trabajando logr\u00f3 el cari\u00f1o de sus compa\u00f1eros y de sus jefes.<\/p>\n<p>\u00abElla era buena trabajadora, una ni\u00f1a callada, se notaba que le\u00eda mucho, muy responsable, iba a cumplir un a\u00f1o, desde antes que partiera el local, ella lleg\u00f3 antes para ser capacitada\u00bb, se\u00f1al\u00f3 el administrador del local, Carlos Lara.<\/p>\n<p>En ese lugar, el padre de Tamara, Juan Carlos Lepe, agradeci\u00f3 el gesto de los compa\u00f1eros, se\u00f1alando que como padre se sent\u00eda profundamente orgulloso de su hija, quien, de cierto modo les est\u00e1 preparando el camino hacia donde ella ya se encuentra.<\/p>\n<p>\u00abUno vive por sus hijos, yo nunca pens\u00e9 entregarla a Dios mi hija antes que yo, porque ella ten\u00eda preparado el camino y nos est\u00e1 preparando el camino para nosotros, as\u00ed que a toda la comunidad, a todos sus amigos, colaboradores, familiares, lo \u00fanico que les pido recen por ella, recen por ella, hagan oraci\u00f3n, es muy importante, a m\u00ed me trae un profundo dolor, pero me lo mitiga una gran entereza y orgullo que siento por mi hija\u00bb, dijo Lepe.<\/p>\n<p>El acongojado padre dijo tambi\u00e9n que no imaginaba el cari\u00f1o que los compa\u00f1eros le ten\u00edan a su hija, el que qued\u00f3 demostrado en la preparaci\u00f3n del homenaje de la ma\u00f1ana de este mi\u00e9rcoles.<\/p>\n<p>Haciendo una reflexi\u00f3n, Lepe pidi\u00f3 que este hecho sirva de ejemplo para toda la juventud y sus padres. \u00abEn estos momentos tan especiales que se necesita que los padres est\u00e9n reunidos con sus hijos, y sus hijos con sus padres, mi hija Tamara ha dejado un gran legado en este mundo, como dijo Tamara, yo no soy de este mundo, mi mundo est\u00e1 all\u00e1 arriba, est\u00e1 con Dios, est\u00e1 con nuestro se\u00f1or Padre\u00bb.<\/p>\n<p>Asimismo reconoci\u00f3 que como familia est\u00e1n bien, \u00abacongojados pero con la fuerza y esperanza de poder gozar a Tamara dentro de la divinidad\u00bb.<\/p>\n<p>El padre de Tamara declin\u00f3 referirse a lo que esperan de la justicia. \u00abNo te puedo responder esa pregunta\u00bb, sentenci\u00f3 y se retir\u00f3 del lugar para seguir el camino hacia el cementerio municipal de El Almendral, donde fue sepultada.<\/p>\n<p>En ese lugar, el cuerpo de Tamara segu\u00eda acompa\u00f1ado por familiares y amigos, quienes le entregaron el \u00faltimo adi\u00f3s.<\/p>\n","protected":false},"excerpt":{"rendered":"<p>Profunda tristeza rein\u00f3 en la conmovedora despedida con p\u00e9talos de rosa que tuvo la joven v\u00edctima. Escenas de profunda tristeza se vivieron este mi\u00e9rcoles entre los familiares y centenares de amigos de&#8230;<\/p>\n","protected":false},"author":482,"featured_media":5962,"comment_status":"open","ping_status":"open","sticky":false,"template":"","format":"standard","meta":{"advanced_seo_description":"","jetpack_seo_html_title":"","jetpack_seo_noindex":false,"_jetpack_memberships_contains_paid_content":false,"footnotes":""},"categories":[15],"tags":[],"class_list":["post-5961","post","type-post","status-publish","format-standard","has-post-thumbnail","hentry","category-comunidad"],"jetpack_featured_media_url":"https:\/\/i0.wp.com\/eltrabajo.cl\/portal\/wp-content\/uploads\/2011\/11\/funeral-tamara-38.jpg?fit=600%2C450&ssl=1","jetpack_sharing_enabled":true,"jetpack_likes_enabled":true,"jetpack-related-posts":[],"_links":{"self":[{"href":"https:\/\/eltrabajo.cl\/portal\/wp-json\/wp\/v2\/posts\/5961","targetHints":{"allow":["GET"]}}],"collection":[{"href":"https:\/\/eltrabajo.cl\/portal\/wp-json\/wp\/v2\/posts"}],"about":[{"href":"https:\/\/eltrabajo.cl\/portal\/wp-json\/wp\/v2\/types\/post"}],"author":[{"embeddable":true,"href":"https:\/\/eltrabajo.cl\/portal\/wp-json\/wp\/v2\/users\/482"}],"replies":[{"embeddable":true,"href":"https:\/\/eltrabajo.cl\/portal\/wp-json\/wp\/v2\/comments?post=5961"}],"version-history":[{"count":0,"href":"https:\/\/eltrabajo.cl\/portal\/wp-json\/wp\/v2\/posts\/5961\/revisions"}],"wp:featuredmedia":[{"embeddable":true,"href":"https:\/\/eltrabajo.cl\/portal\/wp-json\/wp\/v2\/media\/5962"}],"wp:attachment":[{"href":"https:\/\/eltrabajo.cl\/portal\/wp-json\/wp\/v2\/media?parent=5961"}],"wp:term":[{"taxonomy":"category","embeddable":true,"href":"https:\/\/eltrabajo.cl\/portal\/wp-json\/wp\/v2\/categories?post=5961"},{"taxonomy":"post_tag","embeddable":true,"href":"https:\/\/eltrabajo.cl\/portal\/wp-json\/wp\/v2\/tags?post=5961"}],"curies":[{"name":"wp","href":"https:\/\/api.w.org\/{rel}","templated":true}]}}