{"id":59616,"date":"2015-07-03T09:21:23","date_gmt":"2015-07-03T12:21:23","guid":{"rendered":"http:\/\/www.eltrabajo.cl\/portal\/?p=59616"},"modified":"2015-07-03T09:21:23","modified_gmt":"2015-07-03T12:21:23","slug":"invierten-500-millones-para-ampliar-agua-potable-rural-en-quebrada-herrera","status":"publish","type":"post","link":"https:\/\/eltrabajo.cl\/portal\/invierten-500-millones-para-ampliar-agua-potable-rural-en-quebrada-herrera\/","title":{"rendered":"Invierten $500 millones para ampliar Agua potable Rural en Quebrada Herrera"},"content":{"rendered":"<figure id=\"attachment_59617\" aria-describedby=\"caption-attachment-59617\" style=\"width: 300px\" class=\"wp-caption alignleft\"><a href=\"https:\/\/i0.wp.com\/www.eltrabajo.cl\/portal\/wp-content\/uploads\/2015\/07\/Visita-Quebrada-Herrera.jpg\"><img data-recalc-dims=\"1\" loading=\"lazy\" decoding=\"async\" class=\"wp-image-59617 size-medium\" src=\"https:\/\/i0.wp.com\/www.eltrabajo.cl\/portal\/wp-content\/uploads\/2015\/07\/Visita-Quebrada-Herrera-300x197.jpg?resize=300%2C197\" alt=\"Diversas autoridades inspeccionaron las obras, de mejoramiento del Sistema de Agua Potable Rural de Quebrada Herrera junto al dirigente del APR, Germ\u00e1n Oliv\u00ed.\" width=\"300\" height=\"197\" srcset=\"https:\/\/i0.wp.com\/eltrabajo.cl\/portal\/wp-content\/uploads\/2015\/07\/Visita-Quebrada-Herrera.jpg?resize=300%2C197&amp;ssl=1 300w, https:\/\/i0.wp.com\/eltrabajo.cl\/portal\/wp-content\/uploads\/2015\/07\/Visita-Quebrada-Herrera.jpg?resize=200%2C131&amp;ssl=1 200w, https:\/\/i0.wp.com\/eltrabajo.cl\/portal\/wp-content\/uploads\/2015\/07\/Visita-Quebrada-Herrera.jpg?resize=228%2C150&amp;ssl=1 228w, https:\/\/i0.wp.com\/eltrabajo.cl\/portal\/wp-content\/uploads\/2015\/07\/Visita-Quebrada-Herrera.jpg?resize=400%2C263&amp;ssl=1 400w, https:\/\/i0.wp.com\/eltrabajo.cl\/portal\/wp-content\/uploads\/2015\/07\/Visita-Quebrada-Herrera.jpg?w=530&amp;ssl=1 530w\" sizes=\"auto, (max-width: 300px) 100vw, 300px\" \/><\/a><figcaption id=\"caption-attachment-59617\" class=\"wp-caption-text\">Diversas autoridades inspeccionaron las obras, de mejoramiento del Sistema de Agua Potable Rural de Quebrada Herrera junto al dirigente del APR, Germ\u00e1n Oliv\u00ed.<\/figcaption><\/figure>\n<ul>\n<li><strong>Sistema ya cuenta con nuevo estanque y se trabaja en conexiones y obras para mejorar cobertura y calidad de servicio que abastece a m\u00e1s de 3 mil personas.<\/strong><\/li>\n<\/ul>\n<p>Una inversi\u00f3n que alcanza los $500 millones de pesos est\u00e1 ejecutando el Ministerio de Obras P\u00fablicas en el sector de Quebrada Herrera en la comuna de Puteando en el mejoramiento del Sistema de Agua Potable Rural, APR.<br \/>\nEl secretario regional ministerial de Obras P\u00fablicas, Miguel Saavedra Lavanal inspeccion\u00f3 las obras junto al gobernador de la Provincia de San Felipe Eduardo Le\u00f3n, comprobando en terreno junto al dirigente del APR, Germ\u00e1n Oliv\u00ed, el avance de los trabajos.<br \/>\nSaavedra explic\u00f3 que se trata de una obra de ampliaci\u00f3n del actual servicio que permitir\u00e1 mejorar su cobertura. \u201cEsta es una obra importante que est\u00e1 llevando a cabo el Ministerio de Obras P\u00fablicas, a trav\u00e9s de la Direcci\u00f3n de Obras Hidr\u00e1ulicas, con un monto de inversi\u00f3n cercano a los $500 millones, se inici\u00f3 a principios de este a\u00f1o y estamos proyectando finalizarla en octubre. Tiene una serie de obras consideradas, como un nuevo estanque, nuevas redes para el sector norte y sector sur, empalmes el\u00e9ctricos y sistema de cloraci\u00f3n. Esto forma parte de los esfuerzos que estamos realizando como MOP de mejorar la infraestructura de los sistemas de APR en conjunto con sus dirigentes y la Gobernaci\u00f3n y trabajar para mejorar la infraestructura, la gesti\u00f3n al servicio del consumo humano que es prioritario para nosotros\u201d, recalc\u00f3 el seremi.<br \/>\nMientras, el Gobernador Eduardo Le\u00f3n destac\u00f3 el importante trabajo que se est\u00e1 realizando con los APRs en la Provincia, se\u00f1alando que el proyecto de Quebrada de Herrera surtir del vital elemento a un gran n\u00famero de vecinos. \u201cHoy d\u00eda este APR abastece a m\u00e1s de 3 mil personas, este proyecto de cerca de 500 millones ha mejorado no s\u00f3lo la presi\u00f3n, sino tambi\u00e9n los arranques, nosotros esperamos a futuro mejorar a\u00fan m\u00e1s la fuente. Con el aumento de la capacidad tambi\u00e9n est\u00e1 en muy buen pie para enfrentar el tema de la sequ\u00eda, nosotros agradecemos la colaboraci\u00f3n de la gente del APR y tambi\u00e9n del Ministerio de Obras P\u00fablicas, con el seremi ac\u00e1 que tiene un trabajo permanente con los sistemas de APR.\u201d, inform\u00f3 la m\u00e1xima autoridad de la Provincia.<br \/>\nEn tanto, a juicio del dirigente del Comit\u00e9 Germ\u00e1n Oliv\u00ed, se trata de un proyecto muy importante para la comunidad local. \u201cYo doy las gracias a las autoridades, al se\u00f1or seremi y al se\u00f1or gobernador porque finalmente fuimos escuchados, mi percepci\u00f3n de esto es positiva, luego de muchos a\u00f1os en que estuvimos luchando hemos concretado este tremendo proyecto para nosotros, porque somos un APR importante en la zona, es el \u00fanico que hay en este sector y vamos a hacer votos para que mejoremos mucho m\u00e1s este sistema\u201d, dijo el dirigente.<br \/>\nLas obras se iniciaron a principios de este a\u00f1o y se espera concluyan en octubre pr\u00f3ximo, e incluyen la construcci\u00f3n de un estanque elevado de 100 millones de metros c\u00fabicos y la mantenci\u00f3n de los 3 estanques actuales, adem\u00e1s de la construcci\u00f3n de una c\u00e1mara de cloraci\u00f3n, instalaci\u00f3n de tuber\u00edas y mejoramiento de la capacidad del empalme el\u00e9ctrico, entre otras obras.<\/p>\n","protected":false},"excerpt":{"rendered":"<p>Sistema ya cuenta con nuevo estanque y se trabaja en conexiones y obras para mejorar cobertura y calidad de servicio que abastece a m\u00e1s de 3 mil personas. Una inversi\u00f3n que alcanza&#8230;<\/p>\n","protected":false},"author":482,"featured_media":59617,"comment_status":"open","ping_status":"open","sticky":false,"template":"","format":"standard","meta":{"advanced_seo_description":"","jetpack_seo_html_title":"","jetpack_seo_noindex":false,"_jetpack_memberships_contains_paid_content":false,"footnotes":""},"categories":[15],"tags":[],"class_list":["post-59616","post","type-post","status-publish","format-standard","has-post-thumbnail","hentry","category-comunidad"],"jetpack_featured_media_url":"https:\/\/i0.wp.com\/eltrabajo.cl\/portal\/wp-content\/uploads\/2015\/07\/Visita-Quebrada-Herrera.jpg?fit=530%2C348&ssl=1","jetpack_sharing_enabled":true,"jetpack_likes_enabled":true,"jetpack-related-posts":[],"_links":{"self":[{"href":"https:\/\/eltrabajo.cl\/portal\/wp-json\/wp\/v2\/posts\/59616","targetHints":{"allow":["GET"]}}],"collection":[{"href":"https:\/\/eltrabajo.cl\/portal\/wp-json\/wp\/v2\/posts"}],"about":[{"href":"https:\/\/eltrabajo.cl\/portal\/wp-json\/wp\/v2\/types\/post"}],"author":[{"embeddable":true,"href":"https:\/\/eltrabajo.cl\/portal\/wp-json\/wp\/v2\/users\/482"}],"replies":[{"embeddable":true,"href":"https:\/\/eltrabajo.cl\/portal\/wp-json\/wp\/v2\/comments?post=59616"}],"version-history":[{"count":0,"href":"https:\/\/eltrabajo.cl\/portal\/wp-json\/wp\/v2\/posts\/59616\/revisions"}],"wp:featuredmedia":[{"embeddable":true,"href":"https:\/\/eltrabajo.cl\/portal\/wp-json\/wp\/v2\/media\/59617"}],"wp:attachment":[{"href":"https:\/\/eltrabajo.cl\/portal\/wp-json\/wp\/v2\/media?parent=59616"}],"wp:term":[{"taxonomy":"category","embeddable":true,"href":"https:\/\/eltrabajo.cl\/portal\/wp-json\/wp\/v2\/categories?post=59616"},{"taxonomy":"post_tag","embeddable":true,"href":"https:\/\/eltrabajo.cl\/portal\/wp-json\/wp\/v2\/tags?post=59616"}],"curies":[{"name":"wp","href":"https:\/\/api.w.org\/{rel}","templated":true}]}}