{"id":59619,"date":"2015-07-03T09:26:27","date_gmt":"2015-07-03T12:26:27","guid":{"rendered":"http:\/\/www.eltrabajo.cl\/portal\/?p=59619"},"modified":"2015-07-03T09:26:27","modified_gmt":"2015-07-03T12:26:27","slug":"gobierno-acabara-si-o-si-con-el-copago-educacional-a-partir-de-2016","status":"publish","type":"post","link":"https:\/\/eltrabajo.cl\/portal\/gobierno-acabara-si-o-si-con-el-copago-educacional-a-partir-de-2016\/","title":{"rendered":"Gobierno acabar\u00e1 \u2018s\u00ed o s\u00ed\u2019 con el copago educacional a partir de 2016"},"content":{"rendered":"<figure id=\"attachment_59620\" aria-describedby=\"caption-attachment-59620\" style=\"width: 300px\" class=\"wp-caption alignleft\"><a href=\"https:\/\/i0.wp.com\/www.eltrabajo.cl\/portal\/wp-content\/uploads\/2015\/07\/Alejandro-Tapia.jpg\"><img data-recalc-dims=\"1\" loading=\"lazy\" decoding=\"async\" class=\"wp-image-59620 size-medium\" src=\"https:\/\/i0.wp.com\/www.eltrabajo.cl\/portal\/wp-content\/uploads\/2015\/07\/Alejandro-Tapia-300x197.jpg?resize=300%2C197\" alt=\"Alejandro Tapia Carvajal, Seremi (S) de Educaci\u00f3n de Los Andes-San Felipe.\" width=\"300\" height=\"197\" srcset=\"https:\/\/i0.wp.com\/eltrabajo.cl\/portal\/wp-content\/uploads\/2015\/07\/Alejandro-Tapia.jpg?resize=300%2C197&amp;ssl=1 300w, https:\/\/i0.wp.com\/eltrabajo.cl\/portal\/wp-content\/uploads\/2015\/07\/Alejandro-Tapia.jpg?resize=200%2C131&amp;ssl=1 200w, https:\/\/i0.wp.com\/eltrabajo.cl\/portal\/wp-content\/uploads\/2015\/07\/Alejandro-Tapia.jpg?resize=228%2C150&amp;ssl=1 228w, https:\/\/i0.wp.com\/eltrabajo.cl\/portal\/wp-content\/uploads\/2015\/07\/Alejandro-Tapia.jpg?resize=400%2C263&amp;ssl=1 400w, https:\/\/i0.wp.com\/eltrabajo.cl\/portal\/wp-content\/uploads\/2015\/07\/Alejandro-Tapia.jpg?w=530&amp;ssl=1 530w\" sizes=\"auto, (max-width: 300px) 100vw, 300px\" \/><\/a><figcaption id=\"caption-attachment-59620\" class=\"wp-caption-text\">Alejandro Tapia Carvajal, Seremi (S) de Educaci\u00f3n de Los Andes-San Felipe.<\/figcaption><\/figure>\n<ul>\n<li><strong>En una entrevista Exclusiva a Diario El Trabajo y con miras a explicar el accionar de una de las leyes de la Reforma Educacional, el director provincial de Educaci\u00f3n, Alejandro Tapia, habla hoy sobre c\u00f3mo impactar\u00e1 este plan de trabajo a los colegios, estudiantes y apoderados de nuestra provincia.<\/strong><\/li>\n<\/ul>\n<p>A pocos meses de entrar a regir la Ley Inclusi\u00f3n, ley que forma parte del paquete de proyectos de ley de la nueva Reforma Educacional del Gobierno y para explicar algunos puntos de esta ley, Diario El Trabajo habl\u00f3 este jueves con Alejandro Tapia Carvajal, Seremi (S) de Educaci\u00f3n de Los Andes-San Felipe, sobre una de esas leyes, puntualmente sobre la Ley de Inclusi\u00f3n.<\/p>\n<p><strong>A SOLAS CON ALEJANDRO TAPIA<\/strong><br \/>\nLa importancia de este tema radica en el panorama que se gestiona por parte del Ejecutivo para poner fin al copago y gradualmente implementar un nuevo sistema de administraci\u00f3n nacional de los recursos de esta cartera.<br \/>\n<strong>&#8211; \u00bfQu\u00e9 es en palabras simples la Reforma Educacional?<\/strong><br \/>\n<strong>&#8211;<\/strong> La Reforma es un proceso de modernizaci\u00f3n de todo el sistema educacional, que obedece a los cambios necesarios por una cuesti\u00f3n del paso del tiempo y exigencias socioecon\u00f3micas de nuestra sociedad, que se ha transformado en una necesidad urgente.<br \/>\n<strong>&#8211; \u00bfEn qu\u00e9 consiste esta Reforma?<\/strong><br \/>\n<strong>&#8211;<\/strong> Consiste en la ejecuci\u00f3n de proyectos de ley y tiene un trasfondo fundamentalmente jur\u00eddico, ya que en estos proyectos se cambian y modifican las formas de gestionar y mejorar la educaci\u00f3n, para que afecte positivamente nuestra sociedad.<br \/>\n<strong>&#8211; \u00bfCu\u00e1les son los ejes principales de la Ley de Inclusi\u00f3n?<\/strong><br \/>\n<strong>&#8211;<\/strong> Se espera que al menos en tres ejes prioritarios esta Reforma impacten positivamente, los cuales son la Gratuidad en todo el sistema, que implica desde la parvularia hasta la educaci\u00f3n superior, ser\u00e1 gratis para al menos el 70% de toda la poblaci\u00f3n, lo que significa acceso para todos. El segundo eje es la Calidad, ya que en nuestro sistema la calidad se vuelve uno de los focos principales tambi\u00e9n, pues lo que se busca es tener un nivel de calidad general, independiente a los grupos diferentes a nivel socioecon\u00f3micos y el tercer eje, es una Mejor gesti\u00f3n de los recursos p\u00fablicos para la educaci\u00f3n, lo que implica poner fin al lucro y al copago, que es puntualmente regular un sector que antes no ten\u00eda regulaci\u00f3n.<br \/>\n<strong>&#8211; \u00bfC\u00f3mo afectar\u00e1 esta ley a los colegios particulares subvencionados?<\/strong><br \/>\n<strong>&#8211;<\/strong> Puntualmente en el sector particular subvencionado lo que se proyecta para los pr\u00f3ximos a\u00f1os, es pasar ese sistema a la gratuidad, el Estado pagar\u00e1 a esas escuelas, o sea, el Estado pagar\u00e1 el total de la educaci\u00f3n en esos centros educativos, lo que beneficiar\u00e1 a los apoderados, quienes se ver\u00e1n liberados de la obligaci\u00f3n del copago, la determinada cantidad de dinero que pagar\u00e1 el apoderado, eso va a desaparecer en la medida que las escuelas se acogen a gratuidad, si no se acogen entonces dejar\u00e1n de percibir la subvenci\u00f3n del Estado, pasando as\u00ed al r\u00e9gimen de Particular.<br \/>\n<strong>&#8211; \u00bfQu\u00e9 espera usted que hagan estos colegios en los siguientes meses y a\u00f1os?<\/strong><br \/>\n<strong>&#8211;<\/strong> Lo que pasar\u00e1 aqu\u00ed, es que la mayor\u00eda de estos colegios aceptar\u00e1n \u2018las reglas del juego\u2019, ya que lo que est\u00e1 en juego es la vocaci\u00f3n educativa de estos sostenedores (\u2026) para aquellos colegios con un copago alto, el paso a la gratuidad ser\u00e1 de manera gradual, esperamos que al a\u00f1o 2021 ya estos colegios se hayan definido en su totalidad, esperamos que a 2018 el 70% ya estar\u00e1n en gratuidad.<br \/>\n<strong>&#8211; \u00bfNi\u00f1os de escuelas \u2018pobres\u2019 estudiar\u00e1n con alumnos de escuelas de mejor condici\u00f3n econ\u00f3mica en una misma sala?<\/strong><br \/>\n<strong>&#8211;<\/strong> Por eso se llama Ley de Inclusi\u00f3n, porque se trata de no segregar a trav\u00e9s de las escuelas, la autonom\u00eda de los proyectos educativos no est\u00e1 en peligro, precisamente el a\u00f1o pasado hab\u00eda desinformaci\u00f3n al respecto, pero ahora se debe tener claro que los apoderados pueden decidir en qu\u00e9 colegio estudiar\u00e1n sus hijos, lo que no puede ocurrir ac\u00e1, es que las escuelas decidan qu\u00e9 ni\u00f1os entran y qu\u00e9 ni\u00f1os no, aunque las exigencias de algunos de estos colegios, como reglamentos y pautas de conducta tambi\u00e9n juega un papel a tomar en cuenta en este tema. La ley no proh\u00edbe a estos colegios poner sus reglas claras y sanciones, lo que proh\u00edbe es discriminar a priori.<br \/>\n<strong>&#8211; \u00bfQu\u00e9 pasar\u00e1 con los estudiantes que han sido desvinculados de otras escuelas por su incapacidad de llevar una sana convivencia?<\/strong><br \/>\n<strong>&#8211;<\/strong> Las leyes son generales, no abarcan las excepciones, busca en s\u00ed misma el mayor bien com\u00fan, para esos casos ya se est\u00e1 promoviendo una iniciativa, que son las Escuelas de segunda oportunidad.<br \/>\n<strong>Roberto Gonz\u00e1lez Short<\/strong><br \/>\n<strong>rgonzalez@eltrabajo.cl<\/strong><\/p>\n","protected":false},"excerpt":{"rendered":"<p>En una entrevista Exclusiva a Diario El Trabajo y con miras a explicar el accionar de una de las leyes de la Reforma Educacional, el director provincial de Educaci\u00f3n, Alejandro Tapia, habla&#8230;<\/p>\n","protected":false},"author":482,"featured_media":59620,"comment_status":"open","ping_status":"open","sticky":false,"template":"","format":"standard","meta":{"advanced_seo_description":"","jetpack_seo_html_title":"","jetpack_seo_noindex":false,"_jetpack_memberships_contains_paid_content":false,"footnotes":""},"categories":[15],"tags":[],"class_list":["post-59619","post","type-post","status-publish","format-standard","has-post-thumbnail","hentry","category-comunidad"],"jetpack_featured_media_url":"https:\/\/i0.wp.com\/eltrabajo.cl\/portal\/wp-content\/uploads\/2015\/07\/Alejandro-Tapia.jpg?fit=530%2C348&ssl=1","jetpack_sharing_enabled":true,"jetpack_likes_enabled":true,"jetpack-related-posts":[],"_links":{"self":[{"href":"https:\/\/eltrabajo.cl\/portal\/wp-json\/wp\/v2\/posts\/59619","targetHints":{"allow":["GET"]}}],"collection":[{"href":"https:\/\/eltrabajo.cl\/portal\/wp-json\/wp\/v2\/posts"}],"about":[{"href":"https:\/\/eltrabajo.cl\/portal\/wp-json\/wp\/v2\/types\/post"}],"author":[{"embeddable":true,"href":"https:\/\/eltrabajo.cl\/portal\/wp-json\/wp\/v2\/users\/482"}],"replies":[{"embeddable":true,"href":"https:\/\/eltrabajo.cl\/portal\/wp-json\/wp\/v2\/comments?post=59619"}],"version-history":[{"count":0,"href":"https:\/\/eltrabajo.cl\/portal\/wp-json\/wp\/v2\/posts\/59619\/revisions"}],"wp:featuredmedia":[{"embeddable":true,"href":"https:\/\/eltrabajo.cl\/portal\/wp-json\/wp\/v2\/media\/59620"}],"wp:attachment":[{"href":"https:\/\/eltrabajo.cl\/portal\/wp-json\/wp\/v2\/media?parent=59619"}],"wp:term":[{"taxonomy":"category","embeddable":true,"href":"https:\/\/eltrabajo.cl\/portal\/wp-json\/wp\/v2\/categories?post=59619"},{"taxonomy":"post_tag","embeddable":true,"href":"https:\/\/eltrabajo.cl\/portal\/wp-json\/wp\/v2\/tags?post=59619"}],"curies":[{"name":"wp","href":"https:\/\/api.w.org\/{rel}","templated":true}]}}