{"id":59622,"date":"2015-07-03T09:27:29","date_gmt":"2015-07-03T12:27:29","guid":{"rendered":"http:\/\/www.eltrabajo.cl\/portal\/?p=59622"},"modified":"2015-07-03T09:27:29","modified_gmt":"2015-07-03T12:27:29","slug":"aumenta-preocupacion-por-danos-y-robos-de-avena-y-alfalfa","status":"publish","type":"post","link":"https:\/\/eltrabajo.cl\/portal\/aumenta-preocupacion-por-danos-y-robos-de-avena-y-alfalfa\/","title":{"rendered":"Aumenta preocupaci\u00f3n por da\u00f1os y robos de avena y alfalfa"},"content":{"rendered":"<figure id=\"attachment_59623\" aria-describedby=\"caption-attachment-59623\" style=\"width: 300px\" class=\"wp-caption alignleft\"><a href=\"https:\/\/i0.wp.com\/www.eltrabajo.cl\/portal\/wp-content\/uploads\/2015\/07\/REFERENCIAL-ALFALFA.jpg\"><img data-recalc-dims=\"1\" loading=\"lazy\" decoding=\"async\" class=\"wp-image-59623 size-medium\" src=\"https:\/\/i0.wp.com\/www.eltrabajo.cl\/portal\/wp-content\/uploads\/2015\/07\/REFERENCIAL-ALFALFA-300x198.jpg?resize=300%2C198\" alt=\"Compleja situaci\u00f3n se vive por el robo de avena alfalfa. (Referencial).\" width=\"300\" height=\"198\" srcset=\"https:\/\/i0.wp.com\/eltrabajo.cl\/portal\/wp-content\/uploads\/2015\/07\/REFERENCIAL-ALFALFA.jpg?resize=300%2C198&amp;ssl=1 300w, https:\/\/i0.wp.com\/eltrabajo.cl\/portal\/wp-content\/uploads\/2015\/07\/REFERENCIAL-ALFALFA.jpg?resize=200%2C132&amp;ssl=1 200w, https:\/\/i0.wp.com\/eltrabajo.cl\/portal\/wp-content\/uploads\/2015\/07\/REFERENCIAL-ALFALFA.jpg?resize=227%2C150&amp;ssl=1 227w, https:\/\/i0.wp.com\/eltrabajo.cl\/portal\/wp-content\/uploads\/2015\/07\/REFERENCIAL-ALFALFA.jpg?resize=400%2C264&amp;ssl=1 400w, https:\/\/i0.wp.com\/eltrabajo.cl\/portal\/wp-content\/uploads\/2015\/07\/REFERENCIAL-ALFALFA.jpg?w=530&amp;ssl=1 530w\" sizes=\"auto, (max-width: 300px) 100vw, 300px\" \/><\/a><figcaption id=\"caption-attachment-59623\" class=\"wp-caption-text\">Compleja situaci\u00f3n se vive por el robo de avena alfalfa. (Referencial).<\/figcaption><\/figure>\n<p><strong>PUTAENDO.<\/strong>&#8211; Bastante preocupaci\u00f3n est\u00e1 generando en algunos agricultores de Putaendo que tienen siembras de avena y alfalfa, luego que en las \u00faltimas semanas se haya incrementado el da\u00f1o en sus predios y sistem\u00e1ticamente tambi\u00e9n el robo por parte de propietarios de animales.<br \/>\nLa situaci\u00f3n obedece a que la falta de lluvia ha encarecido el valor del pasto, y en varios sectores de la comuna de Putaendo donde algunos agricultores han decidido sembrar alfalfa o avena, que con mucho esfuerzo logran sacar adelante pese a la falta de agua, se han visto perjudicados luego que hayan comenzado a \u00abcegar\u00bb el pasto o la avena, generando da\u00f1os en los terrenos, lo que podr\u00eda atribuirse a un robo, seg\u00fan confirm\u00f3 Carabineros, porque se trata del ingreso a una propiedad privada y de la extracci\u00f3n de un producto sin la autorizaci\u00f3n del propietario.<br \/>\nA esto se suma el hecho que algunos due\u00f1os de animales, que tambi\u00e9n enfrentan una situaci\u00f3n cr\u00edtica, han comenzado a llevar sus animales a estos predios sembrados con alfalfa o avena durante la madrugada para que se puedan alimentar, lo que tambi\u00e9n est\u00e1 generando un da\u00f1o a los propietarios de esos terrenos.<br \/>\nEsta situaci\u00f3n lamentablemente ha ido en aumento durante los \u00faltimos d\u00edas, y seg\u00fan indicaron varios agricultores, incluso podr\u00eda llegar el momento en que se produzcan inconvenientes entre quienes tratan de sacar sus siembras adelante, mientras que los propietarios de animales se han visto obligados a realizar estos actos para tener alimento para su ganado.<br \/>\n<strong>Patricio Gallardo M.<\/strong><\/p>\n","protected":false},"excerpt":{"rendered":"<p>PUTAENDO.&#8211; Bastante preocupaci\u00f3n est\u00e1 generando en algunos agricultores de Putaendo que tienen siembras de avena y alfalfa, luego que en las \u00faltimas semanas se haya incrementado el da\u00f1o en sus predios y&#8230;<\/p>\n","protected":false},"author":482,"featured_media":59623,"comment_status":"open","ping_status":"open","sticky":false,"template":"","format":"standard","meta":{"advanced_seo_description":"","jetpack_seo_html_title":"","jetpack_seo_noindex":false,"_jetpack_memberships_contains_paid_content":false,"footnotes":""},"categories":[15],"tags":[],"class_list":["post-59622","post","type-post","status-publish","format-standard","has-post-thumbnail","hentry","category-comunidad"],"jetpack_featured_media_url":"https:\/\/i0.wp.com\/eltrabajo.cl\/portal\/wp-content\/uploads\/2015\/07\/REFERENCIAL-ALFALFA.jpg?fit=530%2C350&ssl=1","jetpack_sharing_enabled":true,"jetpack_likes_enabled":true,"jetpack-related-posts":[],"_links":{"self":[{"href":"https:\/\/eltrabajo.cl\/portal\/wp-json\/wp\/v2\/posts\/59622","targetHints":{"allow":["GET"]}}],"collection":[{"href":"https:\/\/eltrabajo.cl\/portal\/wp-json\/wp\/v2\/posts"}],"about":[{"href":"https:\/\/eltrabajo.cl\/portal\/wp-json\/wp\/v2\/types\/post"}],"author":[{"embeddable":true,"href":"https:\/\/eltrabajo.cl\/portal\/wp-json\/wp\/v2\/users\/482"}],"replies":[{"embeddable":true,"href":"https:\/\/eltrabajo.cl\/portal\/wp-json\/wp\/v2\/comments?post=59622"}],"version-history":[{"count":0,"href":"https:\/\/eltrabajo.cl\/portal\/wp-json\/wp\/v2\/posts\/59622\/revisions"}],"wp:featuredmedia":[{"embeddable":true,"href":"https:\/\/eltrabajo.cl\/portal\/wp-json\/wp\/v2\/media\/59623"}],"wp:attachment":[{"href":"https:\/\/eltrabajo.cl\/portal\/wp-json\/wp\/v2\/media?parent=59622"}],"wp:term":[{"taxonomy":"category","embeddable":true,"href":"https:\/\/eltrabajo.cl\/portal\/wp-json\/wp\/v2\/categories?post=59622"},{"taxonomy":"post_tag","embeddable":true,"href":"https:\/\/eltrabajo.cl\/portal\/wp-json\/wp\/v2\/tags?post=59622"}],"curies":[{"name":"wp","href":"https:\/\/api.w.org\/{rel}","templated":true}]}}