{"id":59628,"date":"2015-07-03T09:29:30","date_gmt":"2015-07-03T12:29:30","guid":{"rendered":"http:\/\/www.eltrabajo.cl\/portal\/?p=59628"},"modified":"2015-07-03T09:29:30","modified_gmt":"2015-07-03T12:29:30","slug":"corrida-doglover-convoca-a-gran-cantidad-de-corredores","status":"publish","type":"post","link":"https:\/\/eltrabajo.cl\/portal\/corrida-doglover-convoca-a-gran-cantidad-de-corredores\/","title":{"rendered":"Corrida Dog&#038;Lover convoca a gran cantidad de corredores"},"content":{"rendered":"<figure id=\"attachment_59629\" aria-describedby=\"caption-attachment-59629\" style=\"width: 300px\" class=\"wp-caption alignleft\"><a href=\"https:\/\/i0.wp.com\/www.eltrabajo.cl\/portal\/wp-content\/uploads\/2015\/07\/PERRITO-MAS-ESFORZADO.jpg\"><img data-recalc-dims=\"1\" loading=\"lazy\" decoding=\"async\" class=\"wp-image-59629 size-medium\" src=\"https:\/\/i0.wp.com\/www.eltrabajo.cl\/portal\/wp-content\/uploads\/2015\/07\/PERRITO-MAS-ESFORZADO-300x198.jpg?resize=300%2C198\" alt=\"Durante el s\u00e1bado m\u00e1s de 80 canes de diferentes razas llegaron al Frontis del Cine Teatro Municipal, para participar de esta actividad familiar. \" width=\"300\" height=\"198\" srcset=\"https:\/\/i0.wp.com\/eltrabajo.cl\/portal\/wp-content\/uploads\/2015\/07\/PERRITO-MAS-ESFORZADO.jpg?resize=300%2C198&amp;ssl=1 300w, https:\/\/i0.wp.com\/eltrabajo.cl\/portal\/wp-content\/uploads\/2015\/07\/PERRITO-MAS-ESFORZADO.jpg?resize=200%2C132&amp;ssl=1 200w, https:\/\/i0.wp.com\/eltrabajo.cl\/portal\/wp-content\/uploads\/2015\/07\/PERRITO-MAS-ESFORZADO.jpg?resize=227%2C150&amp;ssl=1 227w, https:\/\/i0.wp.com\/eltrabajo.cl\/portal\/wp-content\/uploads\/2015\/07\/PERRITO-MAS-ESFORZADO.jpg?resize=400%2C264&amp;ssl=1 400w, https:\/\/i0.wp.com\/eltrabajo.cl\/portal\/wp-content\/uploads\/2015\/07\/PERRITO-MAS-ESFORZADO.jpg?w=530&amp;ssl=1 530w\" sizes=\"auto, (max-width: 300px) 100vw, 300px\" \/><\/a><figcaption id=\"caption-attachment-59629\" class=\"wp-caption-text\">Durante el s\u00e1bado m\u00e1s de 80 canes de diferentes razas llegaron al Frontis del Cine Teatro Municipal, para participar de esta actividad familiar.<\/figcaption><\/figure>\n<p><strong>LLAY LLAY<\/strong>.- Todo un \u00e9xito result\u00f3 la Perro Running organizada por la Oficina del Deporte Municipal y estudiantes de la Carrera de Ingenier\u00eda Comercial de la Universidad Andr\u00e9s Bello sede Vi\u00f1a del Mar.<br \/>\nLa ma\u00f1ana del s\u00e1bado 27 de junio, m\u00e1s de 80 canes de diferentes razas, tama\u00f1os y colores se dieron cita en el Frontis del Cine Teatro Municipal, para participar de esta actividad familiar.<br \/>\nEl productor de Dog&amp;Lover Running, Ricardo Reyes Larenas indic\u00f3 \u201cEs una actividad donde se premi\u00f3 a los tres primeros lugares, en las categor\u00edas masculina y femenina, y que cuyo objetivo principal es concientizar a las personas acerca de la tenencia responsable de mascotas\u201d.<br \/>\nTodos los participantes fueron premiados; con un kilo de alimento y un juguete. Asimismo, la encargada de la Oficina del Deporte de la Municipalidad, Gloria Araya recibi\u00f3 en nombre del alcalde Mario Marillanca, 500 kilos de alimento entregados por los estudiantes.<\/p>\n","protected":false},"excerpt":{"rendered":"<p>LLAY LLAY.- Todo un \u00e9xito result\u00f3 la Perro Running organizada por la Oficina del Deporte Municipal y estudiantes de la Carrera de Ingenier\u00eda Comercial de la Universidad Andr\u00e9s Bello sede Vi\u00f1a del&#8230;<\/p>\n","protected":false},"author":482,"featured_media":59629,"comment_status":"open","ping_status":"open","sticky":false,"template":"","format":"standard","meta":{"advanced_seo_description":"","jetpack_seo_html_title":"","jetpack_seo_noindex":false,"_jetpack_memberships_contains_paid_content":false,"footnotes":""},"categories":[15],"tags":[],"class_list":["post-59628","post","type-post","status-publish","format-standard","has-post-thumbnail","hentry","category-comunidad"],"jetpack_featured_media_url":"https:\/\/i0.wp.com\/eltrabajo.cl\/portal\/wp-content\/uploads\/2015\/07\/PERRITO-MAS-ESFORZADO.jpg?fit=530%2C350&ssl=1","jetpack_sharing_enabled":true,"jetpack_likes_enabled":true,"jetpack-related-posts":[],"_links":{"self":[{"href":"https:\/\/eltrabajo.cl\/portal\/wp-json\/wp\/v2\/posts\/59628","targetHints":{"allow":["GET"]}}],"collection":[{"href":"https:\/\/eltrabajo.cl\/portal\/wp-json\/wp\/v2\/posts"}],"about":[{"href":"https:\/\/eltrabajo.cl\/portal\/wp-json\/wp\/v2\/types\/post"}],"author":[{"embeddable":true,"href":"https:\/\/eltrabajo.cl\/portal\/wp-json\/wp\/v2\/users\/482"}],"replies":[{"embeddable":true,"href":"https:\/\/eltrabajo.cl\/portal\/wp-json\/wp\/v2\/comments?post=59628"}],"version-history":[{"count":0,"href":"https:\/\/eltrabajo.cl\/portal\/wp-json\/wp\/v2\/posts\/59628\/revisions"}],"wp:featuredmedia":[{"embeddable":true,"href":"https:\/\/eltrabajo.cl\/portal\/wp-json\/wp\/v2\/media\/59629"}],"wp:attachment":[{"href":"https:\/\/eltrabajo.cl\/portal\/wp-json\/wp\/v2\/media?parent=59628"}],"wp:term":[{"taxonomy":"category","embeddable":true,"href":"https:\/\/eltrabajo.cl\/portal\/wp-json\/wp\/v2\/categories?post=59628"},{"taxonomy":"post_tag","embeddable":true,"href":"https:\/\/eltrabajo.cl\/portal\/wp-json\/wp\/v2\/tags?post=59628"}],"curies":[{"name":"wp","href":"https:\/\/api.w.org\/{rel}","templated":true}]}}