{"id":59634,"date":"2015-07-03T09:35:05","date_gmt":"2015-07-03T12:35:05","guid":{"rendered":"http:\/\/www.eltrabajo.cl\/portal\/?p=59634"},"modified":"2015-07-03T09:35:05","modified_gmt":"2015-07-03T12:35:05","slug":"beca-pedro-aguirre-cerda-beneficia-a-70-estudiantes-de-la-comuna","status":"publish","type":"post","link":"https:\/\/eltrabajo.cl\/portal\/beca-pedro-aguirre-cerda-beneficia-a-70-estudiantes-de-la-comuna\/","title":{"rendered":"Beca Pedro Aguirre Cerda beneficia a 70 estudiantes de la comuna"},"content":{"rendered":"<figure id=\"attachment_59635\" aria-describedby=\"caption-attachment-59635\" style=\"width: 300px\" class=\"wp-caption alignleft\"><a href=\"https:\/\/i0.wp.com\/www.eltrabajo.cl\/portal\/wp-content\/uploads\/2015\/07\/entrega-beca.jpg\"><img data-recalc-dims=\"1\" loading=\"lazy\" decoding=\"async\" class=\"wp-image-59635 size-medium\" src=\"https:\/\/i0.wp.com\/www.eltrabajo.cl\/portal\/wp-content\/uploads\/2015\/07\/entrega-beca-300x198.jpg?resize=300%2C198\" alt=\"El alcalde Nelson Venegas junto a la gobernadora Mar\u00eda Victoria Rodr\u00edguez hicieron entrega de la beca municipal Pedro Aguirre Cerda a 70 beneficiarios.\" width=\"300\" height=\"198\" srcset=\"https:\/\/i0.wp.com\/eltrabajo.cl\/portal\/wp-content\/uploads\/2015\/07\/entrega-beca.jpg?resize=300%2C198&amp;ssl=1 300w, https:\/\/i0.wp.com\/eltrabajo.cl\/portal\/wp-content\/uploads\/2015\/07\/entrega-beca.jpg?resize=200%2C132&amp;ssl=1 200w, https:\/\/i0.wp.com\/eltrabajo.cl\/portal\/wp-content\/uploads\/2015\/07\/entrega-beca.jpg?resize=227%2C150&amp;ssl=1 227w, https:\/\/i0.wp.com\/eltrabajo.cl\/portal\/wp-content\/uploads\/2015\/07\/entrega-beca.jpg?resize=400%2C264&amp;ssl=1 400w, https:\/\/i0.wp.com\/eltrabajo.cl\/portal\/wp-content\/uploads\/2015\/07\/entrega-beca.jpg?w=530&amp;ssl=1 530w\" sizes=\"auto, (max-width: 300px) 100vw, 300px\" \/><\/a><figcaption id=\"caption-attachment-59635\" class=\"wp-caption-text\">El alcalde Nelson Venegas junto a la gobernadora Mar\u00eda Victoria Rodr\u00edguez hicieron entrega de la beca municipal Pedro Aguirre Cerda a 70 beneficiarios.<\/figcaption><\/figure>\n<p><strong>CALLE LARGA<\/strong>.- En las dependencias del Centro Cultural Pedro Aguirre Cerda de la comuna de Calle Larga, la gobernadora provincial de Los Andes, Mar\u00eda Victoria Rodr\u00edguez, y el alcalde Nelson Venegas, hicieron entrega formal de la Beca Municipal Pedro Aguirre Cerda 2015.<br \/>\nDurante este a\u00f1o 51 estudiantes de Educaci\u00f3n Superior y 17 de Educaci\u00f3n Media fueron los beneficiados, junto con dos becas de situaciones especiales.<br \/>\nEl alcalde de la comuna de Calle Larga, Nelson Venegas, sostuvo que esta beca tiene por finalidad apoyar a los estudiantes del nivel medio y superior que cumplen con los requisitos estipulados, principalmente destacados por sus m\u00e9ritos acad\u00e9micos y desempe\u00f1o deportivo, que viven en la comuna y carecen de recursos econ\u00f3micos para solventar \u00edntegramente los gastos emanados de su educaci\u00f3n.<br \/>\nEn tanto, la gobernadora provincial de Los Andes, Mar\u00eda Victoria Rodr\u00edguez, destac\u00f3 el apoyo que realiza la municipalidad callelarguina con sus estudiantes y j\u00f3venes, lo cual manifiesta un compromiso que contribuye al desarrollo local y a la entrega de mayores oportunidades.<br \/>\nEl municipio, a trav\u00e9s de la Direcci\u00f3n de Desarrollo Comunitario, anualmente invita a postular al proceso de selecci\u00f3n de beneficiarios de la Beca Municipal Pedro Aguirre Cerda, creada por el Decreto N\u00ba 382 de fecha 28 de Abril de 2006.<\/p>\n","protected":false},"excerpt":{"rendered":"<p>CALLE LARGA.- En las dependencias del Centro Cultural Pedro Aguirre Cerda de la comuna de Calle Larga, la gobernadora provincial de Los Andes, Mar\u00eda Victoria Rodr\u00edguez, y el alcalde Nelson Venegas, hicieron&#8230;<\/p>\n","protected":false},"author":482,"featured_media":59635,"comment_status":"open","ping_status":"open","sticky":false,"template":"","format":"standard","meta":{"advanced_seo_description":"","jetpack_seo_html_title":"","jetpack_seo_noindex":false,"_jetpack_memberships_contains_paid_content":false,"footnotes":""},"categories":[15],"tags":[],"class_list":["post-59634","post","type-post","status-publish","format-standard","has-post-thumbnail","hentry","category-comunidad"],"jetpack_featured_media_url":"https:\/\/i0.wp.com\/eltrabajo.cl\/portal\/wp-content\/uploads\/2015\/07\/entrega-beca.jpg?fit=530%2C350&ssl=1","jetpack_sharing_enabled":true,"jetpack_likes_enabled":true,"jetpack-related-posts":[],"_links":{"self":[{"href":"https:\/\/eltrabajo.cl\/portal\/wp-json\/wp\/v2\/posts\/59634","targetHints":{"allow":["GET"]}}],"collection":[{"href":"https:\/\/eltrabajo.cl\/portal\/wp-json\/wp\/v2\/posts"}],"about":[{"href":"https:\/\/eltrabajo.cl\/portal\/wp-json\/wp\/v2\/types\/post"}],"author":[{"embeddable":true,"href":"https:\/\/eltrabajo.cl\/portal\/wp-json\/wp\/v2\/users\/482"}],"replies":[{"embeddable":true,"href":"https:\/\/eltrabajo.cl\/portal\/wp-json\/wp\/v2\/comments?post=59634"}],"version-history":[{"count":0,"href":"https:\/\/eltrabajo.cl\/portal\/wp-json\/wp\/v2\/posts\/59634\/revisions"}],"wp:featuredmedia":[{"embeddable":true,"href":"https:\/\/eltrabajo.cl\/portal\/wp-json\/wp\/v2\/media\/59635"}],"wp:attachment":[{"href":"https:\/\/eltrabajo.cl\/portal\/wp-json\/wp\/v2\/media?parent=59634"}],"wp:term":[{"taxonomy":"category","embeddable":true,"href":"https:\/\/eltrabajo.cl\/portal\/wp-json\/wp\/v2\/categories?post=59634"},{"taxonomy":"post_tag","embeddable":true,"href":"https:\/\/eltrabajo.cl\/portal\/wp-json\/wp\/v2\/tags?post=59634"}],"curies":[{"name":"wp","href":"https:\/\/api.w.org\/{rel}","templated":true}]}}