{"id":59641,"date":"2015-07-03T09:40:35","date_gmt":"2015-07-03T12:40:35","guid":{"rendered":"http:\/\/www.eltrabajo.cl\/portal\/?p=59641"},"modified":"2015-07-03T09:40:35","modified_gmt":"2015-07-03T12:40:35","slug":"hallan-cuerpo-sin-vida-en-canal-de-regadio","status":"publish","type":"post","link":"https:\/\/eltrabajo.cl\/portal\/hallan-cuerpo-sin-vida-en-canal-de-regadio\/","title":{"rendered":"Hallan cuerpo sin vida en canal de regad\u00edo"},"content":{"rendered":"<figure id=\"attachment_59642\" aria-describedby=\"caption-attachment-59642\" style=\"width: 300px\" class=\"wp-caption alignleft\"><a href=\"https:\/\/i0.wp.com\/www.eltrabajo.cl\/portal\/wp-content\/uploads\/2015\/07\/occiso_canal2.jpg\"><img data-recalc-dims=\"1\" loading=\"lazy\" decoding=\"async\" class=\"wp-image-59642 size-medium\" src=\"https:\/\/i0.wp.com\/www.eltrabajo.cl\/portal\/wp-content\/uploads\/2015\/07\/occiso_canal2-300x198.jpg?resize=300%2C198\" alt=\"Personal de la Brigada de Homicidios de la PDI se constituy\u00f3 en el lugar donde se realiz\u00f3 el hallazgo.\" width=\"300\" height=\"198\" srcset=\"https:\/\/i0.wp.com\/eltrabajo.cl\/portal\/wp-content\/uploads\/2015\/07\/occiso_canal2.jpg?resize=300%2C198&amp;ssl=1 300w, https:\/\/i0.wp.com\/eltrabajo.cl\/portal\/wp-content\/uploads\/2015\/07\/occiso_canal2.jpg?resize=200%2C132&amp;ssl=1 200w, https:\/\/i0.wp.com\/eltrabajo.cl\/portal\/wp-content\/uploads\/2015\/07\/occiso_canal2.jpg?resize=228%2C150&amp;ssl=1 228w, https:\/\/i0.wp.com\/eltrabajo.cl\/portal\/wp-content\/uploads\/2015\/07\/occiso_canal2.jpg?resize=400%2C263&amp;ssl=1 400w, https:\/\/i0.wp.com\/eltrabajo.cl\/portal\/wp-content\/uploads\/2015\/07\/occiso_canal2.jpg?w=530&amp;ssl=1 530w\" sizes=\"auto, (max-width: 300px) 100vw, 300px\" \/><\/a><figcaption id=\"caption-attachment-59642\" class=\"wp-caption-text\">Personal de la Brigada de Homicidios de la PDI se constituy\u00f3 en el lugar donde se realiz\u00f3 el hallazgo.<\/figcaption><\/figure>\n<ul>\n<li><strong>Data de muerte es de aproximadamente tres d\u00edas y PDI trabaja en su identificaci\u00f3n.<\/strong><\/li>\n<\/ul>\n<p><strong>LOS ANDES<\/strong>&#8211; Un cuerpo de sexo masculino de entre 40 y 50 a\u00f1os fue hallado al interior de un canal de regad\u00edo en el sector de calle Esmeralda Poniente la ma\u00f1ana del mi\u00e9rcoles.<br \/>\nDurante las labores de limpieza del cauce del canal Rinconada las compuertas fueron cerradas, momento en el cual el cuerpo qued\u00f3 al descubierto, siendo observado por el guardia de la garita del condominio ubicado en calle Esmeralda N\u00ba 830, quien alert\u00f3 a Carabineros.<br \/>\nPersonal policial se constituy\u00f3 en el lugar verificando la presencia del cuerpo, por lo cual se dio cuenta al fiscal de turno quien orden\u00f3 la concurrencia de la Brigada de Homicidios de la PDI.<br \/>\nEl Jefe de esa unidad especializada, Comisario Gino Guti\u00e9rrez, se\u00f1al\u00f3 que tras un examen preliminar del cuerpo se pudo establecer que no presentaba lesiones atribuibles a terceros, salvo algunas heridas correspondientes al arrastre de las aguas.<br \/>\nIndic\u00f3 que la data de muerte aproximada es de tres a cuatro d\u00edas y su rostro no presenta mayores da\u00f1os, por lo que podr\u00eda ser identificado f\u00e1cilmente, agregando que entre las vestimentas no portaba ning\u00fan tipo de documentaci\u00f3n.<br \/>\nAgreg\u00f3 que podr\u00eda tratarse de una persona indigente dada la precaria calidad de la ropa y al hecho que carec\u00eda por completo de su dentadura superior y s\u00f3lo contaba con cuatro piezas dentarias en el maxilar inferior. No obstante el Comisario Guti\u00e9rrez dijo que la identidad deber\u00e1 establecerse mediante pericias dactilosc\u00f3picas, mientras que la causa de muerte deber\u00e1 quedar establecida por la autopsia del Servicio M\u00e9dico Legal.<br \/>\nPrecis\u00f3 que la PDI no ha recibido denuncias por presuntas desgracias en la \u00faltima semana, lo que refuerza la teor\u00eda que podr\u00eda tratarse de una persona en situaci\u00f3n de calle.<br \/>\nSin embargo, hizo un llamado a la comunidad de que si tiene alg\u00fan familiar desaparecido que re\u00fana las caracter\u00edsticas del occiso se acerque a la PDI a fin de poder realizar un reconocimiento visual del cuerpo.<br \/>\nAgreg\u00f3 que una vez que se conozca con certeza su identidad se podr\u00e1 establecer una cronolog\u00eda de sus \u00faltimos momentos de vida y el lugar donde eventualmente habr\u00eda ca\u00eddo a las aguas del canal.<\/p>\n","protected":false},"excerpt":{"rendered":"<p>Data de muerte es de aproximadamente tres d\u00edas y PDI trabaja en su identificaci\u00f3n. LOS ANDES&#8211; Un cuerpo de sexo masculino de entre 40 y 50 a\u00f1os fue hallado al interior de&#8230;<\/p>\n","protected":false},"author":482,"featured_media":59642,"comment_status":"open","ping_status":"open","sticky":false,"template":"","format":"standard","meta":{"advanced_seo_description":"","jetpack_seo_html_title":"","jetpack_seo_noindex":false,"_jetpack_memberships_contains_paid_content":false,"footnotes":""},"categories":[21],"tags":[],"class_list":["post-59641","post","type-post","status-publish","format-standard","has-post-thumbnail","hentry","category-policial"],"jetpack_featured_media_url":"https:\/\/i0.wp.com\/eltrabajo.cl\/portal\/wp-content\/uploads\/2015\/07\/occiso_canal2.jpg?fit=530%2C349&ssl=1","jetpack_sharing_enabled":true,"jetpack_likes_enabled":true,"jetpack-related-posts":[],"_links":{"self":[{"href":"https:\/\/eltrabajo.cl\/portal\/wp-json\/wp\/v2\/posts\/59641","targetHints":{"allow":["GET"]}}],"collection":[{"href":"https:\/\/eltrabajo.cl\/portal\/wp-json\/wp\/v2\/posts"}],"about":[{"href":"https:\/\/eltrabajo.cl\/portal\/wp-json\/wp\/v2\/types\/post"}],"author":[{"embeddable":true,"href":"https:\/\/eltrabajo.cl\/portal\/wp-json\/wp\/v2\/users\/482"}],"replies":[{"embeddable":true,"href":"https:\/\/eltrabajo.cl\/portal\/wp-json\/wp\/v2\/comments?post=59641"}],"version-history":[{"count":0,"href":"https:\/\/eltrabajo.cl\/portal\/wp-json\/wp\/v2\/posts\/59641\/revisions"}],"wp:featuredmedia":[{"embeddable":true,"href":"https:\/\/eltrabajo.cl\/portal\/wp-json\/wp\/v2\/media\/59642"}],"wp:attachment":[{"href":"https:\/\/eltrabajo.cl\/portal\/wp-json\/wp\/v2\/media?parent=59641"}],"wp:term":[{"taxonomy":"category","embeddable":true,"href":"https:\/\/eltrabajo.cl\/portal\/wp-json\/wp\/v2\/categories?post=59641"},{"taxonomy":"post_tag","embeddable":true,"href":"https:\/\/eltrabajo.cl\/portal\/wp-json\/wp\/v2\/tags?post=59641"}],"curies":[{"name":"wp","href":"https:\/\/api.w.org\/{rel}","templated":true}]}}