{"id":59644,"date":"2015-07-03T09:42:51","date_gmt":"2015-07-03T12:42:51","guid":{"rendered":"http:\/\/www.eltrabajo.cl\/portal\/?p=59644"},"modified":"2015-07-03T09:42:51","modified_gmt":"2015-07-03T12:42:51","slug":"conductor-muere-mutilado-al-desbarrancar-su-camion-en-ruta-internacional","status":"publish","type":"post","link":"https:\/\/eltrabajo.cl\/portal\/conductor-muere-mutilado-al-desbarrancar-su-camion-en-ruta-internacional\/","title":{"rendered":"Conductor muere mutilado al desbarrancar su cami\u00f3n en ruta internacional"},"content":{"rendered":"<figure id=\"attachment_59646\" aria-describedby=\"caption-attachment-59646\" style=\"width: 300px\" class=\"wp-caption alignleft\"><a href=\"https:\/\/i0.wp.com\/www.eltrabajo.cl\/portal\/wp-content\/uploads\/2015\/07\/golden-star3.jpg\"><img data-recalc-dims=\"1\" loading=\"lazy\" decoding=\"async\" class=\"wp-image-59646 size-medium\" src=\"https:\/\/i0.wp.com\/www.eltrabajo.cl\/portal\/wp-content\/uploads\/2015\/07\/golden-star3-300x198.jpg?resize=300%2C198\" alt=\"La v\u00edctima fatal fue identificada como Jos\u00e9 Manuel Ovejero (32) de nacionalidad argentina, cuyo cuerpo fue levantado y remitido al servicio m\u00e9dico legal de San Felipe.\" width=\"300\" height=\"198\" srcset=\"https:\/\/i0.wp.com\/eltrabajo.cl\/portal\/wp-content\/uploads\/2015\/07\/golden-star3.jpg?resize=300%2C198&amp;ssl=1 300w, https:\/\/i0.wp.com\/eltrabajo.cl\/portal\/wp-content\/uploads\/2015\/07\/golden-star3.jpg?resize=200%2C132&amp;ssl=1 200w, https:\/\/i0.wp.com\/eltrabajo.cl\/portal\/wp-content\/uploads\/2015\/07\/golden-star3.jpg?resize=227%2C150&amp;ssl=1 227w, https:\/\/i0.wp.com\/eltrabajo.cl\/portal\/wp-content\/uploads\/2015\/07\/golden-star3.jpg?resize=400%2C264&amp;ssl=1 400w, https:\/\/i0.wp.com\/eltrabajo.cl\/portal\/wp-content\/uploads\/2015\/07\/golden-star3.jpg?w=530&amp;ssl=1 530w\" sizes=\"auto, (max-width: 300px) 100vw, 300px\" \/><\/a><figcaption id=\"caption-attachment-59646\" class=\"wp-caption-text\">La v\u00edctima fatal fue identificada como Jos\u00e9 Manuel Ovejero (32) de nacionalidad argentina, cuyo cuerpo fue levantado y remitido al servicio m\u00e9dico legal de San Felipe.<\/figcaption><\/figure>\n<ul>\n<li><strong>Cuerpo de la v\u00edctima sali\u00f3 proyectado del veh\u00edculo quedando a un costado de la ruta.<\/strong><\/li>\n<\/ul>\n<p><strong>LOS ANDES.<\/strong>&#8211; Un nuevo accidente fatal se produjo la tarde de este mi\u00e9rcoles en la ruta internacional, cuando un cami\u00f3n argentino desbarranc\u00f3, falleciendo su conductor.<br \/>\nEl accidente se produjo aproximadamente a las 19:30 horas a la altura del kil\u00f3metro 80 del camino internacional, 300 metros al oriente de la estaci\u00f3n de servicio Copec de R\u00edo Blanco, cuando el cami\u00f3n perteneciente a la empresa argentina Golden Star que se desplazaba hacia Los Andes cruz\u00f3 la calzada, impact\u00f3 las barreras de contenci\u00f3n y cay\u00f3 desde una altura de 20 metros para quedar en la orilla del antiguo camino a Guardia Vieja.<br \/>\nPor el momento se desconoce si el conductor trat\u00f3 de lanzarse del veh\u00edculo al no poder controlarlo o bien sali\u00f3 proyectado con el impacto con las barreas de contenci\u00f3n, pero su cuerpo qued\u00f3 horriblemente mutilado a un costado del camino.<br \/>\nLa v\u00edctima fatal fue identificada como Jos\u00e9 Manuel Ovejero, de 32 a\u00f1os, de nacionalidad argentina, cuyo cuerpo fue levantado y remitido al servicio m\u00e9dico legal de San Felipe.<br \/>\nEl cami\u00f3n transportaba m\u00e1s de 20 toneladas de arena sanitaria para gatos desde San Juan a la ciudad de Santiago.<br \/>\nAl lugar concurri\u00f3 personal de Carabineros de la Subcomisar\u00eda Los Libertadores y de la Siat Aconcagua quienes realizaron los peritajes de rigor para establecer las causas de este segundo fatal accidente que en menos de una semana se produce en el camino internacional.<\/p>\n","protected":false},"excerpt":{"rendered":"<p>Cuerpo de la v\u00edctima sali\u00f3 proyectado del veh\u00edculo quedando a un costado de la ruta. LOS ANDES.&#8211; Un nuevo accidente fatal se produjo la tarde de este mi\u00e9rcoles en la ruta internacional,&#8230;<\/p>\n","protected":false},"author":482,"featured_media":59646,"comment_status":"open","ping_status":"open","sticky":false,"template":"","format":"standard","meta":{"advanced_seo_description":"","jetpack_seo_html_title":"","jetpack_seo_noindex":false,"_jetpack_memberships_contains_paid_content":false,"footnotes":""},"categories":[21],"tags":[],"class_list":["post-59644","post","type-post","status-publish","format-standard","has-post-thumbnail","hentry","category-policial"],"jetpack_featured_media_url":"https:\/\/i0.wp.com\/eltrabajo.cl\/portal\/wp-content\/uploads\/2015\/07\/golden-star3.jpg?fit=530%2C350&ssl=1","jetpack_sharing_enabled":true,"jetpack_likes_enabled":true,"jetpack-related-posts":[],"_links":{"self":[{"href":"https:\/\/eltrabajo.cl\/portal\/wp-json\/wp\/v2\/posts\/59644","targetHints":{"allow":["GET"]}}],"collection":[{"href":"https:\/\/eltrabajo.cl\/portal\/wp-json\/wp\/v2\/posts"}],"about":[{"href":"https:\/\/eltrabajo.cl\/portal\/wp-json\/wp\/v2\/types\/post"}],"author":[{"embeddable":true,"href":"https:\/\/eltrabajo.cl\/portal\/wp-json\/wp\/v2\/users\/482"}],"replies":[{"embeddable":true,"href":"https:\/\/eltrabajo.cl\/portal\/wp-json\/wp\/v2\/comments?post=59644"}],"version-history":[{"count":0,"href":"https:\/\/eltrabajo.cl\/portal\/wp-json\/wp\/v2\/posts\/59644\/revisions"}],"wp:featuredmedia":[{"embeddable":true,"href":"https:\/\/eltrabajo.cl\/portal\/wp-json\/wp\/v2\/media\/59646"}],"wp:attachment":[{"href":"https:\/\/eltrabajo.cl\/portal\/wp-json\/wp\/v2\/media?parent=59644"}],"wp:term":[{"taxonomy":"category","embeddable":true,"href":"https:\/\/eltrabajo.cl\/portal\/wp-json\/wp\/v2\/categories?post=59644"},{"taxonomy":"post_tag","embeddable":true,"href":"https:\/\/eltrabajo.cl\/portal\/wp-json\/wp\/v2\/tags?post=59644"}],"curies":[{"name":"wp","href":"https:\/\/api.w.org\/{rel}","templated":true}]}}