{"id":59648,"date":"2015-07-03T09:44:16","date_gmt":"2015-07-03T12:44:16","guid":{"rendered":"http:\/\/www.eltrabajo.cl\/portal\/?p=59648"},"modified":"2015-07-03T09:44:16","modified_gmt":"2015-07-03T12:44:16","slug":"vecinos-propinaron-paliza-a-delincuente-que-golpeo-a-mujer-para-robarle","status":"publish","type":"post","link":"https:\/\/eltrabajo.cl\/portal\/vecinos-propinaron-paliza-a-delincuente-que-golpeo-a-mujer-para-robarle\/","title":{"rendered":"Vecinos propinaron paliza a delincuente que golpe\u00f3 a mujer para robarle"},"content":{"rendered":"<figure id=\"attachment_59649\" aria-describedby=\"caption-attachment-59649\" style=\"width: 300px\" class=\"wp-caption alignleft\"><a href=\"https:\/\/i0.wp.com\/www.eltrabajo.cl\/portal\/wp-content\/uploads\/2015\/07\/ANTISOCIAL-CATEMU.jpg\"><img data-recalc-dims=\"1\" loading=\"lazy\" decoding=\"async\" class=\"wp-image-59649 size-medium\" src=\"https:\/\/i0.wp.com\/www.eltrabajo.cl\/portal\/wp-content\/uploads\/2015\/07\/ANTISOCIAL-CATEMU-300x198.jpg?resize=300%2C198\" alt=\"El sujeto apodado \u2018El Maflai\u2019 fue conducido hasta el Tribunal de Garant\u00eda de San Felipe, siendo formalizado por la Fiscal\u00eda por el delito de robo con violencia, quedando en prisi\u00f3n preventiva por representar un peligro para la seguridad de la sociedad. (Foto Archivo).\" width=\"300\" height=\"198\" srcset=\"https:\/\/i0.wp.com\/eltrabajo.cl\/portal\/wp-content\/uploads\/2015\/07\/ANTISOCIAL-CATEMU.jpg?resize=300%2C198&amp;ssl=1 300w, https:\/\/i0.wp.com\/eltrabajo.cl\/portal\/wp-content\/uploads\/2015\/07\/ANTISOCIAL-CATEMU.jpg?resize=200%2C132&amp;ssl=1 200w, https:\/\/i0.wp.com\/eltrabajo.cl\/portal\/wp-content\/uploads\/2015\/07\/ANTISOCIAL-CATEMU.jpg?resize=227%2C150&amp;ssl=1 227w, https:\/\/i0.wp.com\/eltrabajo.cl\/portal\/wp-content\/uploads\/2015\/07\/ANTISOCIAL-CATEMU.jpg?resize=400%2C264&amp;ssl=1 400w, https:\/\/i0.wp.com\/eltrabajo.cl\/portal\/wp-content\/uploads\/2015\/07\/ANTISOCIAL-CATEMU.jpg?w=530&amp;ssl=1 530w\" sizes=\"auto, (max-width: 300px) 100vw, 300px\" \/><\/a><figcaption id=\"caption-attachment-59649\" class=\"wp-caption-text\">El sujeto apodado \u2018El Maflai\u2019 fue conducido hasta el Tribunal de Garant\u00eda de San Felipe, siendo formalizado por la Fiscal\u00eda por el delito de robo con violencia, quedando en prisi\u00f3n preventiva por representar un peligro para la seguridad de la sociedad. (Foto Archivo).<\/figcaption><\/figure>\n<ul>\n<li><strong>Delincuente apodado \u2018El Maflai\u2019 golpe\u00f3 desmedidamente a comerciante con pies y pu\u00f1os luego de irrumpir en su local para robarle dinero. Sin embargo la oportuna intervenci\u00f3n de los vecinos permiti\u00f3 la retenci\u00f3n del sujeto para ser entregado a Carabineros, quedando finalmente en prisi\u00f3n preventiva tras formalizaci\u00f3n de la Fiscal\u00eda.<\/strong><\/li>\n<\/ul>\n<p>Con lesiones leves result\u00f3 una comerciante de la comuna de Catemu, quien la tarde de este lunes fue golpeada por un delincuente que irrumpi\u00f3 encapuchado en su local y en cuesti\u00f3n de segundos se dirigi\u00f3 hasta la caja registradora para apoderarse del dinero, golpeando a la mujer cuando la afectada intentaba evitar el robo.<br \/>\nLos hechos se registraron en el local comercial \u2018La Meche\u2019 atendido por su propietaria en el sector centro de la comuna de Catemu, quien sorprendi\u00f3 desde su vivienda conectada a su negocio, a un sujeto encapuchado y cuyo rostro lo cubr\u00eda con una bufanda, acerc\u00e1ndose hasta el mes\u00f3n para trajinar la caja del dinero.<br \/>\nEn esos instantes la comerciante intent\u00f3 impedir la acci\u00f3n del delincuente, en los momentos que \u00e9ste sustra\u00eda un monedero con una cifra cercana a los $20.000, mientras la mujer valientemente en un forcejeo se encarg\u00f3 de sacarle la bufanda al delincuente para lograr identificarlo, descubriendo que se trataba del peligroso \u2018Maflai\u2019.<br \/>\nSin embargo el antisocial, al verse descubierto, comenz\u00f3 a golpear con sus pu\u00f1os el rostro y cuerpo de la indefensa mujer, quien hasta el \u00faltimo momento forceje\u00f3 con su atacante que escapaba con el dinero, terminando de reducir a la v\u00edctima con una patada en sus rodillas.<br \/>\nNo obstante, la mujer se levant\u00f3 del suelo comenzando a gritar hacia el exterior que hab\u00eda sido v\u00edctima de un asalto, logrando alertar a los transe\u00fantes quienes unieron sus fuerzas, produci\u00e9ndose una detenci\u00f3n ciudadana y de la misma forma un castigo para el sujeto con una merecida golpiza.<br \/>\nLa v\u00edctima de estos hechos concurri\u00f3 hasta el lugar donde se manten\u00eda retenido al maleante y con sus propias manos le arrebat\u00f3 de entre sus vestimentas el monedero con su dinero que en definitiva permiti\u00f3 frustrar el robo gracias a la intervenci\u00f3n de la comunidad.<br \/>\nHasta el lugar concurri\u00f3 Carabineros de la Tenencia de Catemu, efectuando la detenci\u00f3n del sujeto identificado como Rodrigo Misael Rom\u00e1n C\u00e1rdenas, alias \u2018El Maflai\u2019, para ser trasladado el pasado martes hasta el Juzgado de Garant\u00eda de San Felipe, lugar donde fue formalizado por la Fiscal\u00eda por el delito de robo con violencia, requiriendo ante el Tribunal la m\u00e1xima cautelar de prisi\u00f3n preventiva, la que fue concedida por un plazo de 60 d\u00edas de investigaci\u00f3n del caso.<br \/>\n<strong>Pablo Salinas Sald\u00edas<\/strong><\/p>\n","protected":false},"excerpt":{"rendered":"<p>Delincuente apodado \u2018El Maflai\u2019 golpe\u00f3 desmedidamente a comerciante con pies y pu\u00f1os luego de irrumpir en su local para robarle dinero. Sin embargo la oportuna intervenci\u00f3n de los vecinos permiti\u00f3 la retenci\u00f3n&#8230;<\/p>\n","protected":false},"author":482,"featured_media":59649,"comment_status":"open","ping_status":"open","sticky":false,"template":"","format":"standard","meta":{"advanced_seo_description":"","jetpack_seo_html_title":"","jetpack_seo_noindex":false,"_jetpack_memberships_contains_paid_content":false,"footnotes":""},"categories":[21],"tags":[],"class_list":["post-59648","post","type-post","status-publish","format-standard","has-post-thumbnail","hentry","category-policial"],"jetpack_featured_media_url":"https:\/\/i0.wp.com\/eltrabajo.cl\/portal\/wp-content\/uploads\/2015\/07\/ANTISOCIAL-CATEMU.jpg?fit=530%2C350&ssl=1","jetpack_sharing_enabled":true,"jetpack_likes_enabled":true,"jetpack-related-posts":[],"_links":{"self":[{"href":"https:\/\/eltrabajo.cl\/portal\/wp-json\/wp\/v2\/posts\/59648","targetHints":{"allow":["GET"]}}],"collection":[{"href":"https:\/\/eltrabajo.cl\/portal\/wp-json\/wp\/v2\/posts"}],"about":[{"href":"https:\/\/eltrabajo.cl\/portal\/wp-json\/wp\/v2\/types\/post"}],"author":[{"embeddable":true,"href":"https:\/\/eltrabajo.cl\/portal\/wp-json\/wp\/v2\/users\/482"}],"replies":[{"embeddable":true,"href":"https:\/\/eltrabajo.cl\/portal\/wp-json\/wp\/v2\/comments?post=59648"}],"version-history":[{"count":0,"href":"https:\/\/eltrabajo.cl\/portal\/wp-json\/wp\/v2\/posts\/59648\/revisions"}],"wp:featuredmedia":[{"embeddable":true,"href":"https:\/\/eltrabajo.cl\/portal\/wp-json\/wp\/v2\/media\/59649"}],"wp:attachment":[{"href":"https:\/\/eltrabajo.cl\/portal\/wp-json\/wp\/v2\/media?parent=59648"}],"wp:term":[{"taxonomy":"category","embeddable":true,"href":"https:\/\/eltrabajo.cl\/portal\/wp-json\/wp\/v2\/categories?post=59648"},{"taxonomy":"post_tag","embeddable":true,"href":"https:\/\/eltrabajo.cl\/portal\/wp-json\/wp\/v2\/tags?post=59648"}],"curies":[{"name":"wp","href":"https:\/\/api.w.org\/{rel}","templated":true}]}}