{"id":59657,"date":"2015-07-06T09:16:13","date_gmt":"2015-07-06T12:16:13","guid":{"rendered":"http:\/\/www.eltrabajo.cl\/portal\/?p=59657"},"modified":"2015-07-06T09:16:13","modified_gmt":"2015-07-06T12:16:13","slug":"vecinos-realizan-graves-denuncias-en-reunion-de-seguridad-ciudadana","status":"publish","type":"post","link":"https:\/\/eltrabajo.cl\/portal\/vecinos-realizan-graves-denuncias-en-reunion-de-seguridad-ciudadana\/","title":{"rendered":"Vecinos realizan graves denuncias en reuni\u00f3n de Seguridad Ciudadana"},"content":{"rendered":"<figure id=\"attachment_59658\" aria-describedby=\"caption-attachment-59658\" style=\"width: 300px\" class=\"wp-caption alignleft\"><a href=\"https:\/\/i0.wp.com\/www.eltrabajo.cl\/portal\/wp-content\/uploads\/2015\/07\/REUNION-SEGURIDAD.jpg\"><img data-recalc-dims=\"1\" loading=\"lazy\" decoding=\"async\" class=\"wp-image-59658 size-medium\" src=\"https:\/\/i0.wp.com\/www.eltrabajo.cl\/portal\/wp-content\/uploads\/2015\/07\/REUNION-SEGURIDAD-300x198.jpg?resize=300%2C198\" alt=\"La reuni\u00f3n se efectu\u00f3 el pasado jueves y cont\u00f3 con la participaci\u00f3n del gobernador Eduardo Le\u00f3n, el alcalde Guillermo Reyes, el concejal Luis Sandoval, dirigentes vecinales y el Jefe de Tenencia de Carabineros de Putaendo, \u00c1ngelo Acevedo.\" width=\"300\" height=\"198\" srcset=\"https:\/\/i0.wp.com\/eltrabajo.cl\/portal\/wp-content\/uploads\/2015\/07\/REUNION-SEGURIDAD.jpg?resize=300%2C198&amp;ssl=1 300w, https:\/\/i0.wp.com\/eltrabajo.cl\/portal\/wp-content\/uploads\/2015\/07\/REUNION-SEGURIDAD.jpg?resize=200%2C132&amp;ssl=1 200w, https:\/\/i0.wp.com\/eltrabajo.cl\/portal\/wp-content\/uploads\/2015\/07\/REUNION-SEGURIDAD.jpg?resize=227%2C150&amp;ssl=1 227w, https:\/\/i0.wp.com\/eltrabajo.cl\/portal\/wp-content\/uploads\/2015\/07\/REUNION-SEGURIDAD.jpg?resize=400%2C264&amp;ssl=1 400w, https:\/\/i0.wp.com\/eltrabajo.cl\/portal\/wp-content\/uploads\/2015\/07\/REUNION-SEGURIDAD.jpg?w=530&amp;ssl=1 530w\" sizes=\"auto, (max-width: 300px) 100vw, 300px\" \/><\/a><figcaption id=\"caption-attachment-59658\" class=\"wp-caption-text\">La reuni\u00f3n se efectu\u00f3 el pasado jueves y cont\u00f3 con la participaci\u00f3n del gobernador Eduardo Le\u00f3n, el alcalde Guillermo Reyes, el concejal Luis Sandoval, dirigentes vecinales y el Jefe de Tenencia de Carabineros de Putaendo, \u00c1ngelo Acevedo.<\/figcaption><\/figure>\n<p><strong>PUTAENDO.<\/strong>&#8211; Una masiva reuni\u00f3n de Seguridad Ciudadana organizada por los vecinos de la Poblaci\u00f3n Graciela Letelier, permiti\u00f3 conocer graves denuncias formuladas por los residentes, las que fueron abordadas junto a algunas autoridades.<br \/>\nLa reuni\u00f3n efectuada la tarde de este jueves en la sede vecinal del sector cont\u00f3 con la presencia del Gobernador Eduardo Le\u00f3n, el Alcalde Guillermo Reyes, el Concejal Luis Sandoval, dirigentes vecinales y el Jefe de Tenencia de Carabineros de Putaendo, Teniente \u00c1ngelo Acevedo, y fue la ocasi\u00f3n donde los vecinos, que fueron quienes solicitaron esta asamblea, plantearon varias situaciones que los est\u00e1n afectando, las cuales fueron calificadas por las autoridades como graves.<br \/>\nLas autoridades presentes, al t\u00e9rmino de la reuni\u00f3n confirmaron a nuestro medio que se recibieron denuncias sobre sujetos totalmente identificados que viven en la Poblaci\u00f3n Graciela Letelier, quienes ser\u00edan los autores de robos y receptaci\u00f3n de especies robadas, adem\u00e1s de situaciones graves como el cobro de \u2018peajes\u2019 a adultos y ni\u00f1os que transitan por calle Jos\u00e9 Antonio Salinas, a quienes estos sujetos intimidan en las inmediaciones de la construcci\u00f3n de la nueva poblaci\u00f3n, pidi\u00e9ndoles dinero para dejarlos pasar en las primeras horas de la ma\u00f1ana.<br \/>\nAl respecto, el gobernador Eduardo Le\u00f3n sostuvo que como Gobernaci\u00f3n apoyar\u00e1n todo lo que sea necesario para combatir las situaciones que a diario enfrentan los vecinos, agregando que no permitir\u00e1 que sectores como calle Jos\u00e9 Antonio Salinas, poblaci\u00f3n Graciela Letelier, Sahonde y villa Los Olivos, donde vive gente de mucho esfuerzo, se deje avasallar por la delincuencia.<br \/>\nPor su parte, el alcalde Reyes calific\u00f3 como inaceptables los hechos denunciados por los vecinos, e indic\u00f3 que en car\u00e1cter de urgente se instalar\u00e1n dos c\u00e1maras de seguridad, una en Calle Jos\u00e9 Antonio Salinas y otra en las inmediaciones de la Poblaci\u00f3n Graciela Letelier, y adem\u00e1s asegur\u00f3 que se trabajar\u00e1 en conjunto con dirigentes y vecinos distintas alternativas de organizaci\u00f3n para combatir la delincuencia, coordinaciones que se realizar\u00e1n tambi\u00e9n con vecinos de Putaendo.<br \/>\nE tanto, el Teniente \u00c1ngelo Acevedo declar\u00f3 que Carabineros se hace cargo de las denuncias, para lo cual se tomar\u00e1n cursos de acci\u00f3n en forma inmediata, e hizo un llamado a la comunidad para denunciar estos hechos, ojala en el momento en que est\u00e1n ocurriendo, lo que a su juicio permitir\u00e1 la detenci\u00f3n de sujetos en forma flagrante, porque muchas de las denuncias recibidas en esta importante reuni\u00f3n no hab\u00edan sido canalizadas a Carabineros ni en forma telef\u00f3nica o por alg\u00fan otro medio, reiterando que adoptar\u00e1n medidas especiales, en un trabajo que necesariamente debe ser en conjunto con los vecinos, para evitar que estos hechos sigan registr\u00e1ndose en la comuna.<br \/>\n<strong>Patricio Gallardo M.<\/strong><\/p>\n","protected":false},"excerpt":{"rendered":"<p>PUTAENDO.&#8211; Una masiva reuni\u00f3n de Seguridad Ciudadana organizada por los vecinos de la Poblaci\u00f3n Graciela Letelier, permiti\u00f3 conocer graves denuncias formuladas por los residentes, las que fueron abordadas junto a algunas autoridades&#8230;.<\/p>\n","protected":false},"author":482,"featured_media":59658,"comment_status":"open","ping_status":"open","sticky":false,"template":"","format":"standard","meta":{"advanced_seo_description":"","jetpack_seo_html_title":"","jetpack_seo_noindex":false,"_jetpack_memberships_contains_paid_content":false,"footnotes":""},"categories":[15],"tags":[],"class_list":["post-59657","post","type-post","status-publish","format-standard","has-post-thumbnail","hentry","category-comunidad"],"jetpack_featured_media_url":"https:\/\/i0.wp.com\/eltrabajo.cl\/portal\/wp-content\/uploads\/2015\/07\/REUNION-SEGURIDAD.jpg?fit=530%2C350&ssl=1","jetpack_sharing_enabled":true,"jetpack_likes_enabled":true,"jetpack-related-posts":[],"_links":{"self":[{"href":"https:\/\/eltrabajo.cl\/portal\/wp-json\/wp\/v2\/posts\/59657","targetHints":{"allow":["GET"]}}],"collection":[{"href":"https:\/\/eltrabajo.cl\/portal\/wp-json\/wp\/v2\/posts"}],"about":[{"href":"https:\/\/eltrabajo.cl\/portal\/wp-json\/wp\/v2\/types\/post"}],"author":[{"embeddable":true,"href":"https:\/\/eltrabajo.cl\/portal\/wp-json\/wp\/v2\/users\/482"}],"replies":[{"embeddable":true,"href":"https:\/\/eltrabajo.cl\/portal\/wp-json\/wp\/v2\/comments?post=59657"}],"version-history":[{"count":0,"href":"https:\/\/eltrabajo.cl\/portal\/wp-json\/wp\/v2\/posts\/59657\/revisions"}],"wp:featuredmedia":[{"embeddable":true,"href":"https:\/\/eltrabajo.cl\/portal\/wp-json\/wp\/v2\/media\/59658"}],"wp:attachment":[{"href":"https:\/\/eltrabajo.cl\/portal\/wp-json\/wp\/v2\/media?parent=59657"}],"wp:term":[{"taxonomy":"category","embeddable":true,"href":"https:\/\/eltrabajo.cl\/portal\/wp-json\/wp\/v2\/categories?post=59657"},{"taxonomy":"post_tag","embeddable":true,"href":"https:\/\/eltrabajo.cl\/portal\/wp-json\/wp\/v2\/tags?post=59657"}],"curies":[{"name":"wp","href":"https:\/\/api.w.org\/{rel}","templated":true}]}}