{"id":59663,"date":"2015-07-06T09:18:29","date_gmt":"2015-07-06T12:18:29","guid":{"rendered":"http:\/\/www.eltrabajo.cl\/portal\/?p=59663"},"modified":"2015-07-06T09:18:29","modified_gmt":"2015-07-06T12:18:29","slug":"exprofesor-del-corina-urbina-postula-al-premio-nacional-de-humanidades","status":"publish","type":"post","link":"https:\/\/eltrabajo.cl\/portal\/exprofesor-del-corina-urbina-postula-al-premio-nacional-de-humanidades\/","title":{"rendered":"Exprofesor del Corina Urbina postula al Premio Nacional de Humanidades"},"content":{"rendered":"<figure id=\"attachment_59664\" aria-describedby=\"caption-attachment-59664\" style=\"width: 300px\" class=\"wp-caption alignleft\"><a href=\"https:\/\/i0.wp.com\/www.eltrabajo.cl\/portal\/wp-content\/uploads\/2015\/07\/Postulacion1.jpg\"><img data-recalc-dims=\"1\" loading=\"lazy\" decoding=\"async\" class=\"wp-image-59664 size-medium\" src=\"https:\/\/i0.wp.com\/www.eltrabajo.cl\/portal\/wp-content\/uploads\/2015\/07\/Postulacion1-300x198.jpg?resize=300%2C198\" alt=\"LA DOCUMENTACI\u00d3N.- El Dr. Saldivia Maldonado present\u00f3 hace pocos d\u00edas toda la documentaci\u00f3n y cartas de alcaldes, entre ellos los alcaldes Freire y Zurita, que ser\u00e1 evaluada para este important\u00edsimo premio nacional.\" width=\"300\" height=\"198\" srcset=\"https:\/\/i0.wp.com\/eltrabajo.cl\/portal\/wp-content\/uploads\/2015\/07\/Postulacion1.jpg?resize=300%2C198&amp;ssl=1 300w, https:\/\/i0.wp.com\/eltrabajo.cl\/portal\/wp-content\/uploads\/2015\/07\/Postulacion1.jpg?resize=200%2C132&amp;ssl=1 200w, https:\/\/i0.wp.com\/eltrabajo.cl\/portal\/wp-content\/uploads\/2015\/07\/Postulacion1.jpg?resize=228%2C150&amp;ssl=1 228w, https:\/\/i0.wp.com\/eltrabajo.cl\/portal\/wp-content\/uploads\/2015\/07\/Postulacion1.jpg?resize=400%2C263&amp;ssl=1 400w, https:\/\/i0.wp.com\/eltrabajo.cl\/portal\/wp-content\/uploads\/2015\/07\/Postulacion1.jpg?w=530&amp;ssl=1 530w\" sizes=\"auto, (max-width: 300px) 100vw, 300px\" \/><\/a><figcaption id=\"caption-attachment-59664\" class=\"wp-caption-text\">LA DOCUMENTACI\u00d3N.- El Dr. Saldivia Maldonado present\u00f3 hace pocos d\u00edas toda la documentaci\u00f3n y cartas de alcaldes, entre ellos los alcaldes Freire y Zurita, que ser\u00e1 evaluada para este important\u00edsimo premio nacional.<\/figcaption><\/figure>\n<p>Recientemente el destacado ensayista, investigador, poeta y escritor aconcag\u00fcino Zenobio Saldivia Maldonado, quien se desempe\u00f1\u00f3 durante a\u00f1os como docente en los liceos Corina Urbina de San Felipe y Dar\u00edo Salas de Sta. Mar\u00eda, present\u00f3 los documentos necesarios para postular al Premio Nacional de Humanidades 2015 al Ministerio de Educaci\u00f3n.<\/p>\n<p><strong>RECORD DE LUJO<\/strong><br \/>\nEl Dr. Saldivia, quien actualmente se desempe\u00f1a como acad\u00e9mico de la Universidad Tecnol\u00f3gica Metropolitana, en Santiago, es un destacado acad\u00e9mico que cuenta con 16 libros publicados, m\u00e1s de 150 art\u00edculos y una l\u00ednea acad\u00e9mica de trabajo claramente definida, orientada hacia la reflexi\u00f3n de los temas propio de las humanidades y las ciencias sociales; especialmente se ha caracterizado por sus aportes en filosof\u00eda, educaci\u00f3n, \u00e9tica, narrativa, poes\u00eda e historia de las ciencias en Am\u00e9rica y epistemolog\u00eda.<br \/>\nEste investigador cuenta con diversos reconocimientos nacionales e internacionales, tales como Dr. Honoris Causa; Profesor Honorario; Investigador destacado y Difusor cient\u00edfico en Am\u00e9rica entre otros. Pero el sello inconfundible de este docente es su voluntad sostenida en el tiempo, de difundir sus conocimientos en las regiones alejadas de la capital y el cari\u00f1o y aprecio que le tienen en regiones los docentes y escritores. Por ello, justamente el alcalde de la Municipalidad de Santa Mar\u00eda, Claudio Zurita Ibarra, es quien present\u00f3 oficialmente al candidato para este efecto, apoyado y secundado por distintos alcaldes de otras municipalidades de la zona, entre los que figuran los ediles de San Felipe, Putaendo, Catemu, Panquehue, Llay-llay, entre otras comunas, adem\u00e1s de los de Castro, Ancud y Quemchi.<br \/>\n\u00abEstoy muy agradecido con las autoridades e instituciones que me han apoyado en este proceso, de manera especial doy las gracias a Diario El Trabajo, por haberse interesado en este esfuerzo coordinado para efectos de postularme a este importante premio\u00bb, dijo el acad\u00e9mico a nuestro medio.<\/p>\n<p><strong>MUY AGRADECIDO<\/strong><br \/>\nEl candidato agradeci\u00f3 tambi\u00e9n a los directivos del Colegio de Profesores de San Felipe y de la Provincial de Los Andes, por el fuerte respaldo a la presente postulaci\u00f3n. Y en especial, el de todos los docentes, articulistas, gestores comunicacionales y de la vida p\u00fablica de toda la regi\u00f3n y del Valle de Aconcagua, Valpara\u00edso y Chilo\u00e9, por el respaldo otorgado. Desde ac\u00e1, sus colegas, ex-alumnos y los agentes de la cultura de nuestra regi\u00f3n, le deseamos el mayor de los \u00e9xitos a este ilustre colega que honra a nuestra regi\u00f3n.<\/p>\n<p><strong>EL PREMIO<\/strong><br \/>\nEl Premio Nacional de Humanidades y Ciencias Sociales de Chile fue creado el a\u00f1o 1992 bajo la Ley N\u00ba19.169.1 Se otorga al humanista, cient\u00edfico o acad\u00e9mico, que se haya distinguido por su aporte en el \u00e1mbito de las Ciencias Humanas (Art\u00edculo 8\u00ba. de la referida ley). El \u00e1rea de historia tiene su propio Premio Nacional.<br \/>\nEl Premio forma parte de los premios nacionales de Chile, siendo otorgado por el Presidente de la Rep\u00fablica en este caso, por la Presidenta Michelle Bachelet.<br \/>\n<strong>Roberto Gonz\u00e1lez Short<\/strong><br \/>\n<strong>rgonzalez@eltrabajo.cl<\/strong><\/p>\n","protected":false},"excerpt":{"rendered":"<p>Recientemente el destacado ensayista, investigador, poeta y escritor aconcag\u00fcino Zenobio Saldivia Maldonado, quien se desempe\u00f1\u00f3 durante a\u00f1os como docente en los liceos Corina Urbina de San Felipe y Dar\u00edo Salas de Sta&#8230;.<\/p>\n","protected":false},"author":482,"featured_media":59664,"comment_status":"open","ping_status":"open","sticky":false,"template":"","format":"standard","meta":{"advanced_seo_description":"","jetpack_seo_html_title":"","jetpack_seo_noindex":false,"_jetpack_memberships_contains_paid_content":false,"footnotes":""},"categories":[15],"tags":[],"class_list":["post-59663","post","type-post","status-publish","format-standard","has-post-thumbnail","hentry","category-comunidad"],"jetpack_featured_media_url":"https:\/\/i0.wp.com\/eltrabajo.cl\/portal\/wp-content\/uploads\/2015\/07\/Postulacion1.jpg?fit=530%2C349&ssl=1","jetpack_sharing_enabled":true,"jetpack_likes_enabled":true,"jetpack-related-posts":[],"_links":{"self":[{"href":"https:\/\/eltrabajo.cl\/portal\/wp-json\/wp\/v2\/posts\/59663","targetHints":{"allow":["GET"]}}],"collection":[{"href":"https:\/\/eltrabajo.cl\/portal\/wp-json\/wp\/v2\/posts"}],"about":[{"href":"https:\/\/eltrabajo.cl\/portal\/wp-json\/wp\/v2\/types\/post"}],"author":[{"embeddable":true,"href":"https:\/\/eltrabajo.cl\/portal\/wp-json\/wp\/v2\/users\/482"}],"replies":[{"embeddable":true,"href":"https:\/\/eltrabajo.cl\/portal\/wp-json\/wp\/v2\/comments?post=59663"}],"version-history":[{"count":0,"href":"https:\/\/eltrabajo.cl\/portal\/wp-json\/wp\/v2\/posts\/59663\/revisions"}],"wp:featuredmedia":[{"embeddable":true,"href":"https:\/\/eltrabajo.cl\/portal\/wp-json\/wp\/v2\/media\/59664"}],"wp:attachment":[{"href":"https:\/\/eltrabajo.cl\/portal\/wp-json\/wp\/v2\/media?parent=59663"}],"wp:term":[{"taxonomy":"category","embeddable":true,"href":"https:\/\/eltrabajo.cl\/portal\/wp-json\/wp\/v2\/categories?post=59663"},{"taxonomy":"post_tag","embeddable":true,"href":"https:\/\/eltrabajo.cl\/portal\/wp-json\/wp\/v2\/tags?post=59663"}],"curies":[{"name":"wp","href":"https:\/\/api.w.org\/{rel}","templated":true}]}}