{"id":59697,"date":"2015-07-06T09:43:51","date_gmt":"2015-07-06T12:43:51","guid":{"rendered":"http:\/\/www.eltrabajo.cl\/portal\/?p=59697"},"modified":"2015-07-06T09:43:51","modified_gmt":"2015-07-06T12:43:51","slug":"salio-de-la-carcel-para-asaltar-a-mujer-en-pleno-centro-de-san-felipe","status":"publish","type":"post","link":"https:\/\/eltrabajo.cl\/portal\/salio-de-la-carcel-para-asaltar-a-mujer-en-pleno-centro-de-san-felipe\/","title":{"rendered":"Sali\u00f3 de la c\u00e1rcel para asaltar a mujer en pleno centro de San Felipe"},"content":{"rendered":"<figure id=\"attachment_59698\" aria-describedby=\"caption-attachment-59698\" style=\"width: 300px\" class=\"wp-caption alignleft\"><a href=\"https:\/\/i0.wp.com\/www.eltrabajo.cl\/portal\/wp-content\/uploads\/2015\/07\/MARCO-ANTONIO-RIQUELME-PELLET.jpg\"><img data-recalc-dims=\"1\" loading=\"lazy\" decoding=\"async\" class=\"wp-image-59698 size-medium\" src=\"https:\/\/i0.wp.com\/www.eltrabajo.cl\/portal\/wp-content\/uploads\/2015\/07\/MARCO-ANTONIO-RIQUELME-PELLET-300x198.jpg?resize=300%2C198\" alt=\"Este peligroso antisocial apodado \u2018El Perro Negro\u2019 ha cometido diversos delitos de robo en la comuna de San Felipe. La tarde de este jueves fue capturado por Carabineros, acusado de haber robado billetera de una mujer en pleno centro.\" width=\"300\" height=\"198\" srcset=\"https:\/\/i0.wp.com\/eltrabajo.cl\/portal\/wp-content\/uploads\/2015\/07\/MARCO-ANTONIO-RIQUELME-PELLET.jpg?resize=300%2C198&amp;ssl=1 300w, https:\/\/i0.wp.com\/eltrabajo.cl\/portal\/wp-content\/uploads\/2015\/07\/MARCO-ANTONIO-RIQUELME-PELLET.jpg?resize=200%2C132&amp;ssl=1 200w, https:\/\/i0.wp.com\/eltrabajo.cl\/portal\/wp-content\/uploads\/2015\/07\/MARCO-ANTONIO-RIQUELME-PELLET.jpg?resize=228%2C150&amp;ssl=1 228w, https:\/\/i0.wp.com\/eltrabajo.cl\/portal\/wp-content\/uploads\/2015\/07\/MARCO-ANTONIO-RIQUELME-PELLET.jpg?resize=400%2C263&amp;ssl=1 400w, https:\/\/i0.wp.com\/eltrabajo.cl\/portal\/wp-content\/uploads\/2015\/07\/MARCO-ANTONIO-RIQUELME-PELLET.jpg?w=530&amp;ssl=1 530w\" sizes=\"auto, (max-width: 300px) 100vw, 300px\" \/><\/a><figcaption id=\"caption-attachment-59698\" class=\"wp-caption-text\">Este peligroso antisocial apodado \u2018El Perro Negro\u2019 ha cometido diversos delitos de robo en la comuna de San Felipe. La tarde de este jueves fue capturado por Carabineros, acusado de haber robado billetera de una mujer en pleno centro.<\/figcaption><\/figure>\n<ul>\n<li><strong>La v\u00edctima fue asaltada por un peligroso delincuente cuando ambos descend\u00edan de un microb\u00fas en calle Merced, arrebat\u00e1ndole la billetera mientras era intimidada con groser\u00edas y amenazas de muerte. Carabineros en minutos lo captur\u00f3 y el Tribunal orden\u00f3 la prisi\u00f3n preventiva a petici\u00f3n de la Fiscal\u00eda que investigar\u00e1 el caso.<\/strong><\/li>\n<\/ul>\n<p>Transcurrieron apenas tres d\u00edas desde que Marco Antonio Riquelme Pellet, de 48 a\u00f1os de edad, recuperara su libertad para que fuera acusado de volver a delinquir en el centro de San Felipe, espec\u00edficamente por el robo de una billetera perteneciente a una joven que fue intimidada por medio de groser\u00edas y amenazas de muerte, a quien le arrebataron sus pertenencias. Pocos minutos m\u00e1s tarde y a pocas cuadras del lugar, Carabineros logr\u00f3 la detenci\u00f3n del imputado.<br \/>\nLos hechos se iniciaron la tarde del jueves, cuando este peligroso delincuente conocido como \u2018El Perro Negro\u2019 abord\u00f3 un microb\u00fas en el sector de Enc\u00f3n. Luego del recorrido hasta el centro de esta comuna por calle Merced, una mujer descendi\u00f3 del m\u00f3vil seguida del antisocial que se asegura la abord\u00f3 por la espalda para insultarla y amenazarla de atentar contra su vida, con el fin de que hiciera entrega de la billetera que la muchacha portaba entre sus manos.<br \/>\nLa mujer, por miedo a ser agredida, entreg\u00f3 la especie al delincuente que escap\u00f3 en direcci\u00f3n desconocida por el centro de San Felipe.<br \/>\nLa v\u00edctima de inmediato se dirigi\u00f3 hasta el cuartel m\u00f3vil de Carabineros ubicado en la Plaza de Armas, para efectuar la denuncia correspondiente, entregando las descripciones f\u00edsicas del sujeto.<br \/>\nLos polic\u00edas encargaron a todas las unidades la b\u00fasqueda del antisocial que logr\u00f3 ser divisado transitando en calle Prat esquina Portus, lugar donde fue interceptado por Carabineros luego que \u00e9ste intentara eludir el control policial.<br \/>\nEn la ocasi\u00f3n, al realizar una revisi\u00f3n entre sus vestimentas, el acusado portaba una billetera de mujer con toda su documentaci\u00f3n personal y bancar\u00eda, adem\u00e1s de dinero en efectivo.<br \/>\nRiquelme Pellet fue detenido de inmediato siendo reconocido posteriormente por la v\u00edctima como el autor del robo. Este antisocial cuenta con 16 causas vigentes por distintos delitos de robo que investiga la Fiscal\u00eda. Cabe mencionar que el d\u00eda 29 de junio reci\u00e9n pasado, este sujeto obtuvo su libertad luego de haber cumplido una condena en la c\u00e1rcel por otro delito.<br \/>\nNo obstante, sus d\u00edas de libertad de acci\u00f3n se acabaron luego que el Fiscal Julio Palacios Bobadilla lo formalizara por el delito de robo con intimidaci\u00f3n, requiriendo ante el Tribunal de Garant\u00eda de San Felipe la m\u00e1xima cautelar de prisi\u00f3n preventiva por reincidencia, ya que representa un serio peligro para la sociedad.<br \/>\nDicho Tribunal orden\u00f3 el ingreso del imputado hasta el Centro de Cumplimiento Penitenciario de San Felipe, fijando un plazo de investigaci\u00f3n de 60 d\u00edas para llegar a juicio por este delito.<br \/>\n<strong>Pablo Salinas Sald\u00edas<\/strong><\/p>\n","protected":false},"excerpt":{"rendered":"<p>La v\u00edctima fue asaltada por un peligroso delincuente cuando ambos descend\u00edan de un microb\u00fas en calle Merced, arrebat\u00e1ndole la billetera mientras era intimidada con groser\u00edas y amenazas de muerte. Carabineros en minutos&#8230;<\/p>\n","protected":false},"author":482,"featured_media":59698,"comment_status":"open","ping_status":"open","sticky":false,"template":"","format":"standard","meta":{"advanced_seo_description":"","jetpack_seo_html_title":"","jetpack_seo_noindex":false,"_jetpack_memberships_contains_paid_content":false,"footnotes":""},"categories":[21],"tags":[],"class_list":["post-59697","post","type-post","status-publish","format-standard","has-post-thumbnail","hentry","category-policial"],"jetpack_featured_media_url":"https:\/\/i0.wp.com\/eltrabajo.cl\/portal\/wp-content\/uploads\/2015\/07\/MARCO-ANTONIO-RIQUELME-PELLET.jpg?fit=530%2C349&ssl=1","jetpack_sharing_enabled":true,"jetpack_likes_enabled":true,"jetpack-related-posts":[],"_links":{"self":[{"href":"https:\/\/eltrabajo.cl\/portal\/wp-json\/wp\/v2\/posts\/59697","targetHints":{"allow":["GET"]}}],"collection":[{"href":"https:\/\/eltrabajo.cl\/portal\/wp-json\/wp\/v2\/posts"}],"about":[{"href":"https:\/\/eltrabajo.cl\/portal\/wp-json\/wp\/v2\/types\/post"}],"author":[{"embeddable":true,"href":"https:\/\/eltrabajo.cl\/portal\/wp-json\/wp\/v2\/users\/482"}],"replies":[{"embeddable":true,"href":"https:\/\/eltrabajo.cl\/portal\/wp-json\/wp\/v2\/comments?post=59697"}],"version-history":[{"count":0,"href":"https:\/\/eltrabajo.cl\/portal\/wp-json\/wp\/v2\/posts\/59697\/revisions"}],"wp:featuredmedia":[{"embeddable":true,"href":"https:\/\/eltrabajo.cl\/portal\/wp-json\/wp\/v2\/media\/59698"}],"wp:attachment":[{"href":"https:\/\/eltrabajo.cl\/portal\/wp-json\/wp\/v2\/media?parent=59697"}],"wp:term":[{"taxonomy":"category","embeddable":true,"href":"https:\/\/eltrabajo.cl\/portal\/wp-json\/wp\/v2\/categories?post=59697"},{"taxonomy":"post_tag","embeddable":true,"href":"https:\/\/eltrabajo.cl\/portal\/wp-json\/wp\/v2\/tags?post=59697"}],"curies":[{"name":"wp","href":"https:\/\/api.w.org\/{rel}","templated":true}]}}