{"id":59707,"date":"2015-07-07T09:18:26","date_gmt":"2015-07-07T12:18:26","guid":{"rendered":"http:\/\/www.eltrabajo.cl\/portal\/?p=59707"},"modified":"2015-07-07T09:18:26","modified_gmt":"2015-07-07T12:18:26","slug":"familias-de-el-asiento-pronto-tendran-su-titulo-de-dominio","status":"publish","type":"post","link":"https:\/\/eltrabajo.cl\/portal\/familias-de-el-asiento-pronto-tendran-su-titulo-de-dominio\/","title":{"rendered":"Familias de El Asiento pronto tendr\u00e1n su T\u00edtulo de Dominio"},"content":{"rendered":"<figure id=\"attachment_59708\" aria-describedby=\"caption-attachment-59708\" style=\"width: 300px\" class=\"wp-caption alignleft\"><a href=\"https:\/\/i0.wp.com\/www.eltrabajo.cl\/portal\/wp-content\/uploads\/2015\/07\/Asiento1.jpg\"><img data-recalc-dims=\"1\" loading=\"lazy\" decoding=\"async\" class=\"wp-image-59708 size-medium\" src=\"https:\/\/i0.wp.com\/www.eltrabajo.cl\/portal\/wp-content\/uploads\/2015\/07\/Asiento1-300x197.jpg?resize=300%2C197\" alt=\"MUY PRONTO.- Luis Ortiz muestra a Diario El Trabajo los formularios ya en su poder, que Bienes Nacionales hizo llegar a las familias de El Asiento.\" width=\"300\" height=\"197\" srcset=\"https:\/\/i0.wp.com\/eltrabajo.cl\/portal\/wp-content\/uploads\/2015\/07\/Asiento1.jpg?resize=300%2C197&amp;ssl=1 300w, https:\/\/i0.wp.com\/eltrabajo.cl\/portal\/wp-content\/uploads\/2015\/07\/Asiento1.jpg?resize=200%2C131&amp;ssl=1 200w, https:\/\/i0.wp.com\/eltrabajo.cl\/portal\/wp-content\/uploads\/2015\/07\/Asiento1.jpg?resize=228%2C150&amp;ssl=1 228w, https:\/\/i0.wp.com\/eltrabajo.cl\/portal\/wp-content\/uploads\/2015\/07\/Asiento1.jpg?resize=400%2C263&amp;ssl=1 400w, https:\/\/i0.wp.com\/eltrabajo.cl\/portal\/wp-content\/uploads\/2015\/07\/Asiento1.jpg?w=530&amp;ssl=1 530w\" sizes=\"auto, (max-width: 300px) 100vw, 300px\" \/><\/a><figcaption id=\"caption-attachment-59708\" class=\"wp-caption-text\">MUY PRONTO.- Luis Ortiz muestra a Diario El Trabajo los formularios ya en su poder, que Bienes Nacionales hizo llegar a las familias de El Asiento.<\/figcaption><\/figure>\n<p>Desde hace unos dos a\u00f1os en El Asiento de San Felipe, la junta vecinal de dicha poblaci\u00f3n inici\u00f3 el proceso de Saneamiento de T\u00edtulo de Dominio para unas 23 familias que; aunque viven en esa poblaci\u00f3n desde hace muchos a\u00f1os, carecen de esa formalidad para con sus propiedades, siendo incierta su condici\u00f3n como propietarios de las mismas.<\/p>\n<p><strong>EN TRES PASOS<\/strong><br \/>\n\u00abEn octubre de 2014 nuestra documentaci\u00f3n fue recepcionada por parte de Bienes Nacionales, ahora nos lleg\u00f3 el formulario para ellos, para que cada vecino pueda solicitar su certificado de aval\u00fao fiscal vigente por el valor del metro cuadrado; esto se hace en Serviu e Impuestos Internos\u00bb, explic\u00f3 a Diario El Trabajo el presidente de la junta vecinal de El Asiento, Luis Ortiz.<br \/>\nEl segundo paso que corresponde dar a estos vecinos, es coordinar con el Departamento de Obras Municipales, en donde se les extender\u00e1 un certificado numeral domiciliario.<br \/>\n\u00abEl paso 3 en este caso, es que la Seremi de Bienes Nacionales solicite al Minvu un certificado de lotes irregulares. Los vecinos con menos de 8.500 puntos en su Ficha K no pagar\u00e1n estos tr\u00e1mites, quienes tengan entre 8.500 y 13.000 puntos, s\u00f3lo pagar\u00e1n un 15% aproximado del tr\u00e1mite ($14.000) y quienes tengan m\u00e1s puntos de 13.000 puntos, deber\u00e1n pagar la totalidad del tr\u00e1mite ($340.000) de saneamiento\u00bb, agreg\u00f3 el dirigente comunal.<br \/>\nDiario El Trabajo habl\u00f3 con Irene Carvajal Soto, una de las propietarias que est\u00e1 haciendo el tr\u00e1mite de saneamiento y quien vive desde hace a\u00f1os en la rivera de Estero Seco.<br \/>\n\u00abEstoy muy feliz de saber que muy pronto y luego de todos estos a\u00f1os, podremos contar con nuestro T\u00edtulo de Dominio, pues s\u00f3lo as\u00ed dormiremos tranquilos, sin el temor de que en un oscuro alguien nos pudiera desalojar por no poder presentar nuestros papeles en regla\u00bb.<br \/>\n<strong>Roberto Gonz\u00e1lez Short<\/strong><br \/>\n<strong>rgonzalez@eltrabajo.cl<\/strong><\/p>\n<div class=\"tiled-gallery type-rectangular tiled-gallery-unresized\" data-original-width=\"640\" data-carousel-extra='null' itemscope itemtype=\"http:\/\/schema.org\/ImageGallery\" > <div class=\"gallery-row\" style=\"width: 640px; height: 211px;\" data-original-width=\"640\" data-original-height=\"211\" > <div class=\"gallery-group images-1\" style=\"width: 320px; height: 211px;\" data-original-width=\"320\" data-original-height=\"211\" > <div class=\"tiled-gallery-item tiled-gallery-item-large\" itemprop=\"associatedMedia\" itemscope itemtype=\"http:\/\/schema.org\/ImageObject\"> <a href=\"https:\/\/eltrabajo.cl\/portal\/familias-de-el-asiento-pronto-tendran-su-titulo-de-dominio\/asiento3-2\/\" border=\"0\" itemprop=\"url\"> <meta itemprop=\"width\" content=\"316\"> <meta itemprop=\"height\" content=\"207\"> <img decoding=\"async\" class=\"\" data-attachment-id=\"59710\" data-orig-file=\"https:\/\/eltrabajo.cl\/portal\/wp-content\/uploads\/2015\/07\/Asiento3.jpg\" data-orig-size=\"530,348\" data-comments-opened=\"1\" data-image-meta=\"{&quot;aperture&quot;:&quot;0&quot;,&quot;credit&quot;:&quot;&quot;,&quot;camera&quot;:&quot;&quot;,&quot;caption&quot;:&quot;&quot;,&quot;created_timestamp&quot;:&quot;0&quot;,&quot;copyright&quot;:&quot;&quot;,&quot;focal_length&quot;:&quot;0&quot;,&quot;iso&quot;:&quot;0&quot;,&quot;shutter_speed&quot;:&quot;0&quot;,&quot;title&quot;:&quot;&quot;,&quot;orientation&quot;:&quot;0&quot;}\" data-image-title=\"Asiento3\" data-image-description=\"&lt;p&gt;FELIZ PROPIETARIA.- Irene Carvajal Soto, una de las propietarias que est\u00e1 haciendo el tr\u00e1mite de saneamiento y quien vive desde hace a\u00f1os en la rivera de Estero Seco.&lt;\/p&gt; \" data-medium-file=\"https:\/\/i0.wp.com\/eltrabajo.cl\/portal\/wp-content\/uploads\/2015\/07\/Asiento3.jpg?fit=300%2C197&#038;ssl=1\" data-large-file=\"https:\/\/i0.wp.com\/eltrabajo.cl\/portal\/wp-content\/uploads\/2015\/07\/Asiento3.jpg?fit=530%2C348&#038;ssl=1\" src=\"https:\/\/i0.wp.com\/eltrabajo.cl\/portal\/wp-content\/uploads\/2015\/07\/Asiento3.jpg?w=316&#038;h=207&#038;ssl=1\" srcset=\"https:\/\/i0.wp.com\/eltrabajo.cl\/portal\/wp-content\/uploads\/2015\/07\/Asiento3.jpg?w=530&amp;ssl=1 530w, https:\/\/i0.wp.com\/eltrabajo.cl\/portal\/wp-content\/uploads\/2015\/07\/Asiento3.jpg?resize=200%2C131&amp;ssl=1 200w, https:\/\/i0.wp.com\/eltrabajo.cl\/portal\/wp-content\/uploads\/2015\/07\/Asiento3.jpg?resize=300%2C197&amp;ssl=1 300w, https:\/\/i0.wp.com\/eltrabajo.cl\/portal\/wp-content\/uploads\/2015\/07\/Asiento3.jpg?resize=228%2C150&amp;ssl=1 228w, https:\/\/i0.wp.com\/eltrabajo.cl\/portal\/wp-content\/uploads\/2015\/07\/Asiento3.jpg?resize=400%2C263&amp;ssl=1 400w\" width=\"316\" height=\"207\" loading=\"lazy\" data-original-width=\"316\" data-original-height=\"207\" itemprop=\"http:\/\/schema.org\/image\" title=\"Asiento3\" alt=\"FELIZ PROPIETARIA.- Irene Carvajal Soto, una de las propietarias que est\u00e1 haciendo el tr\u00e1mite de saneamiento y quien vive desde hace a\u00f1os en la rivera de Estero Seco.\" style=\"width: 316px; height: 207px;\" \/> <\/a> <div class=\"tiled-gallery-caption\" itemprop=\"caption description\"> FELIZ PROPIETARIA.- Irene Carvajal Soto, una de las propietarias que est\u00e1 haciendo el tr\u00e1mite de saneamiento y quien vive desde hace a\u00f1os en la rivera de Estero Seco. <\/div> <\/div> <\/div> <!-- close group --> <div class=\"gallery-group images-1\" style=\"width: 320px; height: 211px;\" data-original-width=\"320\" data-original-height=\"211\" > <div class=\"tiled-gallery-item tiled-gallery-item-large\" itemprop=\"associatedMedia\" itemscope itemtype=\"http:\/\/schema.org\/ImageObject\"> <a href=\"https:\/\/eltrabajo.cl\/portal\/familias-de-el-asiento-pronto-tendran-su-titulo-de-dominio\/asiento2-3\/\" border=\"0\" itemprop=\"url\"> <meta itemprop=\"width\" content=\"316\"> <meta itemprop=\"height\" content=\"207\"> <img decoding=\"async\" class=\"\" data-attachment-id=\"59709\" data-orig-file=\"https:\/\/eltrabajo.cl\/portal\/wp-content\/uploads\/2015\/07\/Asiento2.jpg\" data-orig-size=\"530,348\" data-comments-opened=\"1\" data-image-meta=\"{&quot;aperture&quot;:&quot;0&quot;,&quot;credit&quot;:&quot;&quot;,&quot;camera&quot;:&quot;&quot;,&quot;caption&quot;:&quot;&quot;,&quot;created_timestamp&quot;:&quot;0&quot;,&quot;copyright&quot;:&quot;&quot;,&quot;focal_length&quot;:&quot;0&quot;,&quot;iso&quot;:&quot;0&quot;,&quot;shutter_speed&quot;:&quot;0&quot;,&quot;title&quot;:&quot;&quot;,&quot;orientation&quot;:&quot;0&quot;}\" data-image-title=\"Asiento2\" data-image-description=\"&lt;p&gt;PAPELITO HABLA.- Estos son los documentos que deben firmar los vecinos, para poder al fin contar con su T\u00edtulo de Dominio en regla.&lt;\/p&gt; \" data-medium-file=\"https:\/\/i0.wp.com\/eltrabajo.cl\/portal\/wp-content\/uploads\/2015\/07\/Asiento2.jpg?fit=300%2C197&#038;ssl=1\" data-large-file=\"https:\/\/i0.wp.com\/eltrabajo.cl\/portal\/wp-content\/uploads\/2015\/07\/Asiento2.jpg?fit=530%2C348&#038;ssl=1\" src=\"https:\/\/i0.wp.com\/eltrabajo.cl\/portal\/wp-content\/uploads\/2015\/07\/Asiento2.jpg?w=316&#038;h=207&#038;ssl=1\" srcset=\"https:\/\/i0.wp.com\/eltrabajo.cl\/portal\/wp-content\/uploads\/2015\/07\/Asiento2.jpg?w=530&amp;ssl=1 530w, https:\/\/i0.wp.com\/eltrabajo.cl\/portal\/wp-content\/uploads\/2015\/07\/Asiento2.jpg?resize=200%2C131&amp;ssl=1 200w, https:\/\/i0.wp.com\/eltrabajo.cl\/portal\/wp-content\/uploads\/2015\/07\/Asiento2.jpg?resize=300%2C197&amp;ssl=1 300w, https:\/\/i0.wp.com\/eltrabajo.cl\/portal\/wp-content\/uploads\/2015\/07\/Asiento2.jpg?resize=228%2C150&amp;ssl=1 228w, https:\/\/i0.wp.com\/eltrabajo.cl\/portal\/wp-content\/uploads\/2015\/07\/Asiento2.jpg?resize=400%2C263&amp;ssl=1 400w\" width=\"316\" height=\"207\" loading=\"lazy\" data-original-width=\"316\" data-original-height=\"207\" itemprop=\"http:\/\/schema.org\/image\" title=\"Asiento2\" alt=\"PAPELITO HABLA.- Estos son los documentos que deben firmar los vecinos, para poder al fin contar con su T\u00edtulo de Dominio en regla.\" style=\"width: 316px; height: 207px;\" \/> <\/a> <div class=\"tiled-gallery-caption\" itemprop=\"caption description\"> PAPELITO HABLA.- Estos son los documentos que deben firmar los vecinos, para poder al fin contar con su T\u00edtulo de Dominio en regla. <\/div> <\/div> <\/div> <!-- close group --> <\/div> <!-- close row --> <\/div>\n","protected":false},"excerpt":{"rendered":"<p>Desde hace unos dos a\u00f1os en El Asiento de San Felipe, la junta vecinal de dicha poblaci\u00f3n inici\u00f3 el proceso de Saneamiento de T\u00edtulo de Dominio para unas 23 familias que; aunque&#8230;<\/p>\n","protected":false},"author":482,"featured_media":59708,"comment_status":"open","ping_status":"open","sticky":false,"template":"","format":"standard","meta":{"advanced_seo_description":"","jetpack_seo_html_title":"","jetpack_seo_noindex":false,"_jetpack_memberships_contains_paid_content":false,"footnotes":""},"categories":[15],"tags":[],"class_list":["post-59707","post","type-post","status-publish","format-standard","has-post-thumbnail","hentry","category-comunidad"],"jetpack_featured_media_url":"https:\/\/i0.wp.com\/eltrabajo.cl\/portal\/wp-content\/uploads\/2015\/07\/Asiento1.jpg?fit=530%2C348&ssl=1","jetpack_sharing_enabled":true,"jetpack_likes_enabled":true,"jetpack-related-posts":[],"_links":{"self":[{"href":"https:\/\/eltrabajo.cl\/portal\/wp-json\/wp\/v2\/posts\/59707","targetHints":{"allow":["GET"]}}],"collection":[{"href":"https:\/\/eltrabajo.cl\/portal\/wp-json\/wp\/v2\/posts"}],"about":[{"href":"https:\/\/eltrabajo.cl\/portal\/wp-json\/wp\/v2\/types\/post"}],"author":[{"embeddable":true,"href":"https:\/\/eltrabajo.cl\/portal\/wp-json\/wp\/v2\/users\/482"}],"replies":[{"embeddable":true,"href":"https:\/\/eltrabajo.cl\/portal\/wp-json\/wp\/v2\/comments?post=59707"}],"version-history":[{"count":0,"href":"https:\/\/eltrabajo.cl\/portal\/wp-json\/wp\/v2\/posts\/59707\/revisions"}],"wp:featuredmedia":[{"embeddable":true,"href":"https:\/\/eltrabajo.cl\/portal\/wp-json\/wp\/v2\/media\/59708"}],"wp:attachment":[{"href":"https:\/\/eltrabajo.cl\/portal\/wp-json\/wp\/v2\/media?parent=59707"}],"wp:term":[{"taxonomy":"category","embeddable":true,"href":"https:\/\/eltrabajo.cl\/portal\/wp-json\/wp\/v2\/categories?post=59707"},{"taxonomy":"post_tag","embeddable":true,"href":"https:\/\/eltrabajo.cl\/portal\/wp-json\/wp\/v2\/tags?post=59707"}],"curies":[{"name":"wp","href":"https:\/\/api.w.org\/{rel}","templated":true}]}}