{"id":59712,"date":"2015-07-07T09:19:30","date_gmt":"2015-07-07T12:19:30","guid":{"rendered":"http:\/\/www.eltrabajo.cl\/portal\/?p=59712"},"modified":"2015-07-07T09:19:30","modified_gmt":"2015-07-07T12:19:30","slug":"realizan-cuarta-version-de-la-feria-laboral-en-catemu","status":"publish","type":"post","link":"https:\/\/eltrabajo.cl\/portal\/realizan-cuarta-version-de-la-feria-laboral-en-catemu\/","title":{"rendered":"Realizan cuarta versi\u00f3n de la feria laboral en Catemu"},"content":{"rendered":"<figure id=\"attachment_59713\" aria-describedby=\"caption-attachment-59713\" style=\"width: 300px\" class=\"wp-caption alignleft\"><a href=\"https:\/\/i0.wp.com\/www.eltrabajo.cl\/portal\/wp-content\/uploads\/2015\/07\/Feria-laboral.jpg\"><img data-recalc-dims=\"1\" loading=\"lazy\" decoding=\"async\" class=\"wp-image-59713 size-medium\" src=\"https:\/\/i0.wp.com\/www.eltrabajo.cl\/portal\/wp-content\/uploads\/2015\/07\/Feria-laboral-300x198.jpg?resize=300%2C198\" alt=\"Diversas empresas participaron de la cuarta feria del trabajo organizada por el municipio catemino.\" width=\"300\" height=\"198\" srcset=\"https:\/\/i0.wp.com\/eltrabajo.cl\/portal\/wp-content\/uploads\/2015\/07\/Feria-laboral.jpg?resize=300%2C198&amp;ssl=1 300w, https:\/\/i0.wp.com\/eltrabajo.cl\/portal\/wp-content\/uploads\/2015\/07\/Feria-laboral.jpg?resize=200%2C132&amp;ssl=1 200w, https:\/\/i0.wp.com\/eltrabajo.cl\/portal\/wp-content\/uploads\/2015\/07\/Feria-laboral.jpg?resize=227%2C150&amp;ssl=1 227w, https:\/\/i0.wp.com\/eltrabajo.cl\/portal\/wp-content\/uploads\/2015\/07\/Feria-laboral.jpg?resize=400%2C264&amp;ssl=1 400w, https:\/\/i0.wp.com\/eltrabajo.cl\/portal\/wp-content\/uploads\/2015\/07\/Feria-laboral.jpg?w=530&amp;ssl=1 530w\" sizes=\"auto, (max-width: 300px) 100vw, 300px\" \/><\/a><figcaption id=\"caption-attachment-59713\" class=\"wp-caption-text\">Diversas empresas participaron de la cuarta feria del trabajo organizada por el municipio catemino.<\/figcaption><\/figure>\n<p><strong>CATEMU<\/strong>.- Con una masiva asistencia se desarroll\u00f3 la cuarta versi\u00f3n de la feria laboral organizada por el municipio de Catemu, en la biblioteca municipal de la comuna el pasado viernes 3 de julio.<br \/>\nCon la presencia del alcalde Boris Luksic; el Director Regional de Sence, Esteban Vega, empresas de la zona y cientos de personas que buscan empleo se llev\u00f3 a cabo la feria de empleo, durante toda una ma\u00f1ana, que permiti\u00f3 a los cateminos optar a diversas ofertas laborales.<br \/>\nEn la ocasi\u00f3n particip\u00f3 Ferreteria Andina; Pronto Copec; Apunto; Agr\u00edcola Del Monte; Conservera Pentzke; Propal y Eklipse; todas empresas de la zona que contribuyen permanente a la inserci\u00f3n laboral de la comuna de Catemu y la Provincia.<br \/>\nMuy entusiasmados se vio a quienes aprovecharon esta instancia para conseguir alg\u00fan dato de empleo o puesto de trabajo, ya que en pocas ocasiones se da que las empresas acudan a un mismo lugar a ofrecer trabajo.<br \/>\nEsta excelente oportunidad la brinda el Municipio de Catemu a trav\u00e9s de la OMIL (Oficina de Intermediaci\u00f3n Laboral), que durante todo el a\u00f1o toma contacto con empresas de la zona para obtener cupos de empleo, entre otras cosas.<br \/>\nPor su parte el Alcalde de Catemu se\u00f1al\u00f3: Estamos muy satisfechos con la realizaci\u00f3n y el \u00e9xito que siempre tienen este tipo de iniciativas en la comuna, es la cuarta versi\u00f3n de esta feria laboral, y siempre las empresas han acogido nuestra invitaci\u00f3n, un agradecimiento especial a todos sus representantes. Adem\u00e1s agradecer al Director Regional de SENCE, quien en diversas ocasiones e instancias ha demostrado su apoyo a Catemu y una serie de oportunidades para nuestra gente.<\/p>\n","protected":false},"excerpt":{"rendered":"<p>CATEMU.- Con una masiva asistencia se desarroll\u00f3 la cuarta versi\u00f3n de la feria laboral organizada por el municipio de Catemu, en la biblioteca municipal de la comuna el pasado viernes 3 de&#8230;<\/p>\n","protected":false},"author":482,"featured_media":59713,"comment_status":"open","ping_status":"open","sticky":false,"template":"","format":"standard","meta":{"advanced_seo_description":"","jetpack_seo_html_title":"","jetpack_seo_noindex":false,"_jetpack_memberships_contains_paid_content":false,"footnotes":""},"categories":[15],"tags":[],"class_list":["post-59712","post","type-post","status-publish","format-standard","has-post-thumbnail","hentry","category-comunidad"],"jetpack_featured_media_url":"https:\/\/i0.wp.com\/eltrabajo.cl\/portal\/wp-content\/uploads\/2015\/07\/Feria-laboral.jpg?fit=530%2C350&ssl=1","jetpack_sharing_enabled":true,"jetpack_likes_enabled":true,"jetpack-related-posts":[],"_links":{"self":[{"href":"https:\/\/eltrabajo.cl\/portal\/wp-json\/wp\/v2\/posts\/59712","targetHints":{"allow":["GET"]}}],"collection":[{"href":"https:\/\/eltrabajo.cl\/portal\/wp-json\/wp\/v2\/posts"}],"about":[{"href":"https:\/\/eltrabajo.cl\/portal\/wp-json\/wp\/v2\/types\/post"}],"author":[{"embeddable":true,"href":"https:\/\/eltrabajo.cl\/portal\/wp-json\/wp\/v2\/users\/482"}],"replies":[{"embeddable":true,"href":"https:\/\/eltrabajo.cl\/portal\/wp-json\/wp\/v2\/comments?post=59712"}],"version-history":[{"count":0,"href":"https:\/\/eltrabajo.cl\/portal\/wp-json\/wp\/v2\/posts\/59712\/revisions"}],"wp:featuredmedia":[{"embeddable":true,"href":"https:\/\/eltrabajo.cl\/portal\/wp-json\/wp\/v2\/media\/59713"}],"wp:attachment":[{"href":"https:\/\/eltrabajo.cl\/portal\/wp-json\/wp\/v2\/media?parent=59712"}],"wp:term":[{"taxonomy":"category","embeddable":true,"href":"https:\/\/eltrabajo.cl\/portal\/wp-json\/wp\/v2\/categories?post=59712"},{"taxonomy":"post_tag","embeddable":true,"href":"https:\/\/eltrabajo.cl\/portal\/wp-json\/wp\/v2\/tags?post=59712"}],"curies":[{"name":"wp","href":"https:\/\/api.w.org\/{rel}","templated":true}]}}