{"id":59715,"date":"2015-07-07T09:20:58","date_gmt":"2015-07-07T12:20:58","guid":{"rendered":"http:\/\/www.eltrabajo.cl\/portal\/?p=59715"},"modified":"2015-07-07T09:20:58","modified_gmt":"2015-07-07T12:20:58","slug":"campana-solidaria-todos-con-franco-recaudo-mas-de-3-millones","status":"publish","type":"post","link":"https:\/\/eltrabajo.cl\/portal\/campana-solidaria-todos-con-franco-recaudo-mas-de-3-millones\/","title":{"rendered":"Campa\u00f1a solidaria \u2018Todos con Franco\u2019 recaud\u00f3 m\u00e1s de $3 millones"},"content":{"rendered":"<figure id=\"attachment_59716\" aria-describedby=\"caption-attachment-59716\" style=\"width: 300px\" class=\"wp-caption alignleft\"><a href=\"https:\/\/i0.wp.com\/www.eltrabajo.cl\/portal\/wp-content\/uploads\/2015\/07\/Todos-somos-franco.jpg\"><img data-recalc-dims=\"1\" loading=\"lazy\" decoding=\"async\" class=\"wp-image-59716 size-medium\" src=\"https:\/\/i0.wp.com\/www.eltrabajo.cl\/portal\/wp-content\/uploads\/2015\/07\/Todos-somos-franco-300x198.jpg?resize=300%2C198\" alt=\"M\u00e1s de cien voluntarios participaron la ma\u00f1ana del s\u00e1bado en la campa\u00f1a \u2018Todos con Franco\u2019 para recaudar donaciones que ayudar\u00e1n al peque\u00f1o de dos a\u00f1os, quien padece del \u2018S\u00edndrome de Apert\u2019. Hasta los ni\u00f1os aportaron.\" width=\"300\" height=\"198\" srcset=\"https:\/\/i0.wp.com\/eltrabajo.cl\/portal\/wp-content\/uploads\/2015\/07\/Todos-somos-franco.jpg?resize=300%2C198&amp;ssl=1 300w, https:\/\/i0.wp.com\/eltrabajo.cl\/portal\/wp-content\/uploads\/2015\/07\/Todos-somos-franco.jpg?resize=200%2C132&amp;ssl=1 200w, https:\/\/i0.wp.com\/eltrabajo.cl\/portal\/wp-content\/uploads\/2015\/07\/Todos-somos-franco.jpg?resize=228%2C150&amp;ssl=1 228w, https:\/\/i0.wp.com\/eltrabajo.cl\/portal\/wp-content\/uploads\/2015\/07\/Todos-somos-franco.jpg?resize=400%2C263&amp;ssl=1 400w, https:\/\/i0.wp.com\/eltrabajo.cl\/portal\/wp-content\/uploads\/2015\/07\/Todos-somos-franco.jpg?w=530&amp;ssl=1 530w\" sizes=\"auto, (max-width: 300px) 100vw, 300px\" \/><\/a><figcaption id=\"caption-attachment-59716\" class=\"wp-caption-text\">M\u00e1s de cien voluntarios participaron la ma\u00f1ana del s\u00e1bado en la campa\u00f1a \u2018Todos con Franco\u2019 para recaudar donaciones que ayudar\u00e1n al peque\u00f1o de dos a\u00f1os, quien padece del \u2018S\u00edndrome de Apert\u2019. Hasta los ni\u00f1os aportaron.<\/figcaption><\/figure>\n<ul>\n<li><strong>Familia del peque\u00f1o Franco Rodr\u00edguez Rebolledo, de dos a\u00f1os, agradeci\u00f3 la solidaridad de los vecinos y vecinas de Calle Larga<\/strong><\/li>\n<\/ul>\n<p><strong>CALLE LARGA.<\/strong>&#8211; M\u00e1s de cien voluntarios entre vecinos, funcionarios municipales y familiares de Franco Rodr\u00edguez Rebolledo, participaron la ma\u00f1ana del s\u00e1bado, en la campa\u00f1a \u2018Todos con Franco\u2019, que tuvo por objetivo recaudar donaciones para ir en ayuda del peque\u00f1o de dos a\u00f1os, quien padece de una extra\u00f1a enfermedad gen\u00e9tica denominada \u2018S\u00edndrome de Apert\u2019.<br \/>\nEntre otros s\u00edntomas, este s\u00edndrome produce problemas en el crecimiento normal del cr\u00e1neo, como tambi\u00e9n en la uni\u00f3n de los deditos de pies y manos. Debido a su condici\u00f3n, el peque\u00f1o ha tenido que ser sometido a seis intervenciones quir\u00fargicas que le han permitido gozar de una mejor calidad de vida.<br \/>\nCon el objetivo de que el peque\u00f1o d\u00eda a d\u00eda mejore su condici\u00f3n, en los pr\u00f3ximos meses ser\u00e1 sometido a una nueva operaci\u00f3n que tiene por objetivo separar los deditos de sus manos. De esta forma sus extremidades superiores podr\u00e1n tener un desarrollo normal.<br \/>\nCon el objetivo de contribuir con aportes en dinero a la familia de Franco, se realiz\u00f3 el s\u00e1bado la campa\u00f1a de recolecci\u00f3n de donaciones, que permiti\u00f3 recaudar un total de 3 millones 725 mil 848 pesos.<br \/>\nKaren Rebolledo, mam\u00e1 de Franco agradeci\u00f3 la solidaridad y el compromiso de los vecinos y vecinas de Calle Larga.<br \/>\n\u201cEstamos muy agradecidos de la gente que cooper\u00f3 con dinero, de los voluntarios, del alcalde, del municipio. La verdad esta campa\u00f1a fue impecable. Nunca pens\u00e9 que \u00edbamos a reunir tanto dinero. Estamos muy contentos y felices por la gente que puso su granito de arena para ayudar a nuestro hijo, Franco\u201d, sostuvo Karen Rebolledo.<br \/>\nFabi\u00e1n Rodr\u00edguez, pap\u00e1 de del peque\u00f1o de dos a\u00f1os, destac\u00f3 la necesidad de que ni\u00f1os como Franco, como tambi\u00e9n otros peque\u00f1os que padecen enfermedades que los hacen diferentes a los dem\u00e1s, sean integrados.<br \/>\n\u201cEn esta ma\u00f1ana pudimos difundir lo que es este s\u00edndrome, como tambi\u00e9n dar a conocer la historia de Franco y tratar de que se integre a la comunidad. Estamos muy contentos con la acogida que tuvimos, con la cantidad de voluntarios que particip\u00f3 como tambi\u00e9n por la gente que contribuy\u00f3 con su dinero. Esta fue una muy buena instancia para dar a conocer esta historia y para que las personas con capacidades distintas puedan ser integradas\u201d, manifest\u00f3 Fabi\u00e1n Rodr\u00edguez.<br \/>\nPor su parte, el alcalde de Calle Larga, Nelson Venegas destac\u00f3 la solidaridad de los habitantes de la comuna.<br \/>\nPara quienes quieran colaborar con Franco, quien en el futuro deber\u00e1 someterse a otras intervenciones quir\u00fargicas, sus pap\u00e1s crearon la p\u00e1gina www.valientefranco.cl donde se podr\u00e1 encontrar informaci\u00f3n sobre la vida de Franco, su enfermedad, como tambi\u00e9n n\u00fameros de cuenta donde se pueden realizar donaciones.<\/p>\n","protected":false},"excerpt":{"rendered":"<p>Familia del peque\u00f1o Franco Rodr\u00edguez Rebolledo, de dos a\u00f1os, agradeci\u00f3 la solidaridad de los vecinos y vecinas de Calle Larga CALLE LARGA.&#8211; M\u00e1s de cien voluntarios entre vecinos, funcionarios municipales y familiares&#8230;<\/p>\n","protected":false},"author":482,"featured_media":59716,"comment_status":"open","ping_status":"open","sticky":false,"template":"","format":"standard","meta":{"advanced_seo_description":"","jetpack_seo_html_title":"","jetpack_seo_noindex":false,"_jetpack_memberships_contains_paid_content":false,"footnotes":""},"categories":[15],"tags":[],"class_list":["post-59715","post","type-post","status-publish","format-standard","has-post-thumbnail","hentry","category-comunidad"],"jetpack_featured_media_url":"https:\/\/i0.wp.com\/eltrabajo.cl\/portal\/wp-content\/uploads\/2015\/07\/Todos-somos-franco.jpg?fit=530%2C349&ssl=1","jetpack_sharing_enabled":true,"jetpack_likes_enabled":true,"jetpack-related-posts":[],"_links":{"self":[{"href":"https:\/\/eltrabajo.cl\/portal\/wp-json\/wp\/v2\/posts\/59715","targetHints":{"allow":["GET"]}}],"collection":[{"href":"https:\/\/eltrabajo.cl\/portal\/wp-json\/wp\/v2\/posts"}],"about":[{"href":"https:\/\/eltrabajo.cl\/portal\/wp-json\/wp\/v2\/types\/post"}],"author":[{"embeddable":true,"href":"https:\/\/eltrabajo.cl\/portal\/wp-json\/wp\/v2\/users\/482"}],"replies":[{"embeddable":true,"href":"https:\/\/eltrabajo.cl\/portal\/wp-json\/wp\/v2\/comments?post=59715"}],"version-history":[{"count":0,"href":"https:\/\/eltrabajo.cl\/portal\/wp-json\/wp\/v2\/posts\/59715\/revisions"}],"wp:featuredmedia":[{"embeddable":true,"href":"https:\/\/eltrabajo.cl\/portal\/wp-json\/wp\/v2\/media\/59716"}],"wp:attachment":[{"href":"https:\/\/eltrabajo.cl\/portal\/wp-json\/wp\/v2\/media?parent=59715"}],"wp:term":[{"taxonomy":"category","embeddable":true,"href":"https:\/\/eltrabajo.cl\/portal\/wp-json\/wp\/v2\/categories?post=59715"},{"taxonomy":"post_tag","embeddable":true,"href":"https:\/\/eltrabajo.cl\/portal\/wp-json\/wp\/v2\/tags?post=59715"}],"curies":[{"name":"wp","href":"https:\/\/api.w.org\/{rel}","templated":true}]}}