{"id":59718,"date":"2015-07-07T09:23:51","date_gmt":"2015-07-07T12:23:51","guid":{"rendered":"http:\/\/www.eltrabajo.cl\/portal\/?p=59718"},"modified":"2015-07-07T09:23:51","modified_gmt":"2015-07-07T12:23:51","slug":"voleibol-del-cordillera-clasifica-a-los-regionales-en-villa-alemana","status":"publish","type":"post","link":"https:\/\/eltrabajo.cl\/portal\/voleibol-del-cordillera-clasifica-a-los-regionales-en-villa-alemana\/","title":{"rendered":"V\u00f3leibol del Cordillera clasifica a los Regionales en Villa Alemana"},"content":{"rendered":"<figure id=\"attachment_59719\" aria-describedby=\"caption-attachment-59719\" style=\"width: 300px\" class=\"wp-caption alignleft\"><a href=\"https:\/\/i0.wp.com\/www.eltrabajo.cl\/portal\/wp-content\/uploads\/2015\/07\/Desayuno1.jpg\"><img data-recalc-dims=\"1\" loading=\"lazy\" decoding=\"async\" class=\"wp-image-59719 size-medium\" src=\"https:\/\/i0.wp.com\/www.eltrabajo.cl\/portal\/wp-content\/uploads\/2015\/07\/Desayuno1-300x198.jpg?resize=300%2C198\" alt=\"SUPER NI\u00d1AS.- Ellas son nuestras deportistas clasificadas a los Juegos Regionales Deportivos 2015, que se jugar\u00e1n en un mes en Villa Alemana.\" width=\"300\" height=\"198\" srcset=\"https:\/\/i0.wp.com\/eltrabajo.cl\/portal\/wp-content\/uploads\/2015\/07\/Desayuno1.jpg?resize=300%2C198&amp;ssl=1 300w, https:\/\/i0.wp.com\/eltrabajo.cl\/portal\/wp-content\/uploads\/2015\/07\/Desayuno1.jpg?resize=200%2C132&amp;ssl=1 200w, https:\/\/i0.wp.com\/eltrabajo.cl\/portal\/wp-content\/uploads\/2015\/07\/Desayuno1.jpg?resize=227%2C150&amp;ssl=1 227w, https:\/\/i0.wp.com\/eltrabajo.cl\/portal\/wp-content\/uploads\/2015\/07\/Desayuno1.jpg?resize=400%2C264&amp;ssl=1 400w, https:\/\/i0.wp.com\/eltrabajo.cl\/portal\/wp-content\/uploads\/2015\/07\/Desayuno1.jpg?w=530&amp;ssl=1 530w\" sizes=\"auto, (max-width: 300px) 100vw, 300px\" \/><\/a><figcaption id=\"caption-attachment-59719\" class=\"wp-caption-text\">SUPER NI\u00d1AS.- Ellas son nuestras deportistas clasificadas a los Juegos Regionales Deportivos 2015, que se jugar\u00e1n en un mes en Villa Alemana.<\/figcaption><\/figure>\n<p>Los juegos deportivos escolares a nivel provincial en la disciplina de Voleibol, lleg\u00f3 a su fin hace pocos d\u00edas. El equipo ganador es la selecci\u00f3n U-14 del Liceo Bicentenario Cordillera de San Felipe, triunfo que obtuvo al derrotar a todos sus adversarios durante el proceso, pero que finalmente culmin\u00f3 coron\u00e1ndose campeonas en una Final ante el Colegio Alem\u00e1n de Panquehue.<\/p>\n<p><strong>RICO DESAYUNO<\/strong><br \/>\nEs por sus sensacionales triunfos y porque ahora ganaron el derecho a representarnos en los Juegos Regionales Deportivos 2015, que ellas fueron homenajeadas la ma\u00f1ana de este lunes en su misma casa de estudios.<br \/>\n\u00abLas ni\u00f1as son las mejores de toda nuestra provincia, ahora tendr\u00e1n que enfrentar a las ocho provincias de la regi\u00f3n en Villa Alemana, la primera semana de agosto\u00bb, inform\u00f3 a Diario El Trabajo el entrenador de las chicas, Eduardo Ch\u00e1vez C\u00e1rdenas.<\/p>\n<p><strong>LAS MEJORES<\/strong><br \/>\n\u00abEste trabajo es producto de un esfuerzo mancomunado del Cordillera y el Departamento de Deportes del municipio, por todo el apoyo en transporte y recursos para nuestras ni\u00f1as, por ello les damos las gracias al Municipio\u00bb, coment\u00f3 la preparadora f\u00edsica de las ni\u00f1as, profesora Tatiana Vargas, otra de las docentes directamente comprometidas con este proceso deportivo.<br \/>\nSi estas ni\u00f1as ganan el Regional, estar\u00e1n asegurando su cupo para el Nacional, que ser\u00e1 en Arica del 24 al 30 de agosto. Las peque\u00f1as guerreras fueron las aplaudidas en el sal\u00f3n, en donde varios profesores del Cordillera elogiaron su accionar deportivo.<br \/>\n<strong>Roberto Gonz\u00e1lez Short<\/strong><br \/>\n<strong>rgonzalez@eltrabajo.cl<\/strong><\/p>\n<div class=\"tiled-gallery type-rectangular tiled-gallery-unresized\" data-original-width=\"640\" data-carousel-extra='null' itemscope itemtype=\"http:\/\/schema.org\/ImageGallery\" > <div class=\"gallery-row\" style=\"width: 640px; height: 212px;\" data-original-width=\"640\" data-original-height=\"212\" > <div class=\"gallery-group images-1\" style=\"width: 319px; height: 212px;\" data-original-width=\"319\" data-original-height=\"212\" > <div class=\"tiled-gallery-item tiled-gallery-item-large\" itemprop=\"associatedMedia\" itemscope itemtype=\"http:\/\/schema.org\/ImageObject\"> <a href=\"https:\/\/eltrabajo.cl\/portal\/voleibol-del-cordillera-clasifica-a-los-regionales-en-villa-alemana\/desayuno2\/\" border=\"0\" itemprop=\"url\"> <meta itemprop=\"width\" content=\"315\"> <meta itemprop=\"height\" content=\"208\"> <img decoding=\"async\" class=\"\" data-attachment-id=\"59720\" data-orig-file=\"https:\/\/eltrabajo.cl\/portal\/wp-content\/uploads\/2015\/07\/Desayuno2.jpg\" data-orig-size=\"530,350\" data-comments-opened=\"1\" data-image-meta=\"{&quot;aperture&quot;:&quot;0&quot;,&quot;credit&quot;:&quot;&quot;,&quot;camera&quot;:&quot;&quot;,&quot;caption&quot;:&quot;&quot;,&quot;created_timestamp&quot;:&quot;0&quot;,&quot;copyright&quot;:&quot;&quot;,&quot;focal_length&quot;:&quot;0&quot;,&quot;iso&quot;:&quot;0&quot;,&quot;shutter_speed&quot;:&quot;0&quot;,&quot;title&quot;:&quot;&quot;,&quot;orientation&quot;:&quot;0&quot;}\" data-image-title=\"Desayuno2\" data-image-description=\"&lt;p&gt;BON APP\u00c9TIT.- Bueno jugo, golosinas y muchos elogios, fueron parte del desayuno a ellas ofrecido la ma\u00f1ana de este lunes en el Liceo Bicentenario Cordillera.&lt;\/p&gt; \" data-medium-file=\"https:\/\/i0.wp.com\/eltrabajo.cl\/portal\/wp-content\/uploads\/2015\/07\/Desayuno2.jpg?fit=300%2C198&#038;ssl=1\" data-large-file=\"https:\/\/i0.wp.com\/eltrabajo.cl\/portal\/wp-content\/uploads\/2015\/07\/Desayuno2.jpg?fit=530%2C350&#038;ssl=1\" src=\"https:\/\/i0.wp.com\/eltrabajo.cl\/portal\/wp-content\/uploads\/2015\/07\/Desayuno2.jpg?w=315&#038;h=208&#038;ssl=1\" srcset=\"https:\/\/i0.wp.com\/eltrabajo.cl\/portal\/wp-content\/uploads\/2015\/07\/Desayuno2.jpg?w=530&amp;ssl=1 530w, https:\/\/i0.wp.com\/eltrabajo.cl\/portal\/wp-content\/uploads\/2015\/07\/Desayuno2.jpg?resize=200%2C132&amp;ssl=1 200w, https:\/\/i0.wp.com\/eltrabajo.cl\/portal\/wp-content\/uploads\/2015\/07\/Desayuno2.jpg?resize=300%2C198&amp;ssl=1 300w, https:\/\/i0.wp.com\/eltrabajo.cl\/portal\/wp-content\/uploads\/2015\/07\/Desayuno2.jpg?resize=227%2C150&amp;ssl=1 227w, https:\/\/i0.wp.com\/eltrabajo.cl\/portal\/wp-content\/uploads\/2015\/07\/Desayuno2.jpg?resize=400%2C264&amp;ssl=1 400w\" width=\"315\" height=\"208\" loading=\"lazy\" data-original-width=\"315\" data-original-height=\"208\" itemprop=\"http:\/\/schema.org\/image\" title=\"Desayuno2\" alt=\"BON APP\u00c9TIT.- Bueno jugo, golosinas y muchos elogios, fueron parte del desayuno a ellas ofrecido la ma\u00f1ana de este lunes en el Liceo Bicentenario Cordillera.\" style=\"width: 315px; height: 208px;\" \/> <\/a> <div class=\"tiled-gallery-caption\" itemprop=\"caption description\"> BON APP\u00c9TIT.- Bueno jugo, golosinas y muchos elogios, fueron parte del desayuno a ellas ofrecido la ma\u00f1ana de este lunes en el Liceo Bicentenario Cordillera. <\/div> <\/div> <\/div> <!-- close group --> <div class=\"gallery-group images-1\" style=\"width: 321px; height: 212px;\" data-original-width=\"321\" data-original-height=\"212\" > <div class=\"tiled-gallery-item tiled-gallery-item-large\" itemprop=\"associatedMedia\" itemscope itemtype=\"http:\/\/schema.org\/ImageObject\"> <a href=\"https:\/\/eltrabajo.cl\/portal\/voleibol-del-cordillera-clasifica-a-los-regionales-en-villa-alemana\/desayuno3\/\" border=\"0\" itemprop=\"url\"> <meta itemprop=\"width\" content=\"317\"> <meta itemprop=\"height\" content=\"208\"> <img decoding=\"async\" class=\"\" data-attachment-id=\"59721\" data-orig-file=\"https:\/\/eltrabajo.cl\/portal\/wp-content\/uploads\/2015\/07\/Desayuno3.jpg\" data-orig-size=\"530,348\" data-comments-opened=\"1\" data-image-meta=\"{&quot;aperture&quot;:&quot;0&quot;,&quot;credit&quot;:&quot;&quot;,&quot;camera&quot;:&quot;&quot;,&quot;caption&quot;:&quot;&quot;,&quot;created_timestamp&quot;:&quot;0&quot;,&quot;copyright&quot;:&quot;&quot;,&quot;focal_length&quot;:&quot;0&quot;,&quot;iso&quot;:&quot;0&quot;,&quot;shutter_speed&quot;:&quot;0&quot;,&quot;title&quot;:&quot;&quot;,&quot;orientation&quot;:&quot;0&quot;}\" data-image-title=\"Desayuno3\" data-image-description=\"&lt;p&gt;LOS PROFES.- Ellos son los profesores de Educaci\u00f3n F\u00edsica del Cordillera, Eduardo Ch\u00e1vez C\u00e1rdenas y Tatiana Vargas.&lt;\/p&gt; \" data-medium-file=\"https:\/\/i0.wp.com\/eltrabajo.cl\/portal\/wp-content\/uploads\/2015\/07\/Desayuno3.jpg?fit=300%2C197&#038;ssl=1\" data-large-file=\"https:\/\/i0.wp.com\/eltrabajo.cl\/portal\/wp-content\/uploads\/2015\/07\/Desayuno3.jpg?fit=530%2C348&#038;ssl=1\" src=\"https:\/\/i0.wp.com\/eltrabajo.cl\/portal\/wp-content\/uploads\/2015\/07\/Desayuno3.jpg?w=317&#038;h=208&#038;ssl=1\" srcset=\"https:\/\/i0.wp.com\/eltrabajo.cl\/portal\/wp-content\/uploads\/2015\/07\/Desayuno3.jpg?w=530&amp;ssl=1 530w, https:\/\/i0.wp.com\/eltrabajo.cl\/portal\/wp-content\/uploads\/2015\/07\/Desayuno3.jpg?resize=200%2C131&amp;ssl=1 200w, https:\/\/i0.wp.com\/eltrabajo.cl\/portal\/wp-content\/uploads\/2015\/07\/Desayuno3.jpg?resize=300%2C197&amp;ssl=1 300w, https:\/\/i0.wp.com\/eltrabajo.cl\/portal\/wp-content\/uploads\/2015\/07\/Desayuno3.jpg?resize=228%2C150&amp;ssl=1 228w, https:\/\/i0.wp.com\/eltrabajo.cl\/portal\/wp-content\/uploads\/2015\/07\/Desayuno3.jpg?resize=400%2C263&amp;ssl=1 400w\" width=\"317\" height=\"208\" loading=\"lazy\" data-original-width=\"317\" data-original-height=\"208\" itemprop=\"http:\/\/schema.org\/image\" title=\"Desayuno3\" alt=\"LOS PROFES.- Ellos son los profesores de Educaci\u00f3n F\u00edsica del Cordillera, Eduardo Ch\u00e1vez C\u00e1rdenas y Tatiana Vargas.\" style=\"width: 317px; height: 208px;\" \/> <\/a> <div class=\"tiled-gallery-caption\" itemprop=\"caption description\"> LOS PROFES.- Ellos son los profesores de Educaci\u00f3n F\u00edsica del Cordillera, Eduardo Ch\u00e1vez C\u00e1rdenas y Tatiana Vargas. <\/div> <\/div> <\/div> <!-- close group --> <\/div> <!-- close row --> <\/div>\n","protected":false},"excerpt":{"rendered":"<p>Los juegos deportivos escolares a nivel provincial en la disciplina de Voleibol, lleg\u00f3 a su fin hace pocos d\u00edas. El equipo ganador es la selecci\u00f3n U-14 del Liceo Bicentenario Cordillera de San&#8230;<\/p>\n","protected":false},"author":482,"featured_media":59719,"comment_status":"open","ping_status":"open","sticky":false,"template":"","format":"standard","meta":{"advanced_seo_description":"","jetpack_seo_html_title":"","jetpack_seo_noindex":false,"_jetpack_memberships_contains_paid_content":false,"footnotes":""},"categories":[15],"tags":[],"class_list":["post-59718","post","type-post","status-publish","format-standard","has-post-thumbnail","hentry","category-comunidad"],"jetpack_featured_media_url":"https:\/\/i0.wp.com\/eltrabajo.cl\/portal\/wp-content\/uploads\/2015\/07\/Desayuno1.jpg?fit=530%2C350&ssl=1","jetpack_sharing_enabled":true,"jetpack_likes_enabled":true,"jetpack-related-posts":[],"_links":{"self":[{"href":"https:\/\/eltrabajo.cl\/portal\/wp-json\/wp\/v2\/posts\/59718","targetHints":{"allow":["GET"]}}],"collection":[{"href":"https:\/\/eltrabajo.cl\/portal\/wp-json\/wp\/v2\/posts"}],"about":[{"href":"https:\/\/eltrabajo.cl\/portal\/wp-json\/wp\/v2\/types\/post"}],"author":[{"embeddable":true,"href":"https:\/\/eltrabajo.cl\/portal\/wp-json\/wp\/v2\/users\/482"}],"replies":[{"embeddable":true,"href":"https:\/\/eltrabajo.cl\/portal\/wp-json\/wp\/v2\/comments?post=59718"}],"version-history":[{"count":0,"href":"https:\/\/eltrabajo.cl\/portal\/wp-json\/wp\/v2\/posts\/59718\/revisions"}],"wp:featuredmedia":[{"embeddable":true,"href":"https:\/\/eltrabajo.cl\/portal\/wp-json\/wp\/v2\/media\/59719"}],"wp:attachment":[{"href":"https:\/\/eltrabajo.cl\/portal\/wp-json\/wp\/v2\/media?parent=59718"}],"wp:term":[{"taxonomy":"category","embeddable":true,"href":"https:\/\/eltrabajo.cl\/portal\/wp-json\/wp\/v2\/categories?post=59718"},{"taxonomy":"post_tag","embeddable":true,"href":"https:\/\/eltrabajo.cl\/portal\/wp-json\/wp\/v2\/tags?post=59718"}],"curies":[{"name":"wp","href":"https:\/\/api.w.org\/{rel}","templated":true}]}}