{"id":59723,"date":"2015-07-07T09:24:59","date_gmt":"2015-07-07T12:24:59","guid":{"rendered":"http:\/\/www.eltrabajo.cl\/portal\/?p=59723"},"modified":"2015-07-07T09:24:59","modified_gmt":"2015-07-07T12:24:59","slug":"estudiantes-del-aiep-realizaran-practicas-en-escuela-las-vegas","status":"publish","type":"post","link":"https:\/\/eltrabajo.cl\/portal\/estudiantes-del-aiep-realizaran-practicas-en-escuela-las-vegas\/","title":{"rendered":"Estudiantes del Aiep realizar\u00e1n pr\u00e1cticas en Escuela Las Vegas"},"content":{"rendered":"<figure id=\"attachment_59724\" aria-describedby=\"caption-attachment-59724\" style=\"width: 300px\" class=\"wp-caption alignleft\"><a href=\"https:\/\/i0.wp.com\/www.eltrabajo.cl\/portal\/wp-content\/uploads\/2015\/07\/FOTO-GRUPAL.jpg\"><img data-recalc-dims=\"1\" loading=\"lazy\" decoding=\"async\" class=\"wp-image-59724 size-medium\" src=\"https:\/\/i0.wp.com\/www.eltrabajo.cl\/portal\/wp-content\/uploads\/2015\/07\/FOTO-GRUPAL-300x199.jpg?resize=300%2C199\" alt=\"Autoridades del municipio firmaron convenio con representantes del Instituto Aiep que permitir\u00e1 que los estudiantes de esta casa de estudios, realicen sus pr\u00e1cticas en la Escuela Las Vegas de Llay Llay. (Fotos de Christi\u00e1n Tapia Past\u00e9n).\" width=\"300\" height=\"199\" srcset=\"https:\/\/i0.wp.com\/eltrabajo.cl\/portal\/wp-content\/uploads\/2015\/07\/FOTO-GRUPAL.jpg?resize=300%2C199&amp;ssl=1 300w, https:\/\/i0.wp.com\/eltrabajo.cl\/portal\/wp-content\/uploads\/2015\/07\/FOTO-GRUPAL.jpg?resize=200%2C133&amp;ssl=1 200w, https:\/\/i0.wp.com\/eltrabajo.cl\/portal\/wp-content\/uploads\/2015\/07\/FOTO-GRUPAL.jpg?resize=226%2C150&amp;ssl=1 226w, https:\/\/i0.wp.com\/eltrabajo.cl\/portal\/wp-content\/uploads\/2015\/07\/FOTO-GRUPAL.jpg?resize=400%2C266&amp;ssl=1 400w, https:\/\/i0.wp.com\/eltrabajo.cl\/portal\/wp-content\/uploads\/2015\/07\/FOTO-GRUPAL.jpg?w=527&amp;ssl=1 527w\" sizes=\"auto, (max-width: 300px) 100vw, 300px\" \/><\/a><figcaption id=\"caption-attachment-59724\" class=\"wp-caption-text\">Autoridades del municipio firmaron convenio con representantes del Instituto Aiep que permitir\u00e1 que los estudiantes de esta casa de estudios, realicen sus pr\u00e1cticas en la Escuela Las Vegas de Llay Llay. (Fotos de Christi\u00e1n Tapia Past\u00e9n).<\/figcaption><\/figure>\n<p><strong>LLAY LLAY<\/strong>.- Por medio de la firma de un convenio indefinido, de apoyo y colaboraci\u00f3n mutua. Estudiantes del Instituto de Educaci\u00f3n Superior Aiep realizar\u00e1n sus pr\u00e1cticas profesionales en la Escuela B\u00e1sica Las Vegas. Los practicantes con que contar\u00e1 la instituci\u00f3n educativa desde septiembre de 2015; provienen de las carreras de sicopedagog\u00eda, asistencia de p\u00e1rvulos, y t\u00e9cnicos deportivos de nivel superior.<br \/>\nUna iniciativa que el director Danilo Rubio califica \u201ccomo un orgullo, por ser la primera escuela en concretarlo\u201d gesti\u00f3n que tambi\u00e9n agradece a la directora del Daem, Susana Fuster; ergo, al alcalde Mario Marillanca; Sostenedor de la Educaci\u00f3n Municipal.<br \/>\nEl convenio, seg\u00fan lo explicado por el director, permitir\u00e1 entregar a los ni\u00f1os una atenci\u00f3n personalizada, por el apoyo pedag\u00f3gico que entregar\u00e1n los estudiantes en pr\u00e1ctica, sobre todo en \u00e1reas de Necesidades Educativas Especiales (NEE).<br \/>\nLa presencia de t\u00e9cnicos deportivos, permitir\u00e1 fortalecer talleres de baby f\u00fatbol, b\u00e1squetbol, atletismo. Los beneficios tambi\u00e9n se enfocar\u00e1n a los docentes, ya que recibir\u00e1n capacitaciones y talleres gratuitos, los que ayudar\u00e1n a obtener m\u00e1s herramientas para fortalecer los procesos de ense\u00f1anza.<br \/>\nLa ceremonia de firma de convenio se realiz\u00f3 el pasado jueves 2 de julio, con la presencia del alcalde Mario Marillanca, Sostenedor del Sistema Educativo Municipal; la jefa del Daem, Susana Fuster; el director Danilo Rubio, autoridades del Instituto Aiep, y comunidad educativa en pleno.<\/p>\n","protected":false},"excerpt":{"rendered":"<p>LLAY LLAY.- Por medio de la firma de un convenio indefinido, de apoyo y colaboraci\u00f3n mutua. Estudiantes del Instituto de Educaci\u00f3n Superior Aiep realizar\u00e1n sus pr\u00e1cticas profesionales en la Escuela B\u00e1sica Las&#8230;<\/p>\n","protected":false},"author":482,"featured_media":59724,"comment_status":"open","ping_status":"open","sticky":false,"template":"","format":"standard","meta":{"advanced_seo_description":"","jetpack_seo_html_title":"","jetpack_seo_noindex":false,"_jetpack_memberships_contains_paid_content":false,"footnotes":""},"categories":[15],"tags":[],"class_list":["post-59723","post","type-post","status-publish","format-standard","has-post-thumbnail","hentry","category-comunidad"],"jetpack_featured_media_url":"https:\/\/i0.wp.com\/eltrabajo.cl\/portal\/wp-content\/uploads\/2015\/07\/FOTO-GRUPAL.jpg?fit=527%2C350&ssl=1","jetpack_sharing_enabled":true,"jetpack_likes_enabled":true,"jetpack-related-posts":[],"_links":{"self":[{"href":"https:\/\/eltrabajo.cl\/portal\/wp-json\/wp\/v2\/posts\/59723","targetHints":{"allow":["GET"]}}],"collection":[{"href":"https:\/\/eltrabajo.cl\/portal\/wp-json\/wp\/v2\/posts"}],"about":[{"href":"https:\/\/eltrabajo.cl\/portal\/wp-json\/wp\/v2\/types\/post"}],"author":[{"embeddable":true,"href":"https:\/\/eltrabajo.cl\/portal\/wp-json\/wp\/v2\/users\/482"}],"replies":[{"embeddable":true,"href":"https:\/\/eltrabajo.cl\/portal\/wp-json\/wp\/v2\/comments?post=59723"}],"version-history":[{"count":0,"href":"https:\/\/eltrabajo.cl\/portal\/wp-json\/wp\/v2\/posts\/59723\/revisions"}],"wp:featuredmedia":[{"embeddable":true,"href":"https:\/\/eltrabajo.cl\/portal\/wp-json\/wp\/v2\/media\/59724"}],"wp:attachment":[{"href":"https:\/\/eltrabajo.cl\/portal\/wp-json\/wp\/v2\/media?parent=59723"}],"wp:term":[{"taxonomy":"category","embeddable":true,"href":"https:\/\/eltrabajo.cl\/portal\/wp-json\/wp\/v2\/categories?post=59723"},{"taxonomy":"post_tag","embeddable":true,"href":"https:\/\/eltrabajo.cl\/portal\/wp-json\/wp\/v2\/tags?post=59723"}],"curies":[{"name":"wp","href":"https:\/\/api.w.org\/{rel}","templated":true}]}}