{"id":59742,"date":"2015-07-07T09:35:01","date_gmt":"2015-07-07T12:35:01","guid":{"rendered":"http:\/\/www.eltrabajo.cl\/portal\/?p=59742"},"modified":"2015-07-07T09:35:01","modified_gmt":"2015-07-07T12:35:01","slug":"desalojaran-a-vecino-de-vivienda-en-propiedad-de-comite-futura-casa","status":"publish","type":"post","link":"https:\/\/eltrabajo.cl\/portal\/desalojaran-a-vecino-de-vivienda-en-propiedad-de-comite-futura-casa\/","title":{"rendered":"Desalojar\u00e1n a vecino de vivienda en propiedad de Comit\u00e9 Futura Casa"},"content":{"rendered":"<figure id=\"attachment_59743\" aria-describedby=\"caption-attachment-59743\" style=\"width: 300px\" class=\"wp-caption alignleft\"><a href=\"https:\/\/i0.wp.com\/www.eltrabajo.cl\/portal\/wp-content\/uploads\/2015\/07\/Casa1.jpg\"><img data-recalc-dims=\"1\" loading=\"lazy\" decoding=\"async\" class=\"wp-image-59743 size-medium\" src=\"https:\/\/i0.wp.com\/www.eltrabajo.cl\/portal\/wp-content\/uploads\/2015\/07\/Casa1-300x198.jpg?resize=300%2C198\" alt=\"DESALOJADOS.- De esta vivienda ser\u00e1 desalojado en cualquier momento don Sergio Irarraz\u00e1bal; su hermano Miguel; su hijo V\u00edctor y hasta su regalona mascota.\" width=\"300\" height=\"198\" srcset=\"https:\/\/i0.wp.com\/eltrabajo.cl\/portal\/wp-content\/uploads\/2015\/07\/Casa1.jpg?resize=300%2C198&amp;ssl=1 300w, https:\/\/i0.wp.com\/eltrabajo.cl\/portal\/wp-content\/uploads\/2015\/07\/Casa1.jpg?resize=200%2C132&amp;ssl=1 200w, https:\/\/i0.wp.com\/eltrabajo.cl\/portal\/wp-content\/uploads\/2015\/07\/Casa1.jpg?resize=227%2C150&amp;ssl=1 227w, https:\/\/i0.wp.com\/eltrabajo.cl\/portal\/wp-content\/uploads\/2015\/07\/Casa1.jpg?resize=400%2C264&amp;ssl=1 400w, https:\/\/i0.wp.com\/eltrabajo.cl\/portal\/wp-content\/uploads\/2015\/07\/Casa1.jpg?w=530&amp;ssl=1 530w\" sizes=\"auto, (max-width: 300px) 100vw, 300px\" \/><\/a><figcaption id=\"caption-attachment-59743\" class=\"wp-caption-text\">DESALOJADOS.- De esta vivienda ser\u00e1 desalojado en cualquier momento don Sergio Irarraz\u00e1bal; su hermano Miguel; su hijo V\u00edctor y hasta su regalona mascota.<\/figcaption><\/figure>\n<p>Don Sergio Irarraz\u00e1bal Valenzuela es un trabajador agr\u00edcola que tiene 42 a\u00f1os de vivir en una propiedad ubicada detr\u00e1s de la bencinera Terpel, sector Enc\u00f3n, propiamente ingresando a ella por villa Aguas Claras. En esa propiedad \u00e9l se instal\u00f3 y actualmente vive con su hermano Miguel y su hijo V\u00edctor de 15 a\u00f1os.<br \/>\n\u00abPara m\u00ed es muy complicado, pues son 42 a\u00f1os de vivir ac\u00e1, en aquellos a\u00f1os se me dio permiso de usar el terreno, nunca pens\u00e9 que alg\u00fan d\u00eda me sacar\u00edan de esta casita\u00bb, coment\u00f3 Sergio a Diario El Trabajo.<br \/>\nLa propiedad era de los due\u00f1os de Terpel, pero fue comprada por el Municipio para dar respuesta a las 92 familias estafadas cuando tramitaban como comit\u00e9 de vivienda en la tristemente c\u00e9lebre Egis Daniela.<\/p>\n<p><strong>\u00abNO PODEMOS\u00a0AYUDARLO\u00bb<\/strong><br \/>\n\u00abNosotros como comit\u00e9 estamos urgidos de terminar este calvario de no tener vivienda, nos duele mucho la situaci\u00f3n de don Sergio, pero nada podemos hacer para ayudarle, pues todos estamos en iguales condiciones y todo aqu\u00ed est\u00e1 siendo monitoreado por las autoridades\u00bb, explic\u00f3 Miguel Torres, presidente del Comit\u00e9 Casa Futura, agrupaci\u00f3n que ahora es due\u00f1a de la propiedad.<br \/>\nDiario El Trabajo habl\u00f3 tambi\u00e9n con el administrador municipal Patricio Gonz\u00e1lez, quien asegur\u00f3 que \u00abel caso de don Sergio ya lo intentamos resolver, el problema es que s\u00ed pudimos dar soluci\u00f3n a su esposa hace alg\u00fan tiempo, pero en su caso puntual es muy dif\u00edcil, pues \u00e9l registra una propiedad, don Sergio asegura que esa propiedad es de una tercera persona, por lo que como Municipio simplemente no podemos darle soluci\u00f3n, ni a un hostal que tenemos, pues don Sergio necesita m\u00e1s espacio\u00bb, dijo Gonz\u00e1lez.<br \/>\nEl vecino deber\u00e1 desalojar la propiedad los antes posible: \u00abSolicito a cualquier persona o autoridad, para que nos ayuden con alg\u00fan alquiler barato, mi celular es el 9159 3268\u00bb, dijo finalmente Sergio Irarraz\u00e1bal.<br \/>\n<strong>Roberto Gonz\u00e1lez Short<\/strong><br \/>\n<strong>rgonzalez@eltrabajo.cl<\/strong><\/p>\n<div class=\"tiled-gallery type-rectangular tiled-gallery-unresized\" data-original-width=\"640\" data-carousel-extra='null' itemscope itemtype=\"http:\/\/schema.org\/ImageGallery\" > <div class=\"gallery-row\" style=\"width: 640px; height: 211px;\" data-original-width=\"640\" data-original-height=\"211\" > <div class=\"gallery-group images-1\" style=\"width: 320px; height: 211px;\" data-original-width=\"320\" data-original-height=\"211\" > <div class=\"tiled-gallery-item tiled-gallery-item-large\" itemprop=\"associatedMedia\" itemscope itemtype=\"http:\/\/schema.org\/ImageObject\"> <a href=\"https:\/\/eltrabajo.cl\/portal\/desalojaran-a-vecino-de-vivienda-en-propiedad-de-comite-futura-casa\/sergio-irarrazabal\/\" border=\"0\" itemprop=\"url\"> <meta itemprop=\"width\" content=\"316\"> <meta itemprop=\"height\" content=\"207\"> <img decoding=\"async\" class=\"\" data-attachment-id=\"59745\" data-orig-file=\"https:\/\/eltrabajo.cl\/portal\/wp-content\/uploads\/2015\/07\/Sergio-Irarrazabal.jpg\" data-orig-size=\"530,348\" data-comments-opened=\"1\" data-image-meta=\"{&quot;aperture&quot;:&quot;0&quot;,&quot;credit&quot;:&quot;&quot;,&quot;camera&quot;:&quot;&quot;,&quot;caption&quot;:&quot;&quot;,&quot;created_timestamp&quot;:&quot;0&quot;,&quot;copyright&quot;:&quot;&quot;,&quot;focal_length&quot;:&quot;0&quot;,&quot;iso&quot;:&quot;0&quot;,&quot;shutter_speed&quot;:&quot;0&quot;,&quot;title&quot;:&quot;&quot;,&quot;orientation&quot;:&quot;0&quot;}\" data-image-title=\"Sergio Irarrazabal\" data-image-description=\"&lt;p&gt;Sergio Irarraz\u00e1bal Valenzuela, trabajador agr\u00edcola que ser\u00e1 desalojado de su casa.&lt;\/p&gt; \" data-medium-file=\"https:\/\/i0.wp.com\/eltrabajo.cl\/portal\/wp-content\/uploads\/2015\/07\/Sergio-Irarrazabal.jpg?fit=300%2C197&#038;ssl=1\" data-large-file=\"https:\/\/i0.wp.com\/eltrabajo.cl\/portal\/wp-content\/uploads\/2015\/07\/Sergio-Irarrazabal.jpg?fit=530%2C348&#038;ssl=1\" src=\"https:\/\/i0.wp.com\/eltrabajo.cl\/portal\/wp-content\/uploads\/2015\/07\/Sergio-Irarrazabal.jpg?w=316&#038;h=207&#038;ssl=1\" srcset=\"https:\/\/i0.wp.com\/eltrabajo.cl\/portal\/wp-content\/uploads\/2015\/07\/Sergio-Irarrazabal.jpg?w=530&amp;ssl=1 530w, https:\/\/i0.wp.com\/eltrabajo.cl\/portal\/wp-content\/uploads\/2015\/07\/Sergio-Irarrazabal.jpg?resize=200%2C131&amp;ssl=1 200w, https:\/\/i0.wp.com\/eltrabajo.cl\/portal\/wp-content\/uploads\/2015\/07\/Sergio-Irarrazabal.jpg?resize=300%2C197&amp;ssl=1 300w, https:\/\/i0.wp.com\/eltrabajo.cl\/portal\/wp-content\/uploads\/2015\/07\/Sergio-Irarrazabal.jpg?resize=228%2C150&amp;ssl=1 228w, https:\/\/i0.wp.com\/eltrabajo.cl\/portal\/wp-content\/uploads\/2015\/07\/Sergio-Irarrazabal.jpg?resize=400%2C263&amp;ssl=1 400w\" width=\"316\" height=\"207\" loading=\"lazy\" data-original-width=\"316\" data-original-height=\"207\" itemprop=\"http:\/\/schema.org\/image\" title=\"Sergio Irarrazabal\" alt=\"Sergio Irarraz\u00e1bal Valenzuela, trabajador agr\u00edcola que ser\u00e1 desalojado de su casa.\" style=\"width: 316px; height: 207px;\" \/> <\/a> <div class=\"tiled-gallery-caption\" itemprop=\"caption description\"> Sergio Irarraz\u00e1bal Valenzuela, trabajador agr\u00edcola que ser\u00e1 desalojado de su casa. <\/div> <\/div> <\/div> <!-- close group --> <div class=\"gallery-group images-1\" style=\"width: 320px; height: 211px;\" data-original-width=\"320\" data-original-height=\"211\" > <div class=\"tiled-gallery-item tiled-gallery-item-large\" itemprop=\"associatedMedia\" itemscope itemtype=\"http:\/\/schema.org\/ImageObject\"> <a href=\"https:\/\/eltrabajo.cl\/portal\/desalojaran-a-vecino-de-vivienda-en-propiedad-de-comite-futura-casa\/miguel-torres-4\/\" border=\"0\" itemprop=\"url\"> <meta itemprop=\"width\" content=\"316\"> <meta itemprop=\"height\" content=\"207\"> <img decoding=\"async\" class=\"\" data-attachment-id=\"59744\" data-orig-file=\"https:\/\/eltrabajo.cl\/portal\/wp-content\/uploads\/2015\/07\/Miguel-Torres.jpg\" data-orig-size=\"530,348\" data-comments-opened=\"1\" data-image-meta=\"{&quot;aperture&quot;:&quot;0&quot;,&quot;credit&quot;:&quot;&quot;,&quot;camera&quot;:&quot;&quot;,&quot;caption&quot;:&quot;&quot;,&quot;created_timestamp&quot;:&quot;0&quot;,&quot;copyright&quot;:&quot;&quot;,&quot;focal_length&quot;:&quot;0&quot;,&quot;iso&quot;:&quot;0&quot;,&quot;shutter_speed&quot;:&quot;0&quot;,&quot;title&quot;:&quot;&quot;,&quot;orientation&quot;:&quot;0&quot;}\" data-image-title=\"Miguel Torres\" data-image-description=\"&lt;p&gt;Miguel Torres, presidente del Comit\u00e9 Casa Futura.&lt;\/p&gt; \" data-medium-file=\"https:\/\/i0.wp.com\/eltrabajo.cl\/portal\/wp-content\/uploads\/2015\/07\/Miguel-Torres.jpg?fit=300%2C197&#038;ssl=1\" data-large-file=\"https:\/\/i0.wp.com\/eltrabajo.cl\/portal\/wp-content\/uploads\/2015\/07\/Miguel-Torres.jpg?fit=530%2C348&#038;ssl=1\" src=\"https:\/\/i0.wp.com\/eltrabajo.cl\/portal\/wp-content\/uploads\/2015\/07\/Miguel-Torres.jpg?w=316&#038;h=207&#038;ssl=1\" srcset=\"https:\/\/i0.wp.com\/eltrabajo.cl\/portal\/wp-content\/uploads\/2015\/07\/Miguel-Torres.jpg?w=530&amp;ssl=1 530w, https:\/\/i0.wp.com\/eltrabajo.cl\/portal\/wp-content\/uploads\/2015\/07\/Miguel-Torres.jpg?resize=200%2C131&amp;ssl=1 200w, https:\/\/i0.wp.com\/eltrabajo.cl\/portal\/wp-content\/uploads\/2015\/07\/Miguel-Torres.jpg?resize=300%2C197&amp;ssl=1 300w, https:\/\/i0.wp.com\/eltrabajo.cl\/portal\/wp-content\/uploads\/2015\/07\/Miguel-Torres.jpg?resize=228%2C150&amp;ssl=1 228w, https:\/\/i0.wp.com\/eltrabajo.cl\/portal\/wp-content\/uploads\/2015\/07\/Miguel-Torres.jpg?resize=400%2C263&amp;ssl=1 400w\" width=\"316\" height=\"207\" loading=\"lazy\" data-original-width=\"316\" data-original-height=\"207\" itemprop=\"http:\/\/schema.org\/image\" title=\"Miguel Torres\" alt=\"Miguel Torres, presidente del Comit\u00e9 Casa Futura.\" style=\"width: 316px; height: 207px;\" \/> <\/a> <div class=\"tiled-gallery-caption\" itemprop=\"caption description\"> Miguel Torres, presidente del Comit\u00e9 Casa Futura. <\/div> <\/div> <\/div> <!-- close group --> <\/div> <!-- close row --> <\/div>\n","protected":false},"excerpt":{"rendered":"<p>Don Sergio Irarraz\u00e1bal Valenzuela es un trabajador agr\u00edcola que tiene 42 a\u00f1os de vivir en una propiedad ubicada detr\u00e1s de la bencinera Terpel, sector Enc\u00f3n, propiamente ingresando a ella por villa Aguas&#8230;<\/p>\n","protected":false},"author":482,"featured_media":59743,"comment_status":"open","ping_status":"open","sticky":false,"template":"","format":"standard","meta":{"advanced_seo_description":"","jetpack_seo_html_title":"","jetpack_seo_noindex":false,"_jetpack_memberships_contains_paid_content":false,"footnotes":""},"categories":[15],"tags":[],"class_list":["post-59742","post","type-post","status-publish","format-standard","has-post-thumbnail","hentry","category-comunidad"],"jetpack_featured_media_url":"https:\/\/i0.wp.com\/eltrabajo.cl\/portal\/wp-content\/uploads\/2015\/07\/Casa1.jpg?fit=530%2C350&ssl=1","jetpack_sharing_enabled":true,"jetpack_likes_enabled":true,"jetpack-related-posts":[],"_links":{"self":[{"href":"https:\/\/eltrabajo.cl\/portal\/wp-json\/wp\/v2\/posts\/59742","targetHints":{"allow":["GET"]}}],"collection":[{"href":"https:\/\/eltrabajo.cl\/portal\/wp-json\/wp\/v2\/posts"}],"about":[{"href":"https:\/\/eltrabajo.cl\/portal\/wp-json\/wp\/v2\/types\/post"}],"author":[{"embeddable":true,"href":"https:\/\/eltrabajo.cl\/portal\/wp-json\/wp\/v2\/users\/482"}],"replies":[{"embeddable":true,"href":"https:\/\/eltrabajo.cl\/portal\/wp-json\/wp\/v2\/comments?post=59742"}],"version-history":[{"count":0,"href":"https:\/\/eltrabajo.cl\/portal\/wp-json\/wp\/v2\/posts\/59742\/revisions"}],"wp:featuredmedia":[{"embeddable":true,"href":"https:\/\/eltrabajo.cl\/portal\/wp-json\/wp\/v2\/media\/59743"}],"wp:attachment":[{"href":"https:\/\/eltrabajo.cl\/portal\/wp-json\/wp\/v2\/media?parent=59742"}],"wp:term":[{"taxonomy":"category","embeddable":true,"href":"https:\/\/eltrabajo.cl\/portal\/wp-json\/wp\/v2\/categories?post=59742"},{"taxonomy":"post_tag","embeddable":true,"href":"https:\/\/eltrabajo.cl\/portal\/wp-json\/wp\/v2\/tags?post=59742"}],"curies":[{"name":"wp","href":"https:\/\/api.w.org\/{rel}","templated":true}]}}