{"id":59750,"date":"2015-07-08T09:10:56","date_gmt":"2015-07-08T12:10:56","guid":{"rendered":"http:\/\/www.eltrabajo.cl\/portal\/?p=59750"},"modified":"2015-07-08T09:10:56","modified_gmt":"2015-07-08T12:10:56","slug":"conmemoran-dia-de-la-prevencion-del-consumo-de-drogas","status":"publish","type":"post","link":"https:\/\/eltrabajo.cl\/portal\/conmemoran-dia-de-la-prevencion-del-consumo-de-drogas\/","title":{"rendered":"Conmemoran d\u00eda de la prevenci\u00f3n del consumo de drogas"},"content":{"rendered":"<figure id=\"attachment_59751\" aria-describedby=\"caption-attachment-59751\" style=\"width: 300px\" class=\"wp-caption alignleft\"><a href=\"https:\/\/i0.wp.com\/www.eltrabajo.cl\/portal\/wp-content\/uploads\/2015\/07\/Dia-de-la-prevencion-del-consumo-de-drogas.jpg\"><img data-recalc-dims=\"1\" loading=\"lazy\" decoding=\"async\" class=\"wp-image-59751 size-medium\" src=\"https:\/\/i0.wp.com\/www.eltrabajo.cl\/portal\/wp-content\/uploads\/2015\/07\/Dia-de-la-prevencion-del-consumo-de-drogas-300x197.jpg?resize=300%2C197\" alt=\"Estudiantes del Colegio California presentaron una obra de teatro que buscaba evidenciar los da\u00f1os que provoca el consumo de drogas.\" width=\"300\" height=\"197\" srcset=\"https:\/\/i0.wp.com\/eltrabajo.cl\/portal\/wp-content\/uploads\/2015\/07\/Dia-de-la-prevencion-del-consumo-de-drogas.jpg?resize=300%2C197&amp;ssl=1 300w, https:\/\/i0.wp.com\/eltrabajo.cl\/portal\/wp-content\/uploads\/2015\/07\/Dia-de-la-prevencion-del-consumo-de-drogas.jpg?resize=200%2C131&amp;ssl=1 200w, https:\/\/i0.wp.com\/eltrabajo.cl\/portal\/wp-content\/uploads\/2015\/07\/Dia-de-la-prevencion-del-consumo-de-drogas.jpg?resize=228%2C150&amp;ssl=1 228w, https:\/\/i0.wp.com\/eltrabajo.cl\/portal\/wp-content\/uploads\/2015\/07\/Dia-de-la-prevencion-del-consumo-de-drogas.jpg?resize=400%2C263&amp;ssl=1 400w, https:\/\/i0.wp.com\/eltrabajo.cl\/portal\/wp-content\/uploads\/2015\/07\/Dia-de-la-prevencion-del-consumo-de-drogas.jpg?w=530&amp;ssl=1 530w\" sizes=\"auto, (max-width: 300px) 100vw, 300px\" \/><\/a><figcaption id=\"caption-attachment-59751\" class=\"wp-caption-text\">Estudiantes del Colegio California presentaron una obra de teatro que buscaba evidenciar los da\u00f1os que provoca el consumo de drogas.<\/figcaption><\/figure>\n<p><strong>CATEMU.<\/strong>&#8211; Senda Previene celebr\u00f3 el d\u00eda de la prevenci\u00f3n del consumo de drogas el pasado lunes, junto al alcalde de Catemu, Boris Luksic, en el frontis de la municipalidad de la comuna haciendo participes a diferentes instituciones y actores de la comunidad.<br \/>\nEsta actividad cont\u00f3 con la presencia de alumnos de diversos establecimientos, el sargento de Carabineros de Catemu, Carlos Apablaza, el Director del Liceo Polivalente Chagres, Fernando Silva, los concejales Aurora Medina y Carlos Meneses; y profesores del Colegio California.<br \/>\nDurante la celebraci\u00f3n se entregaron mensajes alusivos a la prevenci\u00f3n del consumo de drogas y se inst\u00f3 a los alumnos a llevar una vida sana, aprovechando las instancias y espacios que hay disponibles para ellos.<br \/>\nLuego el Colegio California present\u00f3 una obra de teatro, enfocada en los da\u00f1os que el consumo de drogas produce en los j\u00f3venes lo que afecta directa o indirectamente al que est\u00e1 siendo consumidor y su entorno.<br \/>\nPosteriormente alumnos del Liceo Polivalente Chagres dieron cuenta de sus dotes art\u00edsticos interpretando canciones para los presentes.<br \/>\nLa coordinadora del Programa, Claudia Del Canto, entreg\u00f3 a los asistentes unos regalos con mensajes alusivos a la Prevenci\u00f3n de parte de Senda Previene Catemu.<\/p>\n","protected":false},"excerpt":{"rendered":"<p>CATEMU.&#8211; Senda Previene celebr\u00f3 el d\u00eda de la prevenci\u00f3n del consumo de drogas el pasado lunes, junto al alcalde de Catemu, Boris Luksic, en el frontis de la municipalidad de la comuna&#8230;<\/p>\n","protected":false},"author":482,"featured_media":59751,"comment_status":"open","ping_status":"open","sticky":false,"template":"","format":"standard","meta":{"advanced_seo_description":"","jetpack_seo_html_title":"","jetpack_seo_noindex":false,"_jetpack_memberships_contains_paid_content":false,"footnotes":""},"categories":[15],"tags":[],"class_list":["post-59750","post","type-post","status-publish","format-standard","has-post-thumbnail","hentry","category-comunidad"],"jetpack_featured_media_url":"https:\/\/i0.wp.com\/eltrabajo.cl\/portal\/wp-content\/uploads\/2015\/07\/Dia-de-la-prevencion-del-consumo-de-drogas.jpg?fit=530%2C348&ssl=1","jetpack_sharing_enabled":true,"jetpack_likes_enabled":true,"jetpack-related-posts":[],"_links":{"self":[{"href":"https:\/\/eltrabajo.cl\/portal\/wp-json\/wp\/v2\/posts\/59750","targetHints":{"allow":["GET"]}}],"collection":[{"href":"https:\/\/eltrabajo.cl\/portal\/wp-json\/wp\/v2\/posts"}],"about":[{"href":"https:\/\/eltrabajo.cl\/portal\/wp-json\/wp\/v2\/types\/post"}],"author":[{"embeddable":true,"href":"https:\/\/eltrabajo.cl\/portal\/wp-json\/wp\/v2\/users\/482"}],"replies":[{"embeddable":true,"href":"https:\/\/eltrabajo.cl\/portal\/wp-json\/wp\/v2\/comments?post=59750"}],"version-history":[{"count":0,"href":"https:\/\/eltrabajo.cl\/portal\/wp-json\/wp\/v2\/posts\/59750\/revisions"}],"wp:featuredmedia":[{"embeddable":true,"href":"https:\/\/eltrabajo.cl\/portal\/wp-json\/wp\/v2\/media\/59751"}],"wp:attachment":[{"href":"https:\/\/eltrabajo.cl\/portal\/wp-json\/wp\/v2\/media?parent=59750"}],"wp:term":[{"taxonomy":"category","embeddable":true,"href":"https:\/\/eltrabajo.cl\/portal\/wp-json\/wp\/v2\/categories?post=59750"},{"taxonomy":"post_tag","embeddable":true,"href":"https:\/\/eltrabajo.cl\/portal\/wp-json\/wp\/v2\/tags?post=59750"}],"curies":[{"name":"wp","href":"https:\/\/api.w.org\/{rel}","templated":true}]}}