{"id":59753,"date":"2015-07-08T09:11:59","date_gmt":"2015-07-08T12:11:59","guid":{"rendered":"http:\/\/www.eltrabajo.cl\/portal\/?p=59753"},"modified":"2015-07-08T09:11:59","modified_gmt":"2015-07-08T12:11:59","slug":"jovenes-en-situacion-de-discapacidad-realizan-practica-de-mas-capaz-en-ptla","status":"publish","type":"post","link":"https:\/\/eltrabajo.cl\/portal\/jovenes-en-situacion-de-discapacidad-realizan-practica-de-mas-capaz-en-ptla\/","title":{"rendered":"J\u00f3venes en situaci\u00f3n de discapacidad realizan pr\u00e1ctica de M\u00e1s Capaz en PTLA"},"content":{"rendered":"<figure id=\"attachment_59754\" aria-describedby=\"caption-attachment-59754\" style=\"width: 300px\" class=\"wp-caption alignleft\"><a href=\"https:\/\/i0.wp.com\/www.eltrabajo.cl\/portal\/wp-content\/uploads\/2015\/07\/Capacitacion.jpg\"><img data-recalc-dims=\"1\" loading=\"lazy\" decoding=\"async\" class=\"wp-image-59754 size-medium\" src=\"https:\/\/i0.wp.com\/www.eltrabajo.cl\/portal\/wp-content\/uploads\/2015\/07\/Capacitacion-300x198.jpg?resize=300%2C198\" alt=\"La gobernadora Mar\u00eda Victoria Rodr\u00edguez junto a diez j\u00f3venes que se encuentran realizando la pr\u00e1ctica del curso \u2018Tramitaci\u00f3n de Despacho Aduanero\u2019 en el Puerto Terrestre Los Andes.\" width=\"300\" height=\"198\" srcset=\"https:\/\/i0.wp.com\/eltrabajo.cl\/portal\/wp-content\/uploads\/2015\/07\/Capacitacion.jpg?resize=300%2C198&amp;ssl=1 300w, https:\/\/i0.wp.com\/eltrabajo.cl\/portal\/wp-content\/uploads\/2015\/07\/Capacitacion.jpg?resize=200%2C132&amp;ssl=1 200w, https:\/\/i0.wp.com\/eltrabajo.cl\/portal\/wp-content\/uploads\/2015\/07\/Capacitacion.jpg?resize=227%2C150&amp;ssl=1 227w, https:\/\/i0.wp.com\/eltrabajo.cl\/portal\/wp-content\/uploads\/2015\/07\/Capacitacion.jpg?resize=400%2C264&amp;ssl=1 400w, https:\/\/i0.wp.com\/eltrabajo.cl\/portal\/wp-content\/uploads\/2015\/07\/Capacitacion.jpg?w=530&amp;ssl=1 530w\" sizes=\"auto, (max-width: 300px) 100vw, 300px\" \/><\/a><figcaption id=\"caption-attachment-59754\" class=\"wp-caption-text\">La gobernadora Mar\u00eda Victoria Rodr\u00edguez junto a diez j\u00f3venes que se encuentran realizando la pr\u00e1ctica del curso \u2018Tramitaci\u00f3n de Despacho Aduanero\u2019 en el Puerto Terrestre Los Andes.<\/figcaption><\/figure>\n<p><strong>LOS ANDES.<\/strong>&#8211; En el marco del programa de capacitaci\u00f3n e inserci\u00f3n laboral del Gobierno, M\u00e1s Capaz, diez j\u00f3venes en situaci\u00f3n de discapacidad se encuentran realizando la pr\u00e1ctica del curso \u2018Tramitaci\u00f3n de Despacho Aduanero\u2019 en el Puerto Terrestre Los Andes.<br \/>\nEste curso, impartido por el Organismo T\u00e9cnico de Capacitaci\u00f3n (OTEC) Nuevo Horizonte, inici\u00f3 su proceso lectivo en enero de este a\u00f1o y finaliz\u00f3 el pasado lunes 6 de julio con esta pr\u00e1ctica que permitir\u00e1 entregar mayores herramientas y oportunidades a los j\u00f3venes.<br \/>\nLa administradora de Aduana, Silvia Mack, servicio en el que se encuentran realizando las pr\u00e1cticas dentro del PTLA, ha mostrado una preocupaci\u00f3n por brindar oportunidades a estas personas, diciendo que \u201csu responsabilidad es incre\u00edble, ya que demuestran que son muy capaces de realizar lo que sea. Nos han ense\u00f1ado a trabajar con una mirada m\u00e1s positiva\u201d.<br \/>\nPor su parte, el director regional de Sence, Esteban Vega, al enterarse de esta visita, tambi\u00e9n dirigi\u00f3 unas palabras para el grupo.<br \/>\n\u201cFelicitamos a los alumnos del curso de tramitaci\u00f3n del despacho aduanero en la comuna de los Andes por asumir con excelencia la fase lectiva y de pr\u00e1ctica laboral de este plan formativo, que es parte de los esfuerzos de +Capaz por ampliar las oportunidades a miles de chilenos, tal como plantea el mandato de la Presidenta Michelle Bachelet\u201d, expres\u00f3 el director.<br \/>\nEste curso tuvo un financiamiento de 25 millones 400 mil pesos que permiti\u00f3 que diferentes personas en situaci\u00f3n de discapacidad que se han acercado a las OMIL de los municipios de la provincia puedan acceder a nuevos espacios de pr\u00e1ctica laboral mediante este programa, una de las primeras medidas del Gobierno de la Presidenta Michelle Bachelet.<\/p>\n","protected":false},"excerpt":{"rendered":"<p>LOS ANDES.&#8211; En el marco del programa de capacitaci\u00f3n e inserci\u00f3n laboral del Gobierno, M\u00e1s Capaz, diez j\u00f3venes en situaci\u00f3n de discapacidad se encuentran realizando la pr\u00e1ctica del curso \u2018Tramitaci\u00f3n de Despacho&#8230;<\/p>\n","protected":false},"author":482,"featured_media":59754,"comment_status":"open","ping_status":"open","sticky":false,"template":"","format":"standard","meta":{"advanced_seo_description":"","jetpack_seo_html_title":"","jetpack_seo_noindex":false,"_jetpack_memberships_contains_paid_content":false,"footnotes":""},"categories":[15],"tags":[],"class_list":["post-59753","post","type-post","status-publish","format-standard","has-post-thumbnail","hentry","category-comunidad"],"jetpack_featured_media_url":"https:\/\/i0.wp.com\/eltrabajo.cl\/portal\/wp-content\/uploads\/2015\/07\/Capacitacion.jpg?fit=530%2C350&ssl=1","jetpack_sharing_enabled":true,"jetpack_likes_enabled":true,"jetpack-related-posts":[],"_links":{"self":[{"href":"https:\/\/eltrabajo.cl\/portal\/wp-json\/wp\/v2\/posts\/59753","targetHints":{"allow":["GET"]}}],"collection":[{"href":"https:\/\/eltrabajo.cl\/portal\/wp-json\/wp\/v2\/posts"}],"about":[{"href":"https:\/\/eltrabajo.cl\/portal\/wp-json\/wp\/v2\/types\/post"}],"author":[{"embeddable":true,"href":"https:\/\/eltrabajo.cl\/portal\/wp-json\/wp\/v2\/users\/482"}],"replies":[{"embeddable":true,"href":"https:\/\/eltrabajo.cl\/portal\/wp-json\/wp\/v2\/comments?post=59753"}],"version-history":[{"count":0,"href":"https:\/\/eltrabajo.cl\/portal\/wp-json\/wp\/v2\/posts\/59753\/revisions"}],"wp:featuredmedia":[{"embeddable":true,"href":"https:\/\/eltrabajo.cl\/portal\/wp-json\/wp\/v2\/media\/59754"}],"wp:attachment":[{"href":"https:\/\/eltrabajo.cl\/portal\/wp-json\/wp\/v2\/media?parent=59753"}],"wp:term":[{"taxonomy":"category","embeddable":true,"href":"https:\/\/eltrabajo.cl\/portal\/wp-json\/wp\/v2\/categories?post=59753"},{"taxonomy":"post_tag","embeddable":true,"href":"https:\/\/eltrabajo.cl\/portal\/wp-json\/wp\/v2\/tags?post=59753"}],"curies":[{"name":"wp","href":"https:\/\/api.w.org\/{rel}","templated":true}]}}