{"id":59757,"date":"2015-07-08T09:13:59","date_gmt":"2015-07-08T12:13:59","guid":{"rendered":"http:\/\/www.eltrabajo.cl\/portal\/?p=59757"},"modified":"2015-07-08T09:13:59","modified_gmt":"2015-07-08T12:13:59","slug":"lanzan-campana-invierno-en-el-cesfam-segismundo-iturra","status":"publish","type":"post","link":"https:\/\/eltrabajo.cl\/portal\/lanzan-campana-invierno-en-el-cesfam-segismundo-iturra\/","title":{"rendered":"Lanzan Campa\u00f1a Invierno en el Cesfam Segismundo Iturra"},"content":{"rendered":"<figure id=\"attachment_59758\" aria-describedby=\"caption-attachment-59758\" style=\"width: 300px\" class=\"wp-caption alignleft\"><a href=\"https:\/\/i0.wp.com\/www.eltrabajo.cl\/portal\/wp-content\/uploads\/2015\/07\/Salud1.jpg\"><img data-recalc-dims=\"1\" loading=\"lazy\" decoding=\"async\" class=\"wp-image-59758 size-medium\" src=\"https:\/\/i0.wp.com\/www.eltrabajo.cl\/portal\/wp-content\/uploads\/2015\/07\/Salud1-300x198.jpg?resize=300%2C198\" alt=\"SIGUE LA CAMPA\u00d1A.- La directora del Servicio de Salud en Aconcagua, Dra. Vilma Olave, fue quien relanz\u00f3 esta campa\u00f1a, a la vez que reparti\u00f3 a los usuarios varios tr\u00edpticos informativos con recomendaciones importantes.\" width=\"300\" height=\"198\" srcset=\"https:\/\/i0.wp.com\/eltrabajo.cl\/portal\/wp-content\/uploads\/2015\/07\/Salud1.jpg?resize=300%2C198&amp;ssl=1 300w, https:\/\/i0.wp.com\/eltrabajo.cl\/portal\/wp-content\/uploads\/2015\/07\/Salud1.jpg?resize=200%2C132&amp;ssl=1 200w, https:\/\/i0.wp.com\/eltrabajo.cl\/portal\/wp-content\/uploads\/2015\/07\/Salud1.jpg?resize=227%2C150&amp;ssl=1 227w, https:\/\/i0.wp.com\/eltrabajo.cl\/portal\/wp-content\/uploads\/2015\/07\/Salud1.jpg?resize=400%2C264&amp;ssl=1 400w, https:\/\/i0.wp.com\/eltrabajo.cl\/portal\/wp-content\/uploads\/2015\/07\/Salud1.jpg?w=530&amp;ssl=1 530w\" sizes=\"auto, (max-width: 300px) 100vw, 300px\" \/><\/a><figcaption id=\"caption-attachment-59758\" class=\"wp-caption-text\">SIGUE LA CAMPA\u00d1A.- La directora del Servicio de Salud en Aconcagua, Dra. Vilma Olave, fue quien relanz\u00f3 esta campa\u00f1a, a la vez que reparti\u00f3 a los usuarios varios tr\u00edpticos informativos con recomendaciones importantes.<\/figcaption><\/figure>\n<p>La ma\u00f1ana de este martes en el Cesfam Segismundo Iturra de San Felipe, el Servicio de Salud Aconcagua present\u00f3 a los medios locales los avances obtenidos en la Campa\u00f1a Invierno, luego que en mayo se diera el Vamos a esta jornada anual en la parte preventiva.<\/p>\n<p><strong>SIGUE CAMPA\u00d1A<\/strong><br \/>\nLa directora del Servicio de Salud en Aconcagua, Dra. Vilma Olave, fue quien relanz\u00f3 esta campa\u00f1a, a la vez que reparti\u00f3 a los usuarios varios tr\u00edpticos informativos con recomendaciones importantes.<br \/>\n\u00abEstamos hoy cerrando una etapa de la Campa\u00f1a Invierno, que era la de vacunaci\u00f3n, que tiene mucho que ver con la prevenci\u00f3n, ahora iniciamos la etapa de atenci\u00f3n a pacientes que presentan cuadros respiratorios, durante 2015 estamos disponiendo con un 36% m\u00e1s de recursos que los anteriores. Contamos con un aporte de m\u00e1s de $46 millones en recursos, medicamentos y personal para el periodo julio-septiembre\u00bb, dijo Olave a los medios.<br \/>\nEn relaci\u00f3n al uso de los recursos existentes y las edades de las personas a las que va dirigida esta campa\u00f1a, Olave agreg\u00f3 que \u00abestos recursos se ver\u00e1n reflejados en mejor apoyo en horas laboratorio; Servicio de Urgencias; Sapus; horas m\u00e9dicas y kinesiolog\u00eda. Respecto a los d\u00edas que dure esta campa\u00f1a, es importante recordar que los ni\u00f1os entre seis a\u00f1os y trece a\u00f1os; as\u00ed como a los adultos entre 50 y 54 a\u00f1os sin enfermedades cr\u00f3nicas, se deben vacunar aprovechando esta campa\u00f1a, estamos en un a\u00f1o completamente normal no epid\u00e9mico\u00bb.<\/p>\n<p><strong>METAS LOGRADAS<\/strong><br \/>\nEl frente operativo en esta campa\u00f1a, estuvo activo desde los Cesfam Cordillera Andina; San Esteban; Jorge Ahumada Lemus; Llay Llay; Segismundo Iturra; San Felipe El Real y Centenario.<br \/>\nMario M\u00e9ndez, Jefe de la Oficina Aconcagua de la Seremi de Salud y quien acompa\u00f1\u00f3 a la Dra. Olave en este relanzamiento de la campa\u00f1a, explic\u00f3 por su parte que \u00ablas cifras registradas en esta campa\u00f1a de invierno son muy positivas, pues hemos logrado hasta un 90% en nuestro cumplimiento de metas en las diez comunas del valle, gracias a los aconcag\u00fcinos que se acercaron a nuestros centros de salud. A\u00fan quedan disponibles vacunas, los vecinos todav\u00eda se pueden acercar a nuestros centros de salud\u00bb.<br \/>\n<strong>Roberto Gonz\u00e1lez Short<\/strong><br \/>\n<strong>rgonzalez@eltrabajo.cl<\/strong><\/p>\n<div class=\"tiled-gallery type-rectangular tiled-gallery-unresized\" data-original-width=\"640\" data-carousel-extra='null' itemscope itemtype=\"http:\/\/schema.org\/ImageGallery\" > <div class=\"gallery-row\" style=\"width: 640px; height: 211px;\" data-original-width=\"640\" data-original-height=\"211\" > <div class=\"gallery-group images-1\" style=\"width: 320px; height: 211px;\" data-original-width=\"320\" data-original-height=\"211\" > <div class=\"tiled-gallery-item tiled-gallery-item-large\" itemprop=\"associatedMedia\" itemscope itemtype=\"http:\/\/schema.org\/ImageObject\"> <a href=\"https:\/\/eltrabajo.cl\/portal\/lanzan-campana-invierno-en-el-cesfam-segismundo-iturra\/mario-mendez\/\" border=\"0\" itemprop=\"url\"> <meta itemprop=\"width\" content=\"316\"> <meta itemprop=\"height\" content=\"207\"> <img decoding=\"async\" class=\"\" data-attachment-id=\"59759\" data-orig-file=\"https:\/\/eltrabajo.cl\/portal\/wp-content\/uploads\/2015\/07\/Mario-Mendez.jpg\" data-orig-size=\"530,348\" data-comments-opened=\"1\" data-image-meta=\"{&quot;aperture&quot;:&quot;0&quot;,&quot;credit&quot;:&quot;&quot;,&quot;camera&quot;:&quot;&quot;,&quot;caption&quot;:&quot;&quot;,&quot;created_timestamp&quot;:&quot;0&quot;,&quot;copyright&quot;:&quot;&quot;,&quot;focal_length&quot;:&quot;0&quot;,&quot;iso&quot;:&quot;0&quot;,&quot;shutter_speed&quot;:&quot;0&quot;,&quot;title&quot;:&quot;&quot;,&quot;orientation&quot;:&quot;0&quot;}\" data-image-title=\"Mario Mendez\" data-image-description=\"&lt;p&gt;Mario M\u00e9ndez, Jefe de la Oficina Aconcagua de la Seremi de Salud.&lt;\/p&gt; \" data-medium-file=\"https:\/\/i0.wp.com\/eltrabajo.cl\/portal\/wp-content\/uploads\/2015\/07\/Mario-Mendez.jpg?fit=300%2C197&#038;ssl=1\" data-large-file=\"https:\/\/i0.wp.com\/eltrabajo.cl\/portal\/wp-content\/uploads\/2015\/07\/Mario-Mendez.jpg?fit=530%2C348&#038;ssl=1\" src=\"https:\/\/i0.wp.com\/eltrabajo.cl\/portal\/wp-content\/uploads\/2015\/07\/Mario-Mendez.jpg?w=316&#038;h=207&#038;ssl=1\" srcset=\"https:\/\/i0.wp.com\/eltrabajo.cl\/portal\/wp-content\/uploads\/2015\/07\/Mario-Mendez.jpg?w=530&amp;ssl=1 530w, https:\/\/i0.wp.com\/eltrabajo.cl\/portal\/wp-content\/uploads\/2015\/07\/Mario-Mendez.jpg?resize=200%2C131&amp;ssl=1 200w, https:\/\/i0.wp.com\/eltrabajo.cl\/portal\/wp-content\/uploads\/2015\/07\/Mario-Mendez.jpg?resize=300%2C197&amp;ssl=1 300w, https:\/\/i0.wp.com\/eltrabajo.cl\/portal\/wp-content\/uploads\/2015\/07\/Mario-Mendez.jpg?resize=228%2C150&amp;ssl=1 228w, https:\/\/i0.wp.com\/eltrabajo.cl\/portal\/wp-content\/uploads\/2015\/07\/Mario-Mendez.jpg?resize=400%2C263&amp;ssl=1 400w\" width=\"316\" height=\"207\" loading=\"lazy\" data-original-width=\"316\" data-original-height=\"207\" itemprop=\"http:\/\/schema.org\/image\" title=\"Mario Mendez\" alt=\"Mario M\u00e9ndez, Jefe de la Oficina Aconcagua de la Seremi de Salud.\" style=\"width: 316px; height: 207px;\" \/> <\/a> <div class=\"tiled-gallery-caption\" itemprop=\"caption description\"> Mario M\u00e9ndez, Jefe de la Oficina Aconcagua de la Seremi de Salud. <\/div> <\/div> <\/div> <!-- close group --> <div class=\"gallery-group images-1\" style=\"width: 320px; height: 211px;\" data-original-width=\"320\" data-original-height=\"211\" > <div class=\"tiled-gallery-item tiled-gallery-item-large\" itemprop=\"associatedMedia\" itemscope itemtype=\"http:\/\/schema.org\/ImageObject\"> <a href=\"https:\/\/eltrabajo.cl\/portal\/lanzan-campana-invierno-en-el-cesfam-segismundo-iturra\/vilma-olave-2\/\" border=\"0\" itemprop=\"url\"> <meta itemprop=\"width\" content=\"316\"> <meta itemprop=\"height\" content=\"207\"> <img decoding=\"async\" class=\"\" data-attachment-id=\"59760\" data-orig-file=\"https:\/\/eltrabajo.cl\/portal\/wp-content\/uploads\/2015\/07\/Vilma-Olave.jpg\" data-orig-size=\"530,348\" data-comments-opened=\"1\" data-image-meta=\"{&quot;aperture&quot;:&quot;0&quot;,&quot;credit&quot;:&quot;&quot;,&quot;camera&quot;:&quot;&quot;,&quot;caption&quot;:&quot;&quot;,&quot;created_timestamp&quot;:&quot;0&quot;,&quot;copyright&quot;:&quot;&quot;,&quot;focal_length&quot;:&quot;0&quot;,&quot;iso&quot;:&quot;0&quot;,&quot;shutter_speed&quot;:&quot;0&quot;,&quot;title&quot;:&quot;&quot;,&quot;orientation&quot;:&quot;0&quot;}\" data-image-title=\"Vilma Olave\" data-image-description=\"&lt;p&gt;Directora del Servicio de Salud en Aconcagua, Dra. Vilma Olave.&lt;\/p&gt; \" data-medium-file=\"https:\/\/i0.wp.com\/eltrabajo.cl\/portal\/wp-content\/uploads\/2015\/07\/Vilma-Olave.jpg?fit=300%2C197&#038;ssl=1\" data-large-file=\"https:\/\/i0.wp.com\/eltrabajo.cl\/portal\/wp-content\/uploads\/2015\/07\/Vilma-Olave.jpg?fit=530%2C348&#038;ssl=1\" src=\"https:\/\/i0.wp.com\/eltrabajo.cl\/portal\/wp-content\/uploads\/2015\/07\/Vilma-Olave.jpg?w=316&#038;h=207&#038;ssl=1\" srcset=\"https:\/\/i0.wp.com\/eltrabajo.cl\/portal\/wp-content\/uploads\/2015\/07\/Vilma-Olave.jpg?w=530&amp;ssl=1 530w, https:\/\/i0.wp.com\/eltrabajo.cl\/portal\/wp-content\/uploads\/2015\/07\/Vilma-Olave.jpg?resize=200%2C131&amp;ssl=1 200w, https:\/\/i0.wp.com\/eltrabajo.cl\/portal\/wp-content\/uploads\/2015\/07\/Vilma-Olave.jpg?resize=300%2C197&amp;ssl=1 300w, https:\/\/i0.wp.com\/eltrabajo.cl\/portal\/wp-content\/uploads\/2015\/07\/Vilma-Olave.jpg?resize=228%2C150&amp;ssl=1 228w, https:\/\/i0.wp.com\/eltrabajo.cl\/portal\/wp-content\/uploads\/2015\/07\/Vilma-Olave.jpg?resize=400%2C263&amp;ssl=1 400w\" width=\"316\" height=\"207\" loading=\"lazy\" data-original-width=\"316\" data-original-height=\"207\" itemprop=\"http:\/\/schema.org\/image\" title=\"Vilma Olave\" alt=\"Directora del Servicio de Salud en Aconcagua, Dra. Vilma Olave.\" style=\"width: 316px; height: 207px;\" \/> <\/a> <div class=\"tiled-gallery-caption\" itemprop=\"caption description\"> Directora del Servicio de Salud en Aconcagua, Dra. Vilma Olave. <\/div> <\/div> <\/div> <!-- close group --> <\/div> <!-- close row --> <\/div>\n","protected":false},"excerpt":{"rendered":"<p>La ma\u00f1ana de este martes en el Cesfam Segismundo Iturra de San Felipe, el Servicio de Salud Aconcagua present\u00f3 a los medios locales los avances obtenidos en la Campa\u00f1a Invierno, luego que&#8230;<\/p>\n","protected":false},"author":482,"featured_media":59758,"comment_status":"open","ping_status":"open","sticky":false,"template":"","format":"standard","meta":{"advanced_seo_description":"","jetpack_seo_html_title":"","jetpack_seo_noindex":false,"_jetpack_memberships_contains_paid_content":false,"footnotes":""},"categories":[15],"tags":[],"class_list":["post-59757","post","type-post","status-publish","format-standard","has-post-thumbnail","hentry","category-comunidad"],"jetpack_featured_media_url":"https:\/\/i0.wp.com\/eltrabajo.cl\/portal\/wp-content\/uploads\/2015\/07\/Salud1.jpg?fit=530%2C350&ssl=1","jetpack_sharing_enabled":true,"jetpack_likes_enabled":true,"jetpack-related-posts":[],"_links":{"self":[{"href":"https:\/\/eltrabajo.cl\/portal\/wp-json\/wp\/v2\/posts\/59757","targetHints":{"allow":["GET"]}}],"collection":[{"href":"https:\/\/eltrabajo.cl\/portal\/wp-json\/wp\/v2\/posts"}],"about":[{"href":"https:\/\/eltrabajo.cl\/portal\/wp-json\/wp\/v2\/types\/post"}],"author":[{"embeddable":true,"href":"https:\/\/eltrabajo.cl\/portal\/wp-json\/wp\/v2\/users\/482"}],"replies":[{"embeddable":true,"href":"https:\/\/eltrabajo.cl\/portal\/wp-json\/wp\/v2\/comments?post=59757"}],"version-history":[{"count":0,"href":"https:\/\/eltrabajo.cl\/portal\/wp-json\/wp\/v2\/posts\/59757\/revisions"}],"wp:featuredmedia":[{"embeddable":true,"href":"https:\/\/eltrabajo.cl\/portal\/wp-json\/wp\/v2\/media\/59758"}],"wp:attachment":[{"href":"https:\/\/eltrabajo.cl\/portal\/wp-json\/wp\/v2\/media?parent=59757"}],"wp:term":[{"taxonomy":"category","embeddable":true,"href":"https:\/\/eltrabajo.cl\/portal\/wp-json\/wp\/v2\/categories?post=59757"},{"taxonomy":"post_tag","embeddable":true,"href":"https:\/\/eltrabajo.cl\/portal\/wp-json\/wp\/v2\/tags?post=59757"}],"curies":[{"name":"wp","href":"https:\/\/api.w.org\/{rel}","templated":true}]}}