{"id":59777,"date":"2015-07-08T09:23:13","date_gmt":"2015-07-08T12:23:13","guid":{"rendered":"http:\/\/www.eltrabajo.cl\/portal\/?p=59777"},"modified":"2015-07-08T09:23:13","modified_gmt":"2015-07-08T12:23:13","slug":"ola-de-robos-en-hormiguitas-de-aconcagua-aun-no-se-detiene","status":"publish","type":"post","link":"https:\/\/eltrabajo.cl\/portal\/ola-de-robos-en-hormiguitas-de-aconcagua-aun-no-se-detiene\/","title":{"rendered":"Ola de robos en \u2018Hormiguitas de Aconcagua\u2019 a\u00fan no se detiene"},"content":{"rendered":"<figure id=\"attachment_59778\" aria-describedby=\"caption-attachment-59778\" style=\"width: 300px\" class=\"wp-caption alignleft\"><a href=\"https:\/\/i0.wp.com\/www.eltrabajo.cl\/portal\/wp-content\/uploads\/2015\/07\/Ladron1.jpg\"><img data-recalc-dims=\"1\" loading=\"lazy\" decoding=\"async\" class=\"wp-image-59778 size-medium\" src=\"https:\/\/i0.wp.com\/www.eltrabajo.cl\/portal\/wp-content\/uploads\/2015\/07\/Ladron1-300x197.jpg?resize=300%2C197\" alt=\"NO M\u00c1S ROBOS.- Varias parvularias y apoderadas del Jard\u00edn Infantil Hormiguitas de Aconcagua, mostraron a Diario El Trabajo su indignaci\u00f3n por los frecuentes robos en su jard\u00edn.\" width=\"300\" height=\"197\" srcset=\"https:\/\/i0.wp.com\/eltrabajo.cl\/portal\/wp-content\/uploads\/2015\/07\/Ladron1.jpg?resize=300%2C197&amp;ssl=1 300w, https:\/\/i0.wp.com\/eltrabajo.cl\/portal\/wp-content\/uploads\/2015\/07\/Ladron1.jpg?resize=200%2C131&amp;ssl=1 200w, https:\/\/i0.wp.com\/eltrabajo.cl\/portal\/wp-content\/uploads\/2015\/07\/Ladron1.jpg?resize=228%2C150&amp;ssl=1 228w, https:\/\/i0.wp.com\/eltrabajo.cl\/portal\/wp-content\/uploads\/2015\/07\/Ladron1.jpg?resize=400%2C263&amp;ssl=1 400w, https:\/\/i0.wp.com\/eltrabajo.cl\/portal\/wp-content\/uploads\/2015\/07\/Ladron1.jpg?w=530&amp;ssl=1 530w\" sizes=\"auto, (max-width: 300px) 100vw, 300px\" \/><\/a><figcaption id=\"caption-attachment-59778\" class=\"wp-caption-text\">NO M\u00c1S ROBOS.- Varias parvularias y apoderadas del Jard\u00edn Infantil Hormiguitas de Aconcagua, mostraron a Diario El Trabajo su indignaci\u00f3n por los frecuentes robos en su jard\u00edn.<\/figcaption><\/figure>\n<p>Los 220 peque\u00f1itos que diariamente reciben su alimentaci\u00f3n en el Jard\u00edn Infantil Hormiguitas de Aconcagua en poblaci\u00f3n Manso de Velasco, se quedaron sin sus alimentos la semana pasada, luego que varios ladrones ingresaran nuevamente a la propiedad, siendo esta ocasi\u00f3n el blanco de sus ataques la bodega de alimentos del jard\u00edn parvulario.<br \/>\n\u00abSe llevaron toda la leche de los ni\u00f1os; la carne; el az\u00facar; las papas y hasta la estufa. En otra ocasi\u00f3n se llevaron varios radios; los cilindros de gas y material did\u00e1ctico, es por eso que iniciamos una campa\u00f1a interna, que a la vez es p\u00fablica, para anunciar a los ladrones que ya estamos hartas nosotras como parvularias y los apoderados tambi\u00e9n, de tantas visitas ingratas al jard\u00edn\u00bb, explic\u00f3 a Diario El Trabajo la directora de Hormiguitas de Aconcagua, Sandra Saavedra.<\/p>\n<p><strong>TODOS ALERTA<\/strong><br \/>\nLa idea de estas funcionarias al colocar pancartas en el port\u00f3n principal del jard\u00edn y en los alrededores de la propiedad, es propiamente advertir a los vecinos de la ola de robos en ese lugar, para que tambi\u00e9n ellos conozcan el problema y den aviso a Carabineros ante cualquier desconocido en el sector o dentro del jard\u00edn en horario no laboral.<br \/>\n\u00abNosotras como parvularias siempre seguimos atendiendo a los ni\u00f1os, la empresa encargada de los alimentos, en este caso la empresa Salud y Vida, se han hecho responsables de la reposici\u00f3n de los alimentos, Fundaci\u00f3n Integra tambi\u00e9n ha hecho lo suyo al realizar las reparaciones necesarios, tambi\u00e9n este mi\u00e9rcoles se estar\u00e1 instalando un sistema de alarmas en cada sal\u00f3n del jard\u00edn\u00bb, agreg\u00f3 Saavedra.<br \/>\nEste centro infantil s\u00f3lo en el mes de julio de 2013, fue visitado siete veces por los amigos de lo ajeno, en lo que va de 2015 ya han sido varias los robos cometidos.<br \/>\n<strong>Roberto Gonz\u00e1lez Short<\/strong><br \/>\n<strong>rgonzalez@eltrabajo.cl<\/strong><\/p>\n<div class=\"tiled-gallery type-rectangular tiled-gallery-unresized\" data-original-width=\"640\" data-carousel-extra='null' itemscope itemtype=\"http:\/\/schema.org\/ImageGallery\" > <div class=\"gallery-row\" style=\"width: 640px; height: 283px;\" data-original-width=\"640\" data-original-height=\"283\" > <div class=\"gallery-group images-1\" style=\"width: 427px; height: 283px;\" data-original-width=\"427\" data-original-height=\"283\" > <div class=\"tiled-gallery-item tiled-gallery-item-large\" itemprop=\"associatedMedia\" itemscope itemtype=\"http:\/\/schema.org\/ImageObject\"> <a href=\"https:\/\/eltrabajo.cl\/portal\/ola-de-robos-en-hormiguitas-de-aconcagua-aun-no-se-detiene\/alimentos1-3\/\" border=\"0\" itemprop=\"url\"> <meta itemprop=\"width\" content=\"423\"> <meta itemprop=\"height\" content=\"279\"> <img decoding=\"async\" class=\"\" data-attachment-id=\"59779\" data-orig-file=\"https:\/\/eltrabajo.cl\/portal\/wp-content\/uploads\/2015\/07\/Alimentos1.jpg\" data-orig-size=\"530,350\" data-comments-opened=\"1\" data-image-meta=\"{&quot;aperture&quot;:&quot;0&quot;,&quot;credit&quot;:&quot;&quot;,&quot;camera&quot;:&quot;&quot;,&quot;caption&quot;:&quot;&quot;,&quot;created_timestamp&quot;:&quot;0&quot;,&quot;copyright&quot;:&quot;&quot;,&quot;focal_length&quot;:&quot;0&quot;,&quot;iso&quot;:&quot;0&quot;,&quot;shutter_speed&quot;:&quot;0&quot;,&quot;title&quot;:&quot;&quot;,&quot;orientation&quot;:&quot;0&quot;}\" data-image-title=\"Alimentos1\" data-image-description=\"&lt;p&gt;SAGRADOS ALIMENTOS.- Sandra Quiroz, Sandra Saavedra y Cecilia Ponce, muestran a nuestro medio la bodega de alimentos ya con recursos, luego que hace pocos d\u00edas quedara vac\u00eda tras un nuevo robo.&lt;\/p&gt; \" data-medium-file=\"https:\/\/i0.wp.com\/eltrabajo.cl\/portal\/wp-content\/uploads\/2015\/07\/Alimentos1.jpg?fit=300%2C198&#038;ssl=1\" data-large-file=\"https:\/\/i0.wp.com\/eltrabajo.cl\/portal\/wp-content\/uploads\/2015\/07\/Alimentos1.jpg?fit=530%2C350&#038;ssl=1\" src=\"https:\/\/i0.wp.com\/eltrabajo.cl\/portal\/wp-content\/uploads\/2015\/07\/Alimentos1.jpg?w=423&#038;h=279&#038;ssl=1\" srcset=\"https:\/\/i0.wp.com\/eltrabajo.cl\/portal\/wp-content\/uploads\/2015\/07\/Alimentos1.jpg?w=530&amp;ssl=1 530w, https:\/\/i0.wp.com\/eltrabajo.cl\/portal\/wp-content\/uploads\/2015\/07\/Alimentos1.jpg?resize=200%2C132&amp;ssl=1 200w, https:\/\/i0.wp.com\/eltrabajo.cl\/portal\/wp-content\/uploads\/2015\/07\/Alimentos1.jpg?resize=300%2C198&amp;ssl=1 300w, https:\/\/i0.wp.com\/eltrabajo.cl\/portal\/wp-content\/uploads\/2015\/07\/Alimentos1.jpg?resize=227%2C150&amp;ssl=1 227w, https:\/\/i0.wp.com\/eltrabajo.cl\/portal\/wp-content\/uploads\/2015\/07\/Alimentos1.jpg?resize=400%2C264&amp;ssl=1 400w\" width=\"423\" height=\"279\" loading=\"lazy\" data-original-width=\"423\" data-original-height=\"279\" itemprop=\"http:\/\/schema.org\/image\" title=\"Alimentos1\" alt=\"SAGRADOS ALIMENTOS.- Sandra Quiroz, Sandra Saavedra y Cecilia Ponce, muestran a nuestro medio la bodega de alimentos ya con recursos, luego que hace pocos d\u00edas quedara vac\u00eda tras un nuevo robo.\" style=\"width: 423px; height: 279px;\" \/> <\/a> <div class=\"tiled-gallery-caption\" itemprop=\"caption description\"> SAGRADOS ALIMENTOS.- Sandra Quiroz, Sandra Saavedra y Cecilia Ponce, muestran a nuestro medio la bodega de alimentos ya con recursos, luego que hace pocos d\u00edas quedara vac\u00eda tras un nuevo robo. <\/div> <\/div> <\/div> <!-- close group --> <div class=\"gallery-group images-2\" style=\"width: 213px; height: 283px;\" data-original-width=\"213\" data-original-height=\"283\" > <div class=\"tiled-gallery-item tiled-gallery-item-small\" itemprop=\"associatedMedia\" itemscope itemtype=\"http:\/\/schema.org\/ImageObject\"> <a href=\"https:\/\/eltrabajo.cl\/portal\/ola-de-robos-en-hormiguitas-de-aconcagua-aun-no-se-detiene\/alimentos2\/\" border=\"0\" itemprop=\"url\"> <meta itemprop=\"width\" content=\"209\"> <meta itemprop=\"height\" content=\"138\"> <img decoding=\"async\" class=\"\" data-attachment-id=\"59780\" data-orig-file=\"https:\/\/eltrabajo.cl\/portal\/wp-content\/uploads\/2015\/07\/Alimentos2.jpg\" data-orig-size=\"530,350\" data-comments-opened=\"1\" data-image-meta=\"{&quot;aperture&quot;:&quot;0&quot;,&quot;credit&quot;:&quot;&quot;,&quot;camera&quot;:&quot;&quot;,&quot;caption&quot;:&quot;&quot;,&quot;created_timestamp&quot;:&quot;0&quot;,&quot;copyright&quot;:&quot;&quot;,&quot;focal_length&quot;:&quot;0&quot;,&quot;iso&quot;:&quot;0&quot;,&quot;shutter_speed&quot;:&quot;0&quot;,&quot;title&quot;:&quot;&quot;,&quot;orientation&quot;:&quot;0&quot;}\" data-image-title=\"Alimentos2\" data-image-description=\"&lt;p&gt;HAY PARA TODOS.- Nuevamente las funcionarias de Hormiguitas de Aconcagua volvieron a preparar los alimentos para sus 220 \u2018hormiguitas\u2019.&lt;\/p&gt; \" data-medium-file=\"https:\/\/i0.wp.com\/eltrabajo.cl\/portal\/wp-content\/uploads\/2015\/07\/Alimentos2.jpg?fit=300%2C198&#038;ssl=1\" data-large-file=\"https:\/\/i0.wp.com\/eltrabajo.cl\/portal\/wp-content\/uploads\/2015\/07\/Alimentos2.jpg?fit=530%2C350&#038;ssl=1\" src=\"https:\/\/i0.wp.com\/eltrabajo.cl\/portal\/wp-content\/uploads\/2015\/07\/Alimentos2.jpg?w=209&#038;h=138&#038;ssl=1\" srcset=\"https:\/\/i0.wp.com\/eltrabajo.cl\/portal\/wp-content\/uploads\/2015\/07\/Alimentos2.jpg?w=530&amp;ssl=1 530w, https:\/\/i0.wp.com\/eltrabajo.cl\/portal\/wp-content\/uploads\/2015\/07\/Alimentos2.jpg?resize=200%2C132&amp;ssl=1 200w, https:\/\/i0.wp.com\/eltrabajo.cl\/portal\/wp-content\/uploads\/2015\/07\/Alimentos2.jpg?resize=300%2C198&amp;ssl=1 300w, https:\/\/i0.wp.com\/eltrabajo.cl\/portal\/wp-content\/uploads\/2015\/07\/Alimentos2.jpg?resize=227%2C150&amp;ssl=1 227w, https:\/\/i0.wp.com\/eltrabajo.cl\/portal\/wp-content\/uploads\/2015\/07\/Alimentos2.jpg?resize=400%2C264&amp;ssl=1 400w\" width=\"209\" height=\"138\" loading=\"lazy\" data-original-width=\"209\" data-original-height=\"138\" itemprop=\"http:\/\/schema.org\/image\" title=\"Alimentos2\" alt=\"HAY PARA TODOS.- Nuevamente las funcionarias de Hormiguitas de Aconcagua volvieron a preparar los alimentos para sus 220 \u2018hormiguitas\u2019.\" style=\"width: 209px; height: 138px;\" \/> <\/a> <div class=\"tiled-gallery-caption\" itemprop=\"caption description\"> HAY PARA TODOS.- Nuevamente las funcionarias de Hormiguitas de Aconcagua volvieron a preparar los alimentos para sus 220 \u2018hormiguitas\u2019. <\/div> <\/div> <div class=\"tiled-gallery-item tiled-gallery-item-small\" itemprop=\"associatedMedia\" itemscope itemtype=\"http:\/\/schema.org\/ImageObject\"> <a href=\"https:\/\/eltrabajo.cl\/portal\/ola-de-robos-en-hormiguitas-de-aconcagua-aun-no-se-detiene\/sandra-saavedra\/\" border=\"0\" itemprop=\"url\"> <meta itemprop=\"width\" content=\"209\"> <meta itemprop=\"height\" content=\"137\"> <img decoding=\"async\" class=\"\" data-attachment-id=\"59781\" data-orig-file=\"https:\/\/eltrabajo.cl\/portal\/wp-content\/uploads\/2015\/07\/Sandra-Saavedra.jpg\" data-orig-size=\"530,348\" data-comments-opened=\"1\" data-image-meta=\"{&quot;aperture&quot;:&quot;0&quot;,&quot;credit&quot;:&quot;&quot;,&quot;camera&quot;:&quot;&quot;,&quot;caption&quot;:&quot;&quot;,&quot;created_timestamp&quot;:&quot;0&quot;,&quot;copyright&quot;:&quot;&quot;,&quot;focal_length&quot;:&quot;0&quot;,&quot;iso&quot;:&quot;0&quot;,&quot;shutter_speed&quot;:&quot;0&quot;,&quot;title&quot;:&quot;&quot;,&quot;orientation&quot;:&quot;0&quot;}\" data-image-title=\"Sandra Saavedra\" data-image-description=\"&lt;p&gt;Directora de Hormiguitas de Aconcagua, Sandra Saavedra.&lt;\/p&gt; \" data-medium-file=\"https:\/\/i0.wp.com\/eltrabajo.cl\/portal\/wp-content\/uploads\/2015\/07\/Sandra-Saavedra.jpg?fit=300%2C197&#038;ssl=1\" data-large-file=\"https:\/\/i0.wp.com\/eltrabajo.cl\/portal\/wp-content\/uploads\/2015\/07\/Sandra-Saavedra.jpg?fit=530%2C348&#038;ssl=1\" src=\"https:\/\/i0.wp.com\/eltrabajo.cl\/portal\/wp-content\/uploads\/2015\/07\/Sandra-Saavedra.jpg?w=209&#038;h=137&#038;ssl=1\" srcset=\"https:\/\/i0.wp.com\/eltrabajo.cl\/portal\/wp-content\/uploads\/2015\/07\/Sandra-Saavedra.jpg?w=530&amp;ssl=1 530w, https:\/\/i0.wp.com\/eltrabajo.cl\/portal\/wp-content\/uploads\/2015\/07\/Sandra-Saavedra.jpg?resize=200%2C131&amp;ssl=1 200w, https:\/\/i0.wp.com\/eltrabajo.cl\/portal\/wp-content\/uploads\/2015\/07\/Sandra-Saavedra.jpg?resize=300%2C197&amp;ssl=1 300w, https:\/\/i0.wp.com\/eltrabajo.cl\/portal\/wp-content\/uploads\/2015\/07\/Sandra-Saavedra.jpg?resize=228%2C150&amp;ssl=1 228w, https:\/\/i0.wp.com\/eltrabajo.cl\/portal\/wp-content\/uploads\/2015\/07\/Sandra-Saavedra.jpg?resize=400%2C263&amp;ssl=1 400w\" width=\"209\" height=\"137\" loading=\"lazy\" data-original-width=\"209\" data-original-height=\"137\" itemprop=\"http:\/\/schema.org\/image\" title=\"Sandra Saavedra\" alt=\"Directora de Hormiguitas de Aconcagua, Sandra Saavedra.\" style=\"width: 209px; height: 137px;\" \/> <\/a> <div class=\"tiled-gallery-caption\" itemprop=\"caption description\"> Directora de Hormiguitas de Aconcagua, Sandra Saavedra. <\/div> <\/div> <\/div> <!-- close group --> <\/div> <!-- close row --> <\/div>\n","protected":false},"excerpt":{"rendered":"<p>Los 220 peque\u00f1itos que diariamente reciben su alimentaci\u00f3n en el Jard\u00edn Infantil Hormiguitas de Aconcagua en poblaci\u00f3n Manso de Velasco, se quedaron sin sus alimentos la semana pasada, luego que varios ladrones&#8230;<\/p>\n","protected":false},"author":482,"featured_media":59778,"comment_status":"open","ping_status":"open","sticky":false,"template":"","format":"standard","meta":{"advanced_seo_description":"","jetpack_seo_html_title":"","jetpack_seo_noindex":false,"_jetpack_memberships_contains_paid_content":false,"footnotes":""},"categories":[15],"tags":[],"class_list":["post-59777","post","type-post","status-publish","format-standard","has-post-thumbnail","hentry","category-comunidad"],"jetpack_featured_media_url":"https:\/\/i0.wp.com\/eltrabajo.cl\/portal\/wp-content\/uploads\/2015\/07\/Ladron1.jpg?fit=530%2C348&ssl=1","jetpack_sharing_enabled":true,"jetpack_likes_enabled":true,"jetpack-related-posts":[],"_links":{"self":[{"href":"https:\/\/eltrabajo.cl\/portal\/wp-json\/wp\/v2\/posts\/59777","targetHints":{"allow":["GET"]}}],"collection":[{"href":"https:\/\/eltrabajo.cl\/portal\/wp-json\/wp\/v2\/posts"}],"about":[{"href":"https:\/\/eltrabajo.cl\/portal\/wp-json\/wp\/v2\/types\/post"}],"author":[{"embeddable":true,"href":"https:\/\/eltrabajo.cl\/portal\/wp-json\/wp\/v2\/users\/482"}],"replies":[{"embeddable":true,"href":"https:\/\/eltrabajo.cl\/portal\/wp-json\/wp\/v2\/comments?post=59777"}],"version-history":[{"count":0,"href":"https:\/\/eltrabajo.cl\/portal\/wp-json\/wp\/v2\/posts\/59777\/revisions"}],"wp:featuredmedia":[{"embeddable":true,"href":"https:\/\/eltrabajo.cl\/portal\/wp-json\/wp\/v2\/media\/59778"}],"wp:attachment":[{"href":"https:\/\/eltrabajo.cl\/portal\/wp-json\/wp\/v2\/media?parent=59777"}],"wp:term":[{"taxonomy":"category","embeddable":true,"href":"https:\/\/eltrabajo.cl\/portal\/wp-json\/wp\/v2\/categories?post=59777"},{"taxonomy":"post_tag","embeddable":true,"href":"https:\/\/eltrabajo.cl\/portal\/wp-json\/wp\/v2\/tags?post=59777"}],"curies":[{"name":"wp","href":"https:\/\/api.w.org\/{rel}","templated":true}]}}