{"id":59786,"date":"2015-07-08T09:31:06","date_gmt":"2015-07-08T12:31:06","guid":{"rendered":"http:\/\/www.eltrabajo.cl\/portal\/?p=59786"},"modified":"2015-07-08T09:31:06","modified_gmt":"2015-07-08T12:31:06","slug":"incendio-arrasa-con-vivienda-y-dana-de-consideracion-otras-dos-casas","status":"publish","type":"post","link":"https:\/\/eltrabajo.cl\/portal\/incendio-arrasa-con-vivienda-y-dana-de-consideracion-otras-dos-casas\/","title":{"rendered":"Incendio arrasa con vivienda y da\u00f1a de consideraci\u00f3n otras dos casas"},"content":{"rendered":"<figure id=\"attachment_59787\" aria-describedby=\"caption-attachment-59787\" style=\"width: 300px\" class=\"wp-caption alignleft\"><a href=\"https:\/\/i0.wp.com\/www.eltrabajo.cl\/portal\/wp-content\/uploads\/2015\/07\/INCENDIO02.jpg\"><img data-recalc-dims=\"1\" loading=\"lazy\" decoding=\"async\" class=\"wp-image-59787 size-medium\" src=\"https:\/\/i0.wp.com\/www.eltrabajo.cl\/portal\/wp-content\/uploads\/2015\/07\/INCENDIO02-300x198.jpg?resize=300%2C198\" alt=\"El r\u00e1pido actuar de vecinos que incluso tomaban las mangueras para detener el avance del fuego, ayud\u00f3 a que el siniestro no se propagara hacia las otras viviendas.\" width=\"300\" height=\"198\" srcset=\"https:\/\/i0.wp.com\/eltrabajo.cl\/portal\/wp-content\/uploads\/2015\/07\/INCENDIO02.jpg?resize=300%2C198&amp;ssl=1 300w, https:\/\/i0.wp.com\/eltrabajo.cl\/portal\/wp-content\/uploads\/2015\/07\/INCENDIO02.jpg?resize=200%2C132&amp;ssl=1 200w, https:\/\/i0.wp.com\/eltrabajo.cl\/portal\/wp-content\/uploads\/2015\/07\/INCENDIO02.jpg?resize=227%2C150&amp;ssl=1 227w, https:\/\/i0.wp.com\/eltrabajo.cl\/portal\/wp-content\/uploads\/2015\/07\/INCENDIO02.jpg?resize=400%2C264&amp;ssl=1 400w, https:\/\/i0.wp.com\/eltrabajo.cl\/portal\/wp-content\/uploads\/2015\/07\/INCENDIO02.jpg?w=530&amp;ssl=1 530w\" sizes=\"auto, (max-width: 300px) 100vw, 300px\" \/><\/a><figcaption id=\"caption-attachment-59787\" class=\"wp-caption-text\">El r\u00e1pido actuar de vecinos que incluso tomaban las mangueras para detener el avance del fuego, ayud\u00f3 a que el siniestro no se propagara hacia las otras viviendas.<\/figcaption><\/figure>\n<p><strong>PUTAENDO<\/strong>.- Una casa totalmente destruida y otras dos viviendas con da\u00f1os de consideraci\u00f3n fue el saldo que dej\u00f3 un incendio estructural de grandes proporciones que se desat\u00f3 la madrugada de ayer en el pasaje Bombero Juan Olgu\u00edn C\u00e1rdenas de la Poblaci\u00f3n Ej\u00e9rcito Libertador de Putaendo.<br \/>\nA eso de las 01:20 horas de la madrugada de este martes, la familia de la conocida vecina y adem\u00e1s presidenta de la Junta de Vecinos de la poblaci\u00f3n Ej\u00e9rcito Libertador, Iris Reyes, despert\u00f3 bruscamente al sentir un intenso olor a humo, y afortunadamente lograron salir de la vivienda pr\u00e1cticamente con lo puesto, percat\u00e1ndose que ya el inmueble estaba casi en su totalidad envuelto en llamas.<br \/>\nUna de las hijas de la propietaria de la vivienda, que dorm\u00eda junto a su hija, fue la que logr\u00f3 sacar como pudo a su madre y ponerla a resguardo mientras que el fuego se descontrolaba, abarcando todo el inmueble.<\/p>\n<figure id=\"attachment_59788\" aria-describedby=\"caption-attachment-59788\" style=\"width: 300px\" class=\"wp-caption alignright\"><a href=\"https:\/\/i0.wp.com\/www.eltrabajo.cl\/portal\/wp-content\/uploads\/2015\/07\/INCENDIO04.jpg\"><img data-recalc-dims=\"1\" loading=\"lazy\" decoding=\"async\" class=\"wp-image-59788 size-medium\" src=\"https:\/\/i0.wp.com\/www.eltrabajo.cl\/portal\/wp-content\/uploads\/2015\/07\/INCENDIO04-300x198.jpg?resize=300%2C198\" alt=\"R\u00e1pidamente las llamas se propagaron a una vivienda continua por el entretecho, mientras por atr\u00e1s de la propiedad un tercer domicilio estaba siendo alcanzado por el incendio. \" width=\"300\" height=\"198\" srcset=\"https:\/\/i0.wp.com\/eltrabajo.cl\/portal\/wp-content\/uploads\/2015\/07\/INCENDIO04.jpg?resize=300%2C198&amp;ssl=1 300w, https:\/\/i0.wp.com\/eltrabajo.cl\/portal\/wp-content\/uploads\/2015\/07\/INCENDIO04.jpg?resize=200%2C132&amp;ssl=1 200w, https:\/\/i0.wp.com\/eltrabajo.cl\/portal\/wp-content\/uploads\/2015\/07\/INCENDIO04.jpg?resize=227%2C150&amp;ssl=1 227w, https:\/\/i0.wp.com\/eltrabajo.cl\/portal\/wp-content\/uploads\/2015\/07\/INCENDIO04.jpg?resize=400%2C264&amp;ssl=1 400w, https:\/\/i0.wp.com\/eltrabajo.cl\/portal\/wp-content\/uploads\/2015\/07\/INCENDIO04.jpg?w=530&amp;ssl=1 530w\" sizes=\"auto, (max-width: 300px) 100vw, 300px\" \/><\/a><figcaption id=\"caption-attachment-59788\" class=\"wp-caption-text\">R\u00e1pidamente las llamas se propagaron a una vivienda continua por el entretecho, mientras por atr\u00e1s de la propiedad un tercer domicilio estaba siendo alcanzado por el incendio.<\/figcaption><\/figure>\n<p>En cosa de minutos el incendio estaba totalmente fuera de control y las llamas comenzaban a propagarse a la casa contigua a trav\u00e9s del entretecho, mientras que en la parte posterior de la vivienda siniestrada tambi\u00e9n el fuego llegaba peligrosamente a un tercer domicilio.<br \/>\nMomentos de suma tensi\u00f3n comenzaron a vivirse cuando pr\u00e1cticamente todo el barrio lleg\u00f3 para prestar ayuda, donde vecinos trataban infructuosamente de sacar algo de los enseres de la vivienda que estaba envuelta en llamas, mientras que en las otras casas los mismos vecinos ayudaban a sacar todo lo que pod\u00edan por el temor a que el fuego tambi\u00e9n las consumiera, y otros sacaban incluso a empujones algunos veh\u00edculos estacionados.<br \/>\nBomberos al arribar al lugar se percat\u00f3 de la magnitud de la emergencia y declar\u00f3 el incendio como fuera de control, siendo fundamental el trabajo bomberil que en primera instancia fue apoyado por los mismos vecinos, que incluso tomaban las mangueras para atacar el fuego desde distintas posiciones mientras arribaban m\u00e1s voluntarios de Bomberos al lugar.<br \/>\nDespu\u00e9s de m\u00e1s de una hora de intenso trabajo se pudo controlar el fuego y el esfuerzo de Bomberos y vecinos dio resultados, pues a pesar de todo se evit\u00f3 que las llamas alcanzaran por completo otras dos viviendas.<br \/>\nEl Primer Comandante de Bomberos de Putaendo, Luis Sep\u00falveda Hidalgo, en el mismo lugar de la emergencia confirmaba a Diario El Trabajo que efectivamente la magnitud del siniestro puso en riesgo varias viviendas m\u00e1s, y que junto al domicilio que result\u00f3 totalmente destruido, los da\u00f1os eran importantes en las otras dos, se\u00f1alando adem\u00e1s que ser\u00e1 el departamento t\u00e9cnico de la instituci\u00f3n el que deber\u00e1 tratar de establecer el origen del fuego.<br \/>\nAl respecto, cercanos a la familia confirmaron que en la parte posterior de la vivienda hab\u00eda una cocina que funcionaba a le\u00f1a, pero sostuvieron que no existe claridad si hab\u00eda sido ocupada en las horas previas al inicio del incendio, sin embargo, Bomberos centr\u00f3 en ese sector parte del trabajo investigativo para determinar las probables causas de inicio del siniestro.<br \/>\nHasta el lugar llego tambi\u00e9n el Alcalde Guillermo Reyes junto a la Oficina de Emergencias del Municipio para coordinar los primeros cursos de acci\u00f3n en cuanto a la ayuda para las familias damnificadas y la reconstrucci\u00f3n del inmueble que result\u00f3 totalmente destruido por el voraz incendio.<br \/>\nPersonal de Bomberos permaneci\u00f3 hasta avanzadas horas de la madrugada con las labores de remoci\u00f3n de escombros y de enfriar algunos sectores de las viviendas colindantes, a fin de evitar un eventual rebrote del incendio.<br \/>\n<strong>Patricio Gallardo M.<\/strong><\/p>\n","protected":false},"excerpt":{"rendered":"<p>PUTAENDO.- Una casa totalmente destruida y otras dos viviendas con da\u00f1os de consideraci\u00f3n fue el saldo que dej\u00f3 un incendio estructural de grandes proporciones que se desat\u00f3 la madrugada de ayer en&#8230;<\/p>\n","protected":false},"author":482,"featured_media":59787,"comment_status":"open","ping_status":"open","sticky":false,"template":"","format":"standard","meta":{"advanced_seo_description":"","jetpack_seo_html_title":"","jetpack_seo_noindex":false,"_jetpack_memberships_contains_paid_content":false,"footnotes":""},"categories":[21],"tags":[],"class_list":["post-59786","post","type-post","status-publish","format-standard","has-post-thumbnail","hentry","category-policial"],"jetpack_featured_media_url":"https:\/\/i0.wp.com\/eltrabajo.cl\/portal\/wp-content\/uploads\/2015\/07\/INCENDIO02.jpg?fit=530%2C350&ssl=1","jetpack_sharing_enabled":true,"jetpack_likes_enabled":true,"jetpack-related-posts":[],"_links":{"self":[{"href":"https:\/\/eltrabajo.cl\/portal\/wp-json\/wp\/v2\/posts\/59786","targetHints":{"allow":["GET"]}}],"collection":[{"href":"https:\/\/eltrabajo.cl\/portal\/wp-json\/wp\/v2\/posts"}],"about":[{"href":"https:\/\/eltrabajo.cl\/portal\/wp-json\/wp\/v2\/types\/post"}],"author":[{"embeddable":true,"href":"https:\/\/eltrabajo.cl\/portal\/wp-json\/wp\/v2\/users\/482"}],"replies":[{"embeddable":true,"href":"https:\/\/eltrabajo.cl\/portal\/wp-json\/wp\/v2\/comments?post=59786"}],"version-history":[{"count":0,"href":"https:\/\/eltrabajo.cl\/portal\/wp-json\/wp\/v2\/posts\/59786\/revisions"}],"wp:featuredmedia":[{"embeddable":true,"href":"https:\/\/eltrabajo.cl\/portal\/wp-json\/wp\/v2\/media\/59787"}],"wp:attachment":[{"href":"https:\/\/eltrabajo.cl\/portal\/wp-json\/wp\/v2\/media?parent=59786"}],"wp:term":[{"taxonomy":"category","embeddable":true,"href":"https:\/\/eltrabajo.cl\/portal\/wp-json\/wp\/v2\/categories?post=59786"},{"taxonomy":"post_tag","embeddable":true,"href":"https:\/\/eltrabajo.cl\/portal\/wp-json\/wp\/v2\/tags?post=59786"}],"curies":[{"name":"wp","href":"https:\/\/api.w.org\/{rel}","templated":true}]}}