{"id":59790,"date":"2015-07-08T09:34:25","date_gmt":"2015-07-08T12:34:25","guid":{"rendered":"http:\/\/www.eltrabajo.cl\/portal\/?p=59790"},"modified":"2015-07-08T09:34:25","modified_gmt":"2015-07-08T12:34:25","slug":"larga-estadia-en-la-carcel-para-el-pua-tras-crimenes-en-catemu","status":"publish","type":"post","link":"https:\/\/eltrabajo.cl\/portal\/larga-estadia-en-la-carcel-para-el-pua-tras-crimenes-en-catemu\/","title":{"rendered":"Larga estad\u00eda en la c\u00e1rcel para \u2018El P\u00faa\u2019 tras cr\u00edmenes en Catemu"},"content":{"rendered":"<figure id=\"attachment_59791\" aria-describedby=\"caption-attachment-59791\" style=\"width: 300px\" class=\"wp-caption alignleft\"><a href=\"https:\/\/i0.wp.com\/www.eltrabajo.cl\/portal\/wp-content\/uploads\/2015\/07\/El-PUA.jpg\"><img data-recalc-dims=\"1\" loading=\"lazy\" decoding=\"async\" class=\"wp-image-59791 size-medium\" src=\"https:\/\/i0.wp.com\/www.eltrabajo.cl\/portal\/wp-content\/uploads\/2015\/07\/El-PUA-300x198.jpg?resize=300%2C198\" alt=\"Cristian Alejandro Fern\u00e1ndez Fern\u00e1ndez, apodado \u2018El P\u00faa\u2019, viv\u00eda en el sector El Array\u00e1n de la comuna de Catemu, atemorizando por largos a\u00f1os a los vecinos con diversos robos con violencia.\" width=\"300\" height=\"198\" srcset=\"https:\/\/i0.wp.com\/eltrabajo.cl\/portal\/wp-content\/uploads\/2015\/07\/El-PUA.jpg?resize=300%2C198&amp;ssl=1 300w, https:\/\/i0.wp.com\/eltrabajo.cl\/portal\/wp-content\/uploads\/2015\/07\/El-PUA.jpg?resize=200%2C132&amp;ssl=1 200w, https:\/\/i0.wp.com\/eltrabajo.cl\/portal\/wp-content\/uploads\/2015\/07\/El-PUA.jpg?resize=228%2C150&amp;ssl=1 228w, https:\/\/i0.wp.com\/eltrabajo.cl\/portal\/wp-content\/uploads\/2015\/07\/El-PUA.jpg?resize=400%2C263&amp;ssl=1 400w, https:\/\/i0.wp.com\/eltrabajo.cl\/portal\/wp-content\/uploads\/2015\/07\/El-PUA.jpg?w=530&amp;ssl=1 530w\" sizes=\"auto, (max-width: 300px) 100vw, 300px\" \/><\/a><figcaption id=\"caption-attachment-59791\" class=\"wp-caption-text\">Cristian Alejandro Fern\u00e1ndez Fern\u00e1ndez, apodado \u2018El P\u00faa\u2019, viv\u00eda en el sector El Array\u00e1n de la comuna de Catemu, atemorizando por largos a\u00f1os a los vecinos con diversos robos con violencia.<\/figcaption><\/figure>\n<p>Cristian Fern\u00e1ndez Fern\u00e1ndez cometi\u00f3 diversos delitos de robo con intimidaci\u00f3n y violencia en la comuna de Catemu, causando p\u00e1nico entre los vecinos que lo califican como un peligroso delincuente. El d\u00eda de ayer fue condenado por el Tribunal Oral en Lo Penal de San Felipe, con contundentes pruebas que present\u00f3 la Fiscal\u00eda logrando una pena de largos a\u00f1os para este sujeto que permanecer\u00e1 privado de libertad.<br \/>\nDurante largos a\u00f1os los vecinos de Catemu vivieron atemorizados por la ocurrencia de una seguidilla de delitos de robos con intimidaci\u00f3n y violencia de manos de un sujeto a quien lo individualizaban como \u2018El P\u00faa\u2019, un antisocial domiciliado en el sector de El Array\u00e1n en esa localidad que en el a\u00f1o 2014 pudo ser procesado por la justicia, siendo el d\u00eda de ayer martes condenado por el Tribunal Oral en Lo Penal de San Felipe a una pena de 10 a\u00f1os y un d\u00eda por dos episodios de robo con violencia, y 61 d\u00edas por usurpaci\u00f3n de identidad.<br \/>\nLas acusaciones fueron presentadas por la Fiscal del Ministerio P\u00fablico de San Felipe, Gabriela Fuenzalida, acusando al hoy condenado Cristian Alejandro Fern\u00e1ndez Fern\u00e1ndez, alias \u2018El P\u00faa\u2019, durante el juicio desarrollado desde la semana pasado por tres delitos de robo, uno de ellos absuelto seg\u00fan la sentencia del Tribunal, condenando s\u00f3lo por dos delitos a una pena unificada de 10 a\u00f1os y un d\u00eda.<\/p>\n<p><strong>LOS HECHOS<\/strong><br \/>\nLa Fiscal present\u00f3 ante los jueces contundentes pruebas para acreditar la participaci\u00f3n del antisocial en un hecho cometido en el a\u00f1o 2010, detallando que el condenado Fern\u00e1ndez ingres\u00f3 en aquella ocasi\u00f3n a un local comercial en la comuna de Catemu, el que estaba siendo atendido por una mujer a quien intimid\u00f3 verbalmente para luego golpearla con un palo en distintas partes de su cuerpo, con el objetivo de sustraer el dinero en efectivo que manten\u00eda la comerciante en la caja registradora para en cuesti\u00f3n de minutos huir del lugar.<br \/>\nRespecto del \u00faltimo hecho comprobado, el pasado 26 de mayo de 2014, a eso de las 02:30 de la madrugada, \u2018El P\u00faa\u2019 protagoniz\u00f3 un delito de robo a un adolescente de 15 a\u00f1os de edad que circulaba con su bicicleta, siendo abordado por Fern\u00e1ndez en las afueras de un cajero autom\u00e1tico ubicado en calle Arturo Prat de la comuna de Catemu, utilizando un cuchillo para intimidarlo y de esta forma apoderarse de su chaqueta, un desodorante y su tel\u00e9fono celular.<br \/>\nDe acuerdo al relato del menor de edad ante Carabineros, el delincuente lo apu\u00f1al\u00f3 en su pierna dej\u00e1ndolo tendido en el suelo sangrando profusamente, hechos que fueron observados por un testigo que solicit\u00f3 la presencia de los efectivos policiales, quienes tras un patrullaje por distintas arterias de la comuna lograron divisar al antisocial que manten\u00eda manchas de sangre en sus vestimentas y el arma blanca utilizada para cometer el delito.<br \/>\nCarabineros detuvo de inmediato al imputado que fue reconocido por la v\u00edctima como el autor del robo y la agresi\u00f3n con el cuchillo. Asimismo durante las diligencias policiales, el individuo se identific\u00f3 ante la polic\u00eda utilizando el nombre de un familiar para evitar su individualizaci\u00f3n, por lo cual fue acusado de usurpaci\u00f3n de identidad luego que los efectivos de la polic\u00eda uniformada determinaran su verdadero nombre, delito que fue sancionado por la justicia a una pena de 61 d\u00edas adicionales a la condena.<br \/>\nTras el juicio oral los jueces lograron convicci\u00f3n ante las pruebas de la Fiscal\u00eda, condenando a Cristian Fern\u00e1ndez Fern\u00e1ndez a diez a\u00f1os y un d\u00eda por dos delitos de robo con violencia, m\u00e1s 61 d\u00edas por usurpaci\u00f3n de identidad. Pese a que el Ministerio P\u00fablico persegu\u00eda una condena de 13 a\u00f1os de presidio, la Fiscal Gabriela Fuenzalida se\u00f1al\u00f3 a Diario El Trabajo estar conforme con la condena y el trabajo desplegado durante la investigaci\u00f3n de los casos.<br \/>\n\u201cEl Ministerio P\u00fablico solicit\u00f3 que se le condenara a una pena \u00fanica al acusado de trece a\u00f1os, m\u00e1s una pena de usurpaci\u00f3n de identidad dentro del rango de 61 a 540 d\u00edas, pedimos el m\u00e1ximo. A juicio de la Fiscal\u00eda, la pena que indic\u00f3 el tribunal y que est\u00e1 plasmada en la sentencia, cumple con los par\u00e1metros que esper\u00e1bamos con una pena condenatoria en forma efectiva por delitos que fueron bastante graves. Tenemos que leer los fundamentos que tuvo el tribunal para desechar un tercer hecho por el cual fue absuelto, que ser\u00eda en rigor recurrir eventualmente de nulidad\u201d, sostuvo la jurista.<\/p>\n<p><strong>Testimonio de las v\u00edctimas<\/strong><br \/>\nLa representante del Ministerio P\u00fablico destac\u00f3 que en todo tipo de delitos es muy importante que haya un compromiso de las v\u00edctimas para que la Fiscal\u00eda pueda lograr buenos resultados que terminen como en este caso en sentencias condenatorias con penas elevadas de c\u00e1rcel.<br \/>\n\u201cEl Fiscal investiga, los Carabineros hacen su labor y detienen a los imputados, pero cuando se llega a juicio es muy importante que las v\u00edctimas asistan a los juicios para contar lo que ocurri\u00f3 a los jueces del Tribunal. Es importante el compromiso. La Fiscal\u00eda de Chile siempre est\u00e1 con la disposici\u00f3n y con los medios para aportar medidas de protecci\u00f3n a estas v\u00edctimas, para su traslado y evitar que sean identificadas, para que puedan declarar en forma tranquila y segura\u201d, subray\u00f3 Fuenzalida.<br \/>\nNo obstante, tanto la Defensa como la Fiscal\u00eda tienen un plazo de diez d\u00edas para que la sentencia quede firme y ejecutoriada. Tras estudiar el fallo del Tribunal Oral podr\u00edan eventualmente recurrir de nulidad del juicio.<br \/>\n<strong>Pablo Salinas Sald\u00edas<\/strong><\/p>\n<div class=\"tiled-gallery type-rectangular tiled-gallery-unresized\" data-original-width=\"640\" data-carousel-extra='null' itemscope itemtype=\"http:\/\/schema.org\/ImageGallery\" > <div class=\"gallery-row\" style=\"width: 640px; height: 211px;\" data-original-width=\"640\" data-original-height=\"211\" > <div class=\"gallery-group images-1\" style=\"width: 320px; height: 211px;\" data-original-width=\"320\" data-original-height=\"211\" > <div class=\"tiled-gallery-item tiled-gallery-item-large\" itemprop=\"associatedMedia\" itemscope itemtype=\"http:\/\/schema.org\/ImageObject\"> <a href=\"https:\/\/eltrabajo.cl\/portal\/larga-estadia-en-la-carcel-para-el-pua-tras-crimenes-en-catemu\/detenido-el-pua\/\" border=\"0\" itemprop=\"url\"> <meta itemprop=\"width\" content=\"316\"> <meta itemprop=\"height\" content=\"207\"> <img decoding=\"async\" class=\"\" data-attachment-id=\"59792\" data-orig-file=\"https:\/\/eltrabajo.cl\/portal\/wp-content\/uploads\/2015\/07\/Detenido-El-Pua.jpg\" data-orig-size=\"530,348\" data-comments-opened=\"1\" data-image-meta=\"{&quot;aperture&quot;:&quot;0&quot;,&quot;credit&quot;:&quot;&quot;,&quot;camera&quot;:&quot;&quot;,&quot;caption&quot;:&quot;&quot;,&quot;created_timestamp&quot;:&quot;0&quot;,&quot;copyright&quot;:&quot;&quot;,&quot;focal_length&quot;:&quot;0&quot;,&quot;iso&quot;:&quot;0&quot;,&quot;shutter_speed&quot;:&quot;0&quot;,&quot;title&quot;:&quot;&quot;,&quot;orientation&quot;:&quot;0&quot;}\" data-image-title=\"Detenido El Pua\" data-image-description=\"&lt;p&gt;En el mes de mayo de 2014 Carabineros de la Tenencia de Catemu logr\u00f3 capturar al \u2018P\u00faa\u2019, luego de asaltar a un menor a quien apu\u00f1al\u00f3 en una de sus piernas, quedando desde esa fecha en prisi\u00f3n preventiva.&lt;\/p&gt; \" data-medium-file=\"https:\/\/i0.wp.com\/eltrabajo.cl\/portal\/wp-content\/uploads\/2015\/07\/Detenido-El-Pua.jpg?fit=300%2C197&#038;ssl=1\" data-large-file=\"https:\/\/i0.wp.com\/eltrabajo.cl\/portal\/wp-content\/uploads\/2015\/07\/Detenido-El-Pua.jpg?fit=530%2C348&#038;ssl=1\" src=\"https:\/\/i0.wp.com\/eltrabajo.cl\/portal\/wp-content\/uploads\/2015\/07\/Detenido-El-Pua.jpg?w=316&#038;h=207&#038;ssl=1\" srcset=\"https:\/\/i0.wp.com\/eltrabajo.cl\/portal\/wp-content\/uploads\/2015\/07\/Detenido-El-Pua.jpg?w=530&amp;ssl=1 530w, https:\/\/i0.wp.com\/eltrabajo.cl\/portal\/wp-content\/uploads\/2015\/07\/Detenido-El-Pua.jpg?resize=200%2C131&amp;ssl=1 200w, https:\/\/i0.wp.com\/eltrabajo.cl\/portal\/wp-content\/uploads\/2015\/07\/Detenido-El-Pua.jpg?resize=300%2C197&amp;ssl=1 300w, https:\/\/i0.wp.com\/eltrabajo.cl\/portal\/wp-content\/uploads\/2015\/07\/Detenido-El-Pua.jpg?resize=228%2C150&amp;ssl=1 228w, https:\/\/i0.wp.com\/eltrabajo.cl\/portal\/wp-content\/uploads\/2015\/07\/Detenido-El-Pua.jpg?resize=400%2C263&amp;ssl=1 400w\" width=\"316\" height=\"207\" loading=\"lazy\" data-original-width=\"316\" data-original-height=\"207\" itemprop=\"http:\/\/schema.org\/image\" title=\"Detenido El Pua\" alt=\"En el mes de mayo de 2014 Carabineros de la Tenencia de Catemu logr\u00f3 capturar al \u2018P\u00faa\u2019, luego de asaltar a un menor a quien apu\u00f1al\u00f3 en una de sus piernas, quedando desde esa fecha en prisi\u00f3n preventiva.\" style=\"width: 316px; height: 207px;\" \/> <\/a> <div class=\"tiled-gallery-caption\" itemprop=\"caption description\"> En el mes de mayo de 2014 Carabineros de la Tenencia de Catemu logr\u00f3 capturar al \u2018P\u00faa\u2019, luego de asaltar a un menor a quien apu\u00f1al\u00f3 en una de sus piernas, quedando desde esa fecha en prisi\u00f3n preventiva. <\/div> <\/div> <\/div> <!-- close group --> <div class=\"gallery-group images-1\" style=\"width: 320px; height: 211px;\" data-original-width=\"320\" data-original-height=\"211\" > <div class=\"tiled-gallery-item tiled-gallery-item-large\" itemprop=\"associatedMedia\" itemscope itemtype=\"http:\/\/schema.org\/ImageObject\"> <a href=\"https:\/\/eltrabajo.cl\/portal\/larga-estadia-en-la-carcel-para-el-pua-tras-crimenes-en-catemu\/fiscal-gabriela-fuenzalida\/\" border=\"0\" itemprop=\"url\"> <meta itemprop=\"width\" content=\"316\"> <meta itemprop=\"height\" content=\"207\"> <img decoding=\"async\" class=\"\" data-attachment-id=\"59793\" data-orig-file=\"https:\/\/eltrabajo.cl\/portal\/wp-content\/uploads\/2015\/07\/Fiscal-Gabriela-Fuenzalida.jpg\" data-orig-size=\"530,348\" data-comments-opened=\"1\" data-image-meta=\"{&quot;aperture&quot;:&quot;0&quot;,&quot;credit&quot;:&quot;&quot;,&quot;camera&quot;:&quot;&quot;,&quot;caption&quot;:&quot;&quot;,&quot;created_timestamp&quot;:&quot;0&quot;,&quot;copyright&quot;:&quot;&quot;,&quot;focal_length&quot;:&quot;0&quot;,&quot;iso&quot;:&quot;0&quot;,&quot;shutter_speed&quot;:&quot;0&quot;,&quot;title&quot;:&quot;&quot;,&quot;orientation&quot;:&quot;0&quot;}\" data-image-title=\"Fiscal Gabriela Fuenzalida\" data-image-description=\"&lt;p&gt;La Fiscal a cargo del caso, Gabriela Fuenzalida, destac\u00f3 la participaci\u00f3n fundamental de las v\u00edctimas para lograr esta sentencia condenatoria en forma efectiva.&lt;\/p&gt; \" data-medium-file=\"https:\/\/i0.wp.com\/eltrabajo.cl\/portal\/wp-content\/uploads\/2015\/07\/Fiscal-Gabriela-Fuenzalida.jpg?fit=300%2C197&#038;ssl=1\" data-large-file=\"https:\/\/i0.wp.com\/eltrabajo.cl\/portal\/wp-content\/uploads\/2015\/07\/Fiscal-Gabriela-Fuenzalida.jpg?fit=530%2C348&#038;ssl=1\" src=\"https:\/\/i0.wp.com\/eltrabajo.cl\/portal\/wp-content\/uploads\/2015\/07\/Fiscal-Gabriela-Fuenzalida.jpg?w=316&#038;h=207&#038;ssl=1\" srcset=\"https:\/\/i0.wp.com\/eltrabajo.cl\/portal\/wp-content\/uploads\/2015\/07\/Fiscal-Gabriela-Fuenzalida.jpg?w=530&amp;ssl=1 530w, https:\/\/i0.wp.com\/eltrabajo.cl\/portal\/wp-content\/uploads\/2015\/07\/Fiscal-Gabriela-Fuenzalida.jpg?resize=200%2C131&amp;ssl=1 200w, https:\/\/i0.wp.com\/eltrabajo.cl\/portal\/wp-content\/uploads\/2015\/07\/Fiscal-Gabriela-Fuenzalida.jpg?resize=300%2C197&amp;ssl=1 300w, https:\/\/i0.wp.com\/eltrabajo.cl\/portal\/wp-content\/uploads\/2015\/07\/Fiscal-Gabriela-Fuenzalida.jpg?resize=228%2C150&amp;ssl=1 228w, https:\/\/i0.wp.com\/eltrabajo.cl\/portal\/wp-content\/uploads\/2015\/07\/Fiscal-Gabriela-Fuenzalida.jpg?resize=400%2C263&amp;ssl=1 400w\" width=\"316\" height=\"207\" loading=\"lazy\" data-original-width=\"316\" data-original-height=\"207\" itemprop=\"http:\/\/schema.org\/image\" title=\"Fiscal Gabriela Fuenzalida\" alt=\"La Fiscal a cargo del caso, Gabriela Fuenzalida, destac\u00f3 la participaci\u00f3n fundamental de las v\u00edctimas para lograr esta sentencia condenatoria en forma efectiva.\" style=\"width: 316px; height: 207px;\" \/> <\/a> <div class=\"tiled-gallery-caption\" itemprop=\"caption description\"> La Fiscal a cargo del caso, Gabriela Fuenzalida, destac\u00f3 la participaci\u00f3n fundamental de las v\u00edctimas para lograr esta sentencia condenatoria en forma efectiva. <\/div> <\/div> <\/div> <!-- close group --> <\/div> <!-- close row --> <\/div>\n","protected":false},"excerpt":{"rendered":"<p>Cristian Fern\u00e1ndez Fern\u00e1ndez cometi\u00f3 diversos delitos de robo con intimidaci\u00f3n y violencia en la comuna de Catemu, causando p\u00e1nico entre los vecinos que lo califican como un peligroso delincuente. El d\u00eda de&#8230;<\/p>\n","protected":false},"author":482,"featured_media":59791,"comment_status":"open","ping_status":"open","sticky":false,"template":"","format":"standard","meta":{"advanced_seo_description":"","jetpack_seo_html_title":"","jetpack_seo_noindex":false,"_jetpack_memberships_contains_paid_content":false,"footnotes":""},"categories":[21],"tags":[],"class_list":["post-59790","post","type-post","status-publish","format-standard","has-post-thumbnail","hentry","category-policial"],"jetpack_featured_media_url":"https:\/\/i0.wp.com\/eltrabajo.cl\/portal\/wp-content\/uploads\/2015\/07\/El-PUA.jpg?fit=530%2C349&ssl=1","jetpack_sharing_enabled":true,"jetpack_likes_enabled":true,"jetpack-related-posts":[],"_links":{"self":[{"href":"https:\/\/eltrabajo.cl\/portal\/wp-json\/wp\/v2\/posts\/59790","targetHints":{"allow":["GET"]}}],"collection":[{"href":"https:\/\/eltrabajo.cl\/portal\/wp-json\/wp\/v2\/posts"}],"about":[{"href":"https:\/\/eltrabajo.cl\/portal\/wp-json\/wp\/v2\/types\/post"}],"author":[{"embeddable":true,"href":"https:\/\/eltrabajo.cl\/portal\/wp-json\/wp\/v2\/users\/482"}],"replies":[{"embeddable":true,"href":"https:\/\/eltrabajo.cl\/portal\/wp-json\/wp\/v2\/comments?post=59790"}],"version-history":[{"count":0,"href":"https:\/\/eltrabajo.cl\/portal\/wp-json\/wp\/v2\/posts\/59790\/revisions"}],"wp:featuredmedia":[{"embeddable":true,"href":"https:\/\/eltrabajo.cl\/portal\/wp-json\/wp\/v2\/media\/59791"}],"wp:attachment":[{"href":"https:\/\/eltrabajo.cl\/portal\/wp-json\/wp\/v2\/media?parent=59790"}],"wp:term":[{"taxonomy":"category","embeddable":true,"href":"https:\/\/eltrabajo.cl\/portal\/wp-json\/wp\/v2\/categories?post=59790"},{"taxonomy":"post_tag","embeddable":true,"href":"https:\/\/eltrabajo.cl\/portal\/wp-json\/wp\/v2\/tags?post=59790"}],"curies":[{"name":"wp","href":"https:\/\/api.w.org\/{rel}","templated":true}]}}