{"id":59813,"date":"2015-07-09T09:25:40","date_gmt":"2015-07-09T12:25:40","guid":{"rendered":"http:\/\/www.eltrabajo.cl\/portal\/?p=59813"},"modified":"2015-07-09T09:25:40","modified_gmt":"2015-07-09T12:25:40","slug":"inauguran-pavimentacion-de-acceso-a-villa-amanecer","status":"publish","type":"post","link":"https:\/\/eltrabajo.cl\/portal\/inauguran-pavimentacion-de-acceso-a-villa-amanecer\/","title":{"rendered":"Inauguran pavimentaci\u00f3n de acceso a villa Amanecer"},"content":{"rendered":"<figure id=\"attachment_59814\" aria-describedby=\"caption-attachment-59814\" style=\"width: 300px\" class=\"wp-caption alignleft\"><a href=\"https:\/\/i0.wp.com\/www.eltrabajo.cl\/portal\/wp-content\/uploads\/2015\/07\/CORTE-DE-CINTA.jpg\"><img data-recalc-dims=\"1\" loading=\"lazy\" decoding=\"async\" class=\"wp-image-59814 size-medium\" src=\"https:\/\/i0.wp.com\/www.eltrabajo.cl\/portal\/wp-content\/uploads\/2015\/07\/CORTE-DE-CINTA-300x198.jpg?resize=300%2C198\" alt=\"Diversas autoridades participaron del corte de cinta que dio por inaugurada la pavimentaci\u00f3n del camino de acceso a villa Amanecer de Llay Llay.\" width=\"300\" height=\"198\" srcset=\"https:\/\/i0.wp.com\/eltrabajo.cl\/portal\/wp-content\/uploads\/2015\/07\/CORTE-DE-CINTA.jpg?resize=300%2C198&amp;ssl=1 300w, https:\/\/i0.wp.com\/eltrabajo.cl\/portal\/wp-content\/uploads\/2015\/07\/CORTE-DE-CINTA.jpg?resize=200%2C132&amp;ssl=1 200w, https:\/\/i0.wp.com\/eltrabajo.cl\/portal\/wp-content\/uploads\/2015\/07\/CORTE-DE-CINTA.jpg?resize=228%2C150&amp;ssl=1 228w, https:\/\/i0.wp.com\/eltrabajo.cl\/portal\/wp-content\/uploads\/2015\/07\/CORTE-DE-CINTA.jpg?resize=400%2C263&amp;ssl=1 400w, https:\/\/i0.wp.com\/eltrabajo.cl\/portal\/wp-content\/uploads\/2015\/07\/CORTE-DE-CINTA.jpg?w=530&amp;ssl=1 530w\" sizes=\"auto, (max-width: 300px) 100vw, 300px\" \/><\/a><figcaption id=\"caption-attachment-59814\" class=\"wp-caption-text\">Diversas autoridades participaron del corte de cinta que dio por inaugurada la pavimentaci\u00f3n del camino de acceso a villa Amanecer de Llay Llay.<\/figcaption><\/figure>\n<p><strong>LLAY LLAY<\/strong>.- Un Sue\u00f1o hecho realidad para los vecinos de villa Amanecer, es el contar con su camino de acceso pavimentado. La alcaldesa protocolar, Margarita Puebla; en su discurso inaugural llev\u00f3 el mensaje del alcalde Mario Marillanca y salud\u00f3 a las dirigentes, vecinos y autoridades presentes; por lo que calific\u00f3 \u00abcomo la coronaci\u00f3n de un trabajo en conjunto, esperado por todos y que va entregar mejor calidad de vida a m\u00e1s de 700 familias, del sector\u00bb.<br \/>\nEl gobernador de San Felipe Eduardo Le\u00f3n al entregar su saludo, record\u00f3 los inicios de la historia, que concluy\u00f3 con la inauguraci\u00f3n de la obra y agradeci\u00f3 a los vecinos, el trabajo, la pujanza y, a la municipalidad el hacerse cargo de la confecci\u00f3n de los proyectos.<br \/>\nPor su parte la dirigente vecinal Jessenia Vergara manifest\u00f3 \u00abSe logr\u00f3 en muy poco tiempo, esto pasa cu\u00e1ndo se comprometen las autoridades, los organismos y la comunidad\u00bb.<br \/>\nLa obra tiene un valor superior a los 62 millones de pesos y comprende el revestimiento de los 900 metros lineales de una carpeta asf\u00e1ltica a la entrada del sector; lo que mejorar\u00e1 sustancialmente la calidad de vida de los vecinos y vecinas.<br \/>\nEn la ocasi\u00f3n tambi\u00e9n estuvieron presentes compartiendo tan importante momento: la jefa de Vialidad de San Felipe, Claudia Lizama; los concejales: Patricio Dur\u00e1n y Edgardo Gonz\u00e1lez; en representaci\u00f3n del diputado Marco Antonio N\u00fa\u00f1ez, Jos\u00e9 Alfredo Fuentes; los consejeros regionales: Mario Sottolichio e Iv\u00e1n Reyes; dirigentes vecinales y vecinos.<\/p>\n","protected":false},"excerpt":{"rendered":"<p>LLAY LLAY.- Un Sue\u00f1o hecho realidad para los vecinos de villa Amanecer, es el contar con su camino de acceso pavimentado. La alcaldesa protocolar, Margarita Puebla; en su discurso inaugural llev\u00f3 el&#8230;<\/p>\n","protected":false},"author":482,"featured_media":59814,"comment_status":"open","ping_status":"open","sticky":false,"template":"","format":"standard","meta":{"advanced_seo_description":"","jetpack_seo_html_title":"","jetpack_seo_noindex":false,"_jetpack_memberships_contains_paid_content":false,"footnotes":""},"categories":[15],"tags":[],"class_list":["post-59813","post","type-post","status-publish","format-standard","has-post-thumbnail","hentry","category-comunidad"],"jetpack_featured_media_url":"https:\/\/i0.wp.com\/eltrabajo.cl\/portal\/wp-content\/uploads\/2015\/07\/CORTE-DE-CINTA.jpg?fit=530%2C349&ssl=1","jetpack_sharing_enabled":true,"jetpack_likes_enabled":true,"jetpack-related-posts":[],"_links":{"self":[{"href":"https:\/\/eltrabajo.cl\/portal\/wp-json\/wp\/v2\/posts\/59813","targetHints":{"allow":["GET"]}}],"collection":[{"href":"https:\/\/eltrabajo.cl\/portal\/wp-json\/wp\/v2\/posts"}],"about":[{"href":"https:\/\/eltrabajo.cl\/portal\/wp-json\/wp\/v2\/types\/post"}],"author":[{"embeddable":true,"href":"https:\/\/eltrabajo.cl\/portal\/wp-json\/wp\/v2\/users\/482"}],"replies":[{"embeddable":true,"href":"https:\/\/eltrabajo.cl\/portal\/wp-json\/wp\/v2\/comments?post=59813"}],"version-history":[{"count":0,"href":"https:\/\/eltrabajo.cl\/portal\/wp-json\/wp\/v2\/posts\/59813\/revisions"}],"wp:featuredmedia":[{"embeddable":true,"href":"https:\/\/eltrabajo.cl\/portal\/wp-json\/wp\/v2\/media\/59814"}],"wp:attachment":[{"href":"https:\/\/eltrabajo.cl\/portal\/wp-json\/wp\/v2\/media?parent=59813"}],"wp:term":[{"taxonomy":"category","embeddable":true,"href":"https:\/\/eltrabajo.cl\/portal\/wp-json\/wp\/v2\/categories?post=59813"},{"taxonomy":"post_tag","embeddable":true,"href":"https:\/\/eltrabajo.cl\/portal\/wp-json\/wp\/v2\/tags?post=59813"}],"curies":[{"name":"wp","href":"https:\/\/api.w.org\/{rel}","templated":true}]}}