{"id":59828,"date":"2015-07-09T09:41:43","date_gmt":"2015-07-09T12:41:43","guid":{"rendered":"http:\/\/www.eltrabajo.cl\/portal\/?p=59828"},"modified":"2015-07-09T09:41:10","modified_gmt":"2015-07-09T12:41:10","slug":"doctor-rene-martinez-es-el-nuevo-hijo-ilustre-de-san-felipe-2015","status":"publish","type":"post","link":"https:\/\/eltrabajo.cl\/portal\/doctor-rene-martinez-es-el-nuevo-hijo-ilustre-de-san-felipe-2015\/","title":{"rendered":"Doctor Ren\u00e9 Mart\u00ednez es el nuevo Hijo Ilustre de San Felipe 2015"},"content":{"rendered":"<figure id=\"attachment_59829\" aria-describedby=\"caption-attachment-59829\" style=\"width: 300px\" class=\"wp-caption alignleft\"><a href=\"https:\/\/i0.wp.com\/www.eltrabajo.cl\/portal\/wp-content\/uploads\/2015\/07\/Rene-Martinez-2.jpg\"><img data-recalc-dims=\"1\" loading=\"lazy\" decoding=\"async\" class=\"wp-image-59829 size-medium\" src=\"https:\/\/i0.wp.com\/www.eltrabajo.cl\/portal\/wp-content\/uploads\/2015\/07\/Rene-Martinez-2-300x198.jpg?resize=300%2C198\" alt=\"Dr. Ren\u00e9 Mart\u00ednez: &quot;Me siento privilegiado con este honor&quot;.\" width=\"300\" height=\"198\" srcset=\"https:\/\/i0.wp.com\/eltrabajo.cl\/portal\/wp-content\/uploads\/2015\/07\/Rene-Martinez-2.jpg?resize=300%2C198&amp;ssl=1 300w, https:\/\/i0.wp.com\/eltrabajo.cl\/portal\/wp-content\/uploads\/2015\/07\/Rene-Martinez-2.jpg?resize=200%2C132&amp;ssl=1 200w, https:\/\/i0.wp.com\/eltrabajo.cl\/portal\/wp-content\/uploads\/2015\/07\/Rene-Martinez-2.jpg?resize=228%2C150&amp;ssl=1 228w, https:\/\/i0.wp.com\/eltrabajo.cl\/portal\/wp-content\/uploads\/2015\/07\/Rene-Martinez-2.jpg?resize=400%2C263&amp;ssl=1 400w, https:\/\/i0.wp.com\/eltrabajo.cl\/portal\/wp-content\/uploads\/2015\/07\/Rene-Martinez-2.jpg?w=530&amp;ssl=1 530w\" sizes=\"auto, (max-width: 300px) 100vw, 300px\" \/><\/a><figcaption id=\"caption-attachment-59829\" class=\"wp-caption-text\">Dr. Ren\u00e9 Mart\u00ednez: \u00abMe siento privilegiado con este honor\u00bb.<\/figcaption><\/figure>\n<ul>\n<li><strong>La ceremonia de premiaci\u00f3n se efectuar\u00e1 el viernes 31 de julio a las 19:00 horas en el teatro del Liceo Roberto Humeres.<\/strong><\/li>\n<\/ul>\n<p>La lista oficial de sanfelipe\u00f1os galardonados a t\u00edtulos de honor por parte de la Municipalidad de San Felipe, fue dada a conocer este mi\u00e9rcoles en el sal\u00f3n N\u00ba3 del municipio, luego que el alcalde Patricio Freire convocara a una conferencia de prensa, la que realiz\u00f3 al lado de sus concejales. Las personas e instituciones galardonadas ser\u00e1n premiadas p\u00fablicamente el viernes 31 de julio a las 19:00 horas en el teatro del Liceo Roberto Humeres.<br \/>\nEl honor como Hijo Ilustre 2015 este a\u00f1o recay\u00f3 sobre la persona del Doctor Ren\u00e9 Mart\u00ednez Barros, y el de Ciudadano Benem\u00e9rito, a la se\u00f1ora Ximena Rossat Arriagada. Esta premiaci\u00f3n se realizar\u00e1 en el marco del 275\u00ba Aniversario de nuestra ciudad.<\/p>\n<figure id=\"attachment_59830\" aria-describedby=\"caption-attachment-59830\" style=\"width: 300px\" class=\"wp-caption alignright\"><a href=\"https:\/\/i0.wp.com\/www.eltrabajo.cl\/portal\/wp-content\/uploads\/2015\/07\/Lista1.jpg\"><img data-recalc-dims=\"1\" loading=\"lazy\" decoding=\"async\" class=\"wp-image-59830 size-medium\" src=\"https:\/\/i0.wp.com\/www.eltrabajo.cl\/portal\/wp-content\/uploads\/2015\/07\/Lista1-300x198.jpg?resize=300%2C198\" alt=\"YA ES OFICIAL.- El alcalde Patricio Freire hizo p\u00fablica en conferencia de prensa y acompa\u00f1ado de varios concejales, la lista de nombres de personas e instituciones que ser\u00e1n premiadas el viernes31 de julio a las 19:00 horas en el teatro del Liceo Roberto Humeres.\" width=\"300\" height=\"198\" srcset=\"https:\/\/i0.wp.com\/eltrabajo.cl\/portal\/wp-content\/uploads\/2015\/07\/Lista1.jpg?resize=300%2C198&amp;ssl=1 300w, https:\/\/i0.wp.com\/eltrabajo.cl\/portal\/wp-content\/uploads\/2015\/07\/Lista1.jpg?resize=200%2C132&amp;ssl=1 200w, https:\/\/i0.wp.com\/eltrabajo.cl\/portal\/wp-content\/uploads\/2015\/07\/Lista1.jpg?resize=227%2C150&amp;ssl=1 227w, https:\/\/i0.wp.com\/eltrabajo.cl\/portal\/wp-content\/uploads\/2015\/07\/Lista1.jpg?resize=400%2C264&amp;ssl=1 400w, https:\/\/i0.wp.com\/eltrabajo.cl\/portal\/wp-content\/uploads\/2015\/07\/Lista1.jpg?w=530&amp;ssl=1 530w\" sizes=\"auto, (max-width: 300px) 100vw, 300px\" \/><\/a><figcaption id=\"caption-attachment-59830\" class=\"wp-caption-text\">YA ES OFICIAL.- El alcalde Patricio Freire hizo p\u00fablica en conferencia de prensa y acompa\u00f1ado de varios concejales, la lista de nombres de personas e instituciones que ser\u00e1n premiadas el viernes31 de julio a las 19:00 horas en el teatro del Liceo Roberto Humeres.<\/figcaption><\/figure>\n<p><strong>GALARDONADOS<\/strong><br \/>\nHijo Ilustre Ren\u00e9 Mart\u00ednez Barros; Visita Ilustre Ricardo Cifuentes Lillo; Ciudadano Ilustre Ximena Rossat Arriagada; Instituci\u00f3n Benem\u00e9rita, Asociaci\u00f3n de Suplementeros, Grupo Scout Sagrada Familia y Sapu; como Empresa Destacada, la galardonada es Amasander\u00eda Guru-Guru, La Giralda y Balneario Andacollo; Talento Joven corresponde a Maritzu P\u00e9rez y Jos\u00e9 Tomar Millard en balonmano; Constanza Gonz\u00e1lez en voleibol; Catalina P\u00e9rez y Gabriel Soto Contreras en b\u00e1squetbol.<br \/>\nEn Servicio P\u00fablico destacan Jovino Gallardo, Miriam Silva y Luis Moreno. Los Dirigentes Destacados 2015 son Mario Pe\u00f1a de la Junta de Vecinos Las Acacias; Jaime N\u00fa\u00f1ez como presidente del Consejo Salud Cesfam y Luis Inostroza de la JJ.VV. El Descanso.<br \/>\nEn Trayectoria Institucional, el honor es para la Asociaci\u00f3n de Pensionados Seguro Social; en Trayectoria Profesional es la contadora Sonia D\u00edaz Candia; en Trayectoria Educaci\u00f3n corresponde el honor a Ang\u00e9lica C\u00f3rdova; en Trayectoria Deportiva est\u00e1n Julio Torres Chinch\u00f3n, Hern\u00e1n Domingo y Antonio Villarroel.<\/p>\n<p><strong>DISTINCIONES<\/strong><br \/>\nEn Trayectoria Cultural figura Sombrerer\u00eda R\u00edo Aconcagua de Jorge Castro. Trayectoria Musical es para Juan Cabrera, del Bafova, Luis Monge del Orfe\u00f3n Aconcagua y el popular Rodolfo \u2018Pan de Leche\u2019 Su\u00e1rez y en Trayectoria Empresarial, tenemos a Librer\u00eda Caupolic\u00e1n. Las distinciones especiales son para Manuel Carvallo; do\u00f1a Hortensia P\u00e9rez y Motoqueros Chopers de San Felipe.<br \/>\nDistinci\u00f3n al Oficio para el zapatero Juan Molina; premio a las Comunidades para Roberto Mercado; Emprendimiento, Javier Donoso Silva, el popular \u2018Pekeco\u2019 y Cristopher Mu\u00f1oz. Vecinos destacados, Miriam Padilla y Juan V\u00e1squez.<br \/>\nLe ma\u00f1ana una rese\u00f1a especial y exclusiva de Diario El Trabajo sobre la vida y trayectoria profesional del Doctor Ren\u00e9 Mart\u00ednez Barros, nuevo Hijo Ilustre de nuestra ciudad.<br \/>\n<strong>Roberto Gonz\u00e1lez Short<\/strong><br \/>\n<strong>rgonzalez@eltrabajo.cl<\/strong><\/p>\n","protected":false},"excerpt":{"rendered":"<p>La ceremonia de premiaci\u00f3n se efectuar\u00e1 el viernes 31 de julio a las 19:00 horas en el teatro del Liceo Roberto Humeres. La lista oficial de sanfelipe\u00f1os galardonados a t\u00edtulos de honor&#8230;<\/p>\n","protected":false},"author":482,"featured_media":59829,"comment_status":"open","ping_status":"open","sticky":false,"template":"","format":"standard","meta":{"advanced_seo_description":"","jetpack_seo_html_title":"","jetpack_seo_noindex":false,"_jetpack_memberships_contains_paid_content":false,"footnotes":""},"categories":[15],"tags":[],"class_list":["post-59828","post","type-post","status-publish","format-standard","has-post-thumbnail","hentry","category-comunidad"],"jetpack_featured_media_url":"https:\/\/i0.wp.com\/eltrabajo.cl\/portal\/wp-content\/uploads\/2015\/07\/Rene-Martinez-2.jpg?fit=530%2C349&ssl=1","jetpack_sharing_enabled":true,"jetpack_likes_enabled":true,"jetpack-related-posts":[],"_links":{"self":[{"href":"https:\/\/eltrabajo.cl\/portal\/wp-json\/wp\/v2\/posts\/59828","targetHints":{"allow":["GET"]}}],"collection":[{"href":"https:\/\/eltrabajo.cl\/portal\/wp-json\/wp\/v2\/posts"}],"about":[{"href":"https:\/\/eltrabajo.cl\/portal\/wp-json\/wp\/v2\/types\/post"}],"author":[{"embeddable":true,"href":"https:\/\/eltrabajo.cl\/portal\/wp-json\/wp\/v2\/users\/482"}],"replies":[{"embeddable":true,"href":"https:\/\/eltrabajo.cl\/portal\/wp-json\/wp\/v2\/comments?post=59828"}],"version-history":[{"count":0,"href":"https:\/\/eltrabajo.cl\/portal\/wp-json\/wp\/v2\/posts\/59828\/revisions"}],"wp:featuredmedia":[{"embeddable":true,"href":"https:\/\/eltrabajo.cl\/portal\/wp-json\/wp\/v2\/media\/59829"}],"wp:attachment":[{"href":"https:\/\/eltrabajo.cl\/portal\/wp-json\/wp\/v2\/media?parent=59828"}],"wp:term":[{"taxonomy":"category","embeddable":true,"href":"https:\/\/eltrabajo.cl\/portal\/wp-json\/wp\/v2\/categories?post=59828"},{"taxonomy":"post_tag","embeddable":true,"href":"https:\/\/eltrabajo.cl\/portal\/wp-json\/wp\/v2\/tags?post=59828"}],"curies":[{"name":"wp","href":"https:\/\/api.w.org\/{rel}","templated":true}]}}