{"id":59833,"date":"2015-07-09T09:38:47","date_gmt":"2015-07-09T12:38:47","guid":{"rendered":"http:\/\/www.eltrabajo.cl\/portal\/?p=59833"},"modified":"2015-07-09T09:39:06","modified_gmt":"2015-07-09T12:39:06","slug":"recupero-su-libertad-para-asaltar-a-mano-armada-una-verduleria","status":"publish","type":"post","link":"https:\/\/eltrabajo.cl\/portal\/recupero-su-libertad-para-asaltar-a-mano-armada-una-verduleria\/","title":{"rendered":"Recuper\u00f3 su libertad para asaltar a mano armada una verduler\u00eda"},"content":{"rendered":"<figure id=\"attachment_59834\" aria-describedby=\"caption-attachment-59834\" style=\"width: 300px\" class=\"wp-caption alignleft\"><a href=\"https:\/\/i0.wp.com\/www.eltrabajo.cl\/portal\/wp-content\/uploads\/2015\/07\/PATELIJA.jpg\"><img data-recalc-dims=\"1\" loading=\"lazy\" decoding=\"async\" class=\"wp-image-59834 size-medium\" src=\"https:\/\/i0.wp.com\/www.eltrabajo.cl\/portal\/wp-content\/uploads\/2015\/07\/PATELIJA-300x198.jpg?resize=300%2C198\" alt=\"El antisocial conocido como \u2018Pate Lija\u2019 fue capturado por Carabineros de la Subcomisar\u00eda de Llay Llay tras protagonizar un robo a mano armada, intimidando al propietario de una verduler\u00eda para que hiciera entrega del dinero que manten\u00eda recaudado en la caja registradora.\" width=\"300\" height=\"198\" srcset=\"https:\/\/i0.wp.com\/eltrabajo.cl\/portal\/wp-content\/uploads\/2015\/07\/PATELIJA.jpg?resize=300%2C198&amp;ssl=1 300w, https:\/\/i0.wp.com\/eltrabajo.cl\/portal\/wp-content\/uploads\/2015\/07\/PATELIJA.jpg?resize=200%2C132&amp;ssl=1 200w, https:\/\/i0.wp.com\/eltrabajo.cl\/portal\/wp-content\/uploads\/2015\/07\/PATELIJA.jpg?resize=227%2C150&amp;ssl=1 227w, https:\/\/i0.wp.com\/eltrabajo.cl\/portal\/wp-content\/uploads\/2015\/07\/PATELIJA.jpg?resize=400%2C264&amp;ssl=1 400w, https:\/\/i0.wp.com\/eltrabajo.cl\/portal\/wp-content\/uploads\/2015\/07\/PATELIJA.jpg?w=530&amp;ssl=1 530w\" sizes=\"auto, (max-width: 300px) 100vw, 300px\" \/><\/a><figcaption id=\"caption-attachment-59834\" class=\"wp-caption-text\">El antisocial conocido como \u2018Pate Lija\u2019 fue capturado por Carabineros de la Subcomisar\u00eda de Llay Llay tras protagonizar un robo a mano armada, intimidando al propietario de una verduler\u00eda para que hiciera entrega del dinero que manten\u00eda recaudado en la caja registradora.<\/figcaption><\/figure>\n<ul>\n<li><strong>Pasado el mediod\u00eda de ayer, el propietario de una verduler\u00eda ubicada en avenida Balmaceda de la comuna de Llay Llay fue asaltado por un delincuente ampliamente conocido como \u2018Pate Lija\u2019, quien premunido de un arma de fuego intimid\u00f3 a la v\u00edctima para que hiciera entrega del dinero que manten\u00eda en la caja registradora.<\/strong><br \/>\nPremunido de un arma de fuego, un delincuente ampliamente conocido como \u2018Pate Lija\u2019 efectu\u00f3 un robo al irrumpir sorpresivamente al interior de una verduler\u00eda en la comuna de Llay Llay. El antisocial hab\u00eda intimidado al propietario con una pistola para que hiciera entrega del dinero que manten\u00eda en la caja registradora, arrojando una cantidad de $15.000.<br \/>\nLos hechos se produjeron pasado el mediod\u00eda de ayer mi\u00e9rcoles, cuando el afectado fue enca\u00f1onado por este peligroso delincuente, identificado como Jorge Parra Orellana perteneciente a un clan delictual denominado los \u2018Pate Lija\u2019, quien utilizando el arma de fuego se apoder\u00f3 del dinero en efectivo para posteriormente escapar en direcci\u00f3n desconocida.<\/li>\n<\/ul>\n<figure id=\"attachment_59835\" aria-describedby=\"caption-attachment-59835\" style=\"width: 300px\" class=\"wp-caption alignright\"><a href=\"https:\/\/i0.wp.com\/www.eltrabajo.cl\/portal\/wp-content\/uploads\/2015\/07\/Capitan-Felipe-Maureira.jpg\"><img data-recalc-dims=\"1\" loading=\"lazy\" decoding=\"async\" class=\"wp-image-59835 size-medium\" src=\"https:\/\/i0.wp.com\/www.eltrabajo.cl\/portal\/wp-content\/uploads\/2015\/07\/Capitan-Felipe-Maureira-300x197.jpg?resize=300%2C197\" alt=\"El Capit\u00e1n de Carabineros, Felipe Maureira destac\u00f3 la oportuna intervenci\u00f3n policial para capturar nuevamente a este peligroso antisocial que ser\u00e1 sometido a control de detenci\u00f3n el d\u00eda de hoy por la Fiscal\u00eda de San Felipe.\" width=\"300\" height=\"197\" srcset=\"https:\/\/i0.wp.com\/eltrabajo.cl\/portal\/wp-content\/uploads\/2015\/07\/Capitan-Felipe-Maureira.jpg?resize=300%2C197&amp;ssl=1 300w, https:\/\/i0.wp.com\/eltrabajo.cl\/portal\/wp-content\/uploads\/2015\/07\/Capitan-Felipe-Maureira.jpg?resize=200%2C131&amp;ssl=1 200w, https:\/\/i0.wp.com\/eltrabajo.cl\/portal\/wp-content\/uploads\/2015\/07\/Capitan-Felipe-Maureira.jpg?resize=228%2C150&amp;ssl=1 228w, https:\/\/i0.wp.com\/eltrabajo.cl\/portal\/wp-content\/uploads\/2015\/07\/Capitan-Felipe-Maureira.jpg?resize=400%2C263&amp;ssl=1 400w, https:\/\/i0.wp.com\/eltrabajo.cl\/portal\/wp-content\/uploads\/2015\/07\/Capitan-Felipe-Maureira.jpg?w=530&amp;ssl=1 530w\" sizes=\"auto, (max-width: 300px) 100vw, 300px\" \/><\/a><figcaption id=\"caption-attachment-59835\" class=\"wp-caption-text\">El Capit\u00e1n de Carabineros, Felipe Maureira destac\u00f3 la oportuna intervenci\u00f3n policial para capturar nuevamente a este peligroso antisocial que ser\u00e1 sometido a control de detenci\u00f3n el d\u00eda de hoy por la Fiscal\u00eda de San Felipe.<\/figcaption><\/figure>\n<p>Carabineros, tras recibir el llamado de auxilio del comerciante, inmediatamente inici\u00f3 un amplio operativo por distintas arterias de la comuna para la b\u00fasqueda del delincuente, quien luego de unos instantes fue divisado por los efectivos policiales ingresando a una vivienda particular, escapando luego hacia un estero ubicado en el sector Los Loros.<br \/>\nLos uniformados descendieron de las patrullas para lograr la reducci\u00f3n de este sujeto que se opon\u00eda a la detenci\u00f3n propinando golpes de pies y pu\u00f1os, siendo de igual forma esposado. En ese momento, Carabineros comprob\u00f3 que el detenido manten\u00eda el dinero y un cargador de pistola.<br \/>\nCabe se\u00f1alar que este avezado antisocial, con un amplio prontuario delictivo, cumpli\u00f3 una condena en la c\u00e1rcel, recuperando su libertad hace algunas semanas y reincidiendo una vez m\u00e1s al cometer delitos de esta naturaleza en la comuna de Llay Llay.<br \/>\nDentro de su historial delictivo, Parra Orellana fue denunciado por los vecinos de la Poblaci\u00f3n Chorrillos en esa misma comuna portando un arma de fuego con actitudes sospechosas, el pasado 6 de abril de este a\u00f1o. En aquella ocasi\u00f3n, Carabineros de la Subcomisar\u00eda de Llay Llay se traslado hasta ese lugar en b\u00fasqueda del ya conocido \u2018Pate Lija\u2019, siendo observado despoj\u00e1ndose de una mochila en la que portaba una gran cantidad de paltas y un arma a fogueo en el pasaje Los Aromos.<br \/>\nAl momento de ser aprehendido por la polic\u00eda, Parra Orellana comenz\u00f3 a golpear a dos funcionarios de Carabineros con golpes de pies y pu\u00f1os resultando los funcionarios con lesiones de car\u00e1cter leve.<\/p>\n<p>No obstante, tras la oportuna intervenci\u00f3n efectuada por Carabineros de la Subcomisar\u00eda de Llay Llay, el imputado Jorge Parra Orellana ser\u00e1 conducido hasta el Juzgado de Garant\u00eda de San Felipe para ser formalizado por el delito de robo con intimidaci\u00f3n por la Fiscal\u00eda el d\u00eda de hoy.<br \/>\nEl Capit\u00e1n de Carabineros, Felipe Maureira, inform\u00f3 a Diario El Trabajo que dentro del procedimiento policial se logr\u00f3 recuperar el dinero perteneciente a la v\u00edctima \u201cEste sujeto se despej\u00f3 del cuerpo del armamento, sin lograr ser hallada. Es un delincuente habitual ampliamente conocido en la comuna, manteniendo antecedentes por robos cometidos en esta misma localidad\u201d.<br \/>\n<strong>Pablo Salinas Sald\u00edas<\/strong><\/p>\n","protected":false},"excerpt":{"rendered":"<p>Pasado el mediod\u00eda de ayer, el propietario de una verduler\u00eda ubicada en avenida Balmaceda de la comuna de Llay Llay fue asaltado por un delincuente ampliamente conocido como \u2018Pate Lija\u2019, quien premunido&#8230;<\/p>\n","protected":false},"author":482,"featured_media":59834,"comment_status":"open","ping_status":"open","sticky":false,"template":"","format":"standard","meta":{"advanced_seo_description":"","jetpack_seo_html_title":"","jetpack_seo_noindex":false,"_jetpack_memberships_contains_paid_content":false,"footnotes":""},"categories":[21],"tags":[],"class_list":["post-59833","post","type-post","status-publish","format-standard","has-post-thumbnail","hentry","category-policial"],"jetpack_featured_media_url":"https:\/\/i0.wp.com\/eltrabajo.cl\/portal\/wp-content\/uploads\/2015\/07\/PATELIJA.jpg?fit=530%2C350&ssl=1","jetpack_sharing_enabled":true,"jetpack_likes_enabled":true,"jetpack-related-posts":[],"_links":{"self":[{"href":"https:\/\/eltrabajo.cl\/portal\/wp-json\/wp\/v2\/posts\/59833","targetHints":{"allow":["GET"]}}],"collection":[{"href":"https:\/\/eltrabajo.cl\/portal\/wp-json\/wp\/v2\/posts"}],"about":[{"href":"https:\/\/eltrabajo.cl\/portal\/wp-json\/wp\/v2\/types\/post"}],"author":[{"embeddable":true,"href":"https:\/\/eltrabajo.cl\/portal\/wp-json\/wp\/v2\/users\/482"}],"replies":[{"embeddable":true,"href":"https:\/\/eltrabajo.cl\/portal\/wp-json\/wp\/v2\/comments?post=59833"}],"version-history":[{"count":0,"href":"https:\/\/eltrabajo.cl\/portal\/wp-json\/wp\/v2\/posts\/59833\/revisions"}],"wp:featuredmedia":[{"embeddable":true,"href":"https:\/\/eltrabajo.cl\/portal\/wp-json\/wp\/v2\/media\/59834"}],"wp:attachment":[{"href":"https:\/\/eltrabajo.cl\/portal\/wp-json\/wp\/v2\/media?parent=59833"}],"wp:term":[{"taxonomy":"category","embeddable":true,"href":"https:\/\/eltrabajo.cl\/portal\/wp-json\/wp\/v2\/categories?post=59833"},{"taxonomy":"post_tag","embeddable":true,"href":"https:\/\/eltrabajo.cl\/portal\/wp-json\/wp\/v2\/tags?post=59833"}],"curies":[{"name":"wp","href":"https:\/\/api.w.org\/{rel}","templated":true}]}}